{"id":1320,"date":"2020-07-12T12:26:25","date_gmt":"2020-07-12T10:26:25","guid":{"rendered":"http:\/\/perinquiets.com\/?p=1320"},"modified":"2023-06-04T21:30:15","modified_gmt":"2023-06-04T19:30:15","slug":"la-rebaja-de-las-pensiones-que-viene","status":"publish","type":"post","link":"https:\/\/agroicultura.com\/general\/la-rebaja-de-las-pensiones-que-viene\/","title":{"rendered":"La rebaja de las pensiones que viene"},"content":{"rendered":"<p><em><a href=\"http:\/\/perinquiets.com\/wp-content\/uploads\/2020\/07\/pensiones2.jpg\"><img loading=\"lazy\" decoding=\"async\" class=\"alignright size-medium wp-image-1321\" src=\"https:\/\/agroicultura.com\/general\/wp-content\/uploads\/2023\/06\/pensiones2-400x328.jpg\" alt=\"\" width=\"400\" height=\"328\" \/><\/a>Art\u00edculo de<\/em> <strong>Vicente Torre<\/strong>s <em>publicado en &#8220;Informa Valencia&#8221; el 9 de julio de 2020, reproducido con permiso del autor.<\/em><\/p>\n<p>De forma recurrente se viene informando de que los pensionistas cobran m\u00e1s de lo que han cotizado durante su vida laboral. Si ello tiene como finalidad justificar el recorte que se avecina, es infame. Mientras el Estado incurra en gastos superfluos, cualquier asalto a los bolsillos de los pensionistas, como es el caso del IRPF, que no deber\u00edan pagar, es injusto. Solo cuando el Estado gaste \u00fanica y exclusivamente en aquellas instituciones u organismos que necesita para funcionar, podr\u00eda empezar a plantearse cualquier reducci\u00f3n a los pensionistas.<!--more--><\/p>\n<p>Todas las televisiones regionales y miles de chiringuitos deber\u00edan ser eliminados. Con una televisi\u00f3n p\u00fablica, con estatuto propio, independiente de los pol\u00edticos, y que garantice la neutralidad informativa es suficiente. Luego podr\u00eda tener sucursales regionales, con las mismas condiciones de independencia y neutralidad. Eso conllevar\u00eda un salto cualitativo en calidad democr\u00e1tica y un ahorro considerable para las arcas p\u00fablicas<\/p>\n<p>Pero el ahorro no deber\u00eda acabar ah\u00ed. Hay una gran cantidad de organismos que son r\u00e9plicas de los centrales que, obviamente, sobran. El ciudadano no tiene el por qu\u00e9 pagar con sus impuestos los altos salarios de quienes encuentran acomodo en estos sitios, habilitados de forma abusiva para el contribuyente, al que primero se le pide el voto y cuando lo da comprueba que se usa en contra suya. Los pol\u00edticos espa\u00f1oles no piensan que est\u00e1n al servicio de los ciudadanos, sino que se creen un escal\u00f3n por encima. Al hablar de los pensionistas conviene tener en cuenta tambi\u00e9n que muchos cotizantes no llegan a percibir pensi\u00f3n, porque fallecen antes de jubilarse y buena parte de ellos la disfrutan durante poco tiempo por el mismo motivo. Los m\u00e1s longevos tienen la mala suerte de que sus pensiones ya no llegan para cubrir sus necesidades, pero es que, adem\u00e1s, perciben que se les ha adjudicado la condici\u00f3n de estorbo. Es malo para cualquier pa\u00eds que despu\u00e9s de haber trabajado toda la vida, el trabajador en lugar de disfrutar con j\u00fabilo la jubilaci\u00f3n reciba maltrato del propio Estado que ha ayudado a mantener.<\/p>\n","protected":false},"excerpt":{"rendered":"<p>Art\u00edculo de Vicente Torres publicado en &#8220;Informa Valencia&#8221; el 9 de julio de 2020, reproducido con permiso del autor. De forma recurrente se viene informando de que los pensionistas cobran m\u00e1s de lo que han cotizado durante su vida laboral. Si ello tiene como finalidad justificar el recorte que se avecina, es infame. Mientras el [&hellip;]<\/p>\n","protected":false},"author":3,"featured_media":0,"comment_status":"open","ping_status":"open","sticky":false,"template":"","format":"standard","meta":{"footnotes":"","jetpack_publicize_message":"","jetpack_publicize_feature_enabled":true,"jetpack_social_post_already_shared":false,"jetpack_social_options":{"image_generator_settings":{"template":"highway","default_image_id":0,"font":"","enabled":false},"version":2}},"categories":[525],"tags":[],"class_list":["post-1320","post","type-post","status-publish","format-standard","hentry","category-bitacora-y-apuntes"],"jetpack_publicize_connections":[],"jetpack_featured_media_url":"","jetpack_shortlink":"https:\/\/wp.me\/p4Dh6a-li","jetpack-related-posts":[],"_links":{"self":[{"href":"https:\/\/agroicultura.com\/general\/wp-json\/wp\/v2\/posts\/1320","targetHints":{"allow":["GET"]}}],"collection":[{"href":"https:\/\/agroicultura.com\/general\/wp-json\/wp\/v2\/posts"}],"about":[{"href":"https:\/\/agroicultura.com\/general\/wp-json\/wp\/v2\/types\/post"}],"author":[{"embeddable":true,"href":"https:\/\/agroicultura.com\/general\/wp-json\/wp\/v2\/users\/3"}],"replies":[{"embeddable":true,"href":"https:\/\/agroicultura.com\/general\/wp-json\/wp\/v2\/comments?post=1320"}],"version-history":[{"count":1,"href":"https:\/\/agroicultura.com\/general\/wp-json\/wp\/v2\/posts\/1320\/revisions"}],"predecessor-version":[{"id":15992,"href":"https:\/\/agroicultura.com\/general\/wp-json\/wp\/v2\/posts\/1320\/revisions\/15992"}],"wp:attachment":[{"href":"https:\/\/agroicultura.com\/general\/wp-json\/wp\/v2\/media?parent=1320"}],"wp:term":[{"taxonomy":"category","embeddable":true,"href":"https:\/\/agroicultura.com\/general\/wp-json\/wp\/v2\/categories?post=1320"},{"taxonomy":"post_tag","embeddable":true,"href":"https:\/\/agroicultura.com\/general\/wp-json\/wp\/v2\/tags?post=1320"}],"curies":[{"name":"wp","href":"https:\/\/api.w.org\/{rel}","templated":true}]}}