{"id":13243,"date":"2020-07-15T10:08:04","date_gmt":"2020-07-15T08:08:04","guid":{"rendered":"https:\/\/agroicultura.com\/general\/?p=13243"},"modified":"2023-04-23T13:20:15","modified_gmt":"2023-04-23T11:20:15","slug":"la-espana-ausente","status":"publish","type":"post","link":"https:\/\/agroicultura.com\/general\/la-espana-ausente\/","title":{"rendered":"Una Espa\u00f1a ausente"},"content":{"rendered":"<div class=\"wpb-content-wrapper\"><p>[vc_row][vc_column]<div class=\"text-block\" ><div class=\"simple-text size-4\"><p>Un art\u00edculo de <b>Fernando Bell\u00f3n<\/b>, editor de Agroicultura-Perinquiets<\/p>\n<p>He pasado unos d\u00edas en Andaluc\u00eda con familiares de mi mujer. He soportado el calor sin excesivo sufrimiento. He paseado con placer por una Sevilla vac\u00eda de turistas, quiero de decir libre de los enjambres de personas (yo, fui una de ellas) que antes ocupaban las plazas, calles, terrazas, jardines, museos, torres, bares de tapas, restaurantes&#8230; Ignoro si volveremos a esa saturaci\u00f3n. No la echo de menos. Los emprendedores del sector tur\u00edstico deben de estar ingeniando remedios a su cercenado negocio. Ojal\u00e1 los encuentren.<\/p>\n<p>Tambi\u00e9n he mirado a ratos la televisi\u00f3n auton\u00f3mica. Y esto me ha hecho reflexionar sobre un tema que la mayor\u00eda de la poblaci\u00f3n considera menor, y una minor\u00eda de esa mayor\u00eda se esfuerza en procurar: la ausencia de Espa\u00f1a y de lo espa\u00f1ol en la vida cotidiana de los ciudadanos espa\u00f1oles. La autonom\u00eda, la provincia, el pueblo, han sustituido la realidad nacional espa\u00f1ola.<\/p>\n<p>Esto se observa de modo palmario en los medios de comunicaci\u00f3n, y con menos evidencias pero mayor fuerza configuradora en la educaci\u00f3n.<\/p>\n<p>El problema no es s\u00f3lo espa\u00f1ol, se da en toda Europa. Sin embargo en nuestro pa\u00eds es m\u00e1s grave a causa de siglos de Leyenda Negra, de la Ilustraci\u00f3n que la crey\u00f3 y la difundi\u00f3, la ruina y p\u00e9rdida del Imperio, generaciones que basaron la regeneraci\u00f3n espa\u00f1ola en la desconfianza a nuestra historia y a nuestro pasado, y las \u00faltimas oleadas de intelectuales y personas ilustradas que niegan su identidad. \u201cEspa\u00f1a no tiene remedio\u201d, \u201csi pudiera me iba a otro pa\u00eds\u201d, \u201cme da verg\u00fcenza ser espa\u00f1ol\u201d o directamente \u201cno quiero ser espa\u00f1ol, y de hecho soy andaluz, gallego, extreme\u00f1o, manchego, catal\u00e1n, vasco o leon\u00e9s&#8230;\u201d<\/p>\n<p>Esto es patol\u00f3gico, es t\u00f3xico. Un estado que fomenta la carcoma est\u00e1 condenado a pudrirse.<\/p>\n<p>Dec\u00eda que no somos los espa\u00f1oles los \u00fanicos reos de cr\u00edmenes de lesa patria autorizados por la ley y la costumbre. Por lo que conozco de la Rep\u00fablica Federal Alemana, sentirse orgulloso de ser alem\u00e1n causa inquietud en quien lo escucha, porque ser alem\u00e1n supone asumir toda la historia de Alemania. Esto, en p\u00fablico, porque en privado o <i>sotovoce<\/i>, casi todos los alemanes est\u00e1n muy a gusto si\u00e9ndolo, y sienten que son \u201csuperiores\u201d a otros centroeuropeos, en el sentido de que hacen las cosas mejor y viven mejor.<\/p>\n<p>En Francia no se llega a tanto, pero m\u00e1s por inercia de pa\u00eds centralista que por convencimiento. Solo hay que ver las series de intriga que produce la televisi\u00f3n francesa (junto con la belga y la suiza, cosa curiosa) en las que muestra como subtrama escenarios y costumbres de las distintas regiones del Hex\u00e1gono. La \u201cinercia centralista\u201d se manifiesta en que no hay polic\u00eda local, sino <i>Gendarmerie<\/i> o <i>Police National<\/i>, ambas estatales. Los franceses del siglo XIX y XX\u00a0 han ganado guerras a costa de la ayuda de otros. Esto prueba que la <i>Patrie<\/i> y la <em>grandeur<\/em> <i>francesas<\/i> son un gigante con pies de barro.<\/p>\n<p>Cabe advertir que en Alemania hay polic\u00edas \u201cauton\u00f3micas\u201d (<i>Landespolizei<\/i>), pero no por afecto a lo local, sino porque cuando se constituy\u00f3 despu\u00e9s de la guerra, los vencedores procuraron desarmar f\u00edsicamente al Estado Alem\u00e1n. De hecho lo que se conoce hoy por <i>Bundespolizei,<\/i> hasta incluso despu\u00e9s de la uni\u00f3n de las dos Alemanias era la <i>Bundesgrenzschutz<\/i>, polic\u00eda de fronteras.<\/p>\n<p>El Mercado Com\u00fan se transform\u00f3 en Uni\u00f3n Europea, despu\u00e9s de sucesivos pasos intermedios, con la idea fant\u00e1stica de construir una \u201cEuropa Federal\u201d, es decir, compuesta de regiones desarticuladas de sus estados nacionales. Desde luego, las \u201cConstituciones\u201d europeas que se han pactado una detr\u00e1s de otra no reconocen tal cosa. Pero la idea forma parte de los so\u00f1adores del \u201ceuropeismo\u201d, algo vaporoso como el barcelonismo, el madridismo o el sevillismo.<\/p>\n<p>Conviene recordar que el nacionalismo de los estados europeos se ha cargado de una mala fama prefabricada con la peor intenci\u00f3n. Las dos guerras mundiales se atribuyen al \u201cnacionalismo\u201d, sin reparar en c\u00f3mo y por qu\u00e9 estallaron y se combatieron. De modo que hoy en d\u00eda, a los nuevos partidos pol\u00edticos nacionales que se confiesan as\u00ed, o colocan la denominaci\u00f3n del pa\u00eds en sus siglas, se les identifica con la extrema derecha. Esto es por completo un prejuicio. Cuando se constituye el edificio pol\u00edtico alem\u00e1n en 1949, se organizan el <i>Christlich Demokratische Union Deutschlands <\/i>(Uni\u00f3n Cristianodem\u00f3crata de Alemania), y el <i>Sozialdemokratische Partei Deutschlands<\/i> (Partido Socialdem\u00f3crata de Alemania). Habr\u00eda sido idiota suprimir el <i>Deutschlands<\/i>, Alemania, del t\u00edtulo, porque no habr\u00edan resultado cre\u00edbles, Alemania, aunque derrotada y en ruinas, era un Estado, joven por cierto, en relaci\u00f3n con Francia, y m\u00e1s todav\u00eda con Espa\u00f1a o Portugal.<\/p>\n<p>En la \u00faltima etapa de la Uni\u00f3n Europea, la del Euro, el maquillaje \u201cdesnacionalizador\u201d se ha expandido como una mancha de aceite, y a aquellos partidos o ciudadanos que no han pasado por el aro se les ha colgado del cuello el neum\u00e1tico ardiente de extrema derecha o de fascistas. Seg\u00fan esta l\u00f3gica los griegos de Siritza ser\u00edan fachas, porque defend\u00edan los intereses de sus ciudadanos.<\/p>\n<p>Los que m\u00e1s insisten en que la econom\u00eda, los mercados, el libre comercio, la eliminaci\u00f3n de los aranceles y las fronteras tributarias se impongan cuanto antes, sin que los gobiernos nacionales obstaculicen esta carrera, tienen el objetivo de minar los poderes de los estados, para que la acci\u00f3n pol\u00edtica se degrade, se disuelva, desaparezca en beneficio de un gobierno mundial que se proclamar\u00eda por unanimidad democr\u00e1tica, por refer\u00e9ndum, por plebiscito o algo as\u00ed.<\/p>\n<p>No hay ninguna conspiraci\u00f3n detr\u00e1s de esto, es una idea absurda, irrealizable, pero que beneficia a los grandes industriales y financieros, a quienes la globalizaci\u00f3n de la econom\u00eda les parece la antesala del gobierno mundial, pero saben que los intereses nacionales son una barrera insalvable.<\/p>\n<p>El argumento debelador de la estrategia mundialista est\u00e1 siendo debatido estos d\u00edas por la <a href=\"http:\/\/www.fgbueno.es\/\">Fundaci\u00f3n Gustavo Bueno<\/a> en di\u00e1logos grabados y transmitidos por You Tube. El Materialismo Filos\u00f3fico (Filomat) no es el \u00fanico instrumento triturador de falsedades, pero s\u00ed es el m\u00e1s contundente.<\/p>\n<p>El Filomat sostiene con argumentos y razones bien construidas que el Estado es la pieza clave en la convivencia de las sociedades humanas pol\u00edticas que lo alumbran.<\/p>\n<p>El Estado es el resultado del encuentro no arm\u00f3nico de dos o m\u00e1s sociedades pol\u00edticas primarias previas. El Estado es un territorio defendido con l\u00edmites definidos, con una clase gobernante y unas normas escritas que deben ser cumplidas bajo amenaza o coacci\u00f3n. El Estado no es un invento de las clases dominantes. La pol\u00edtica es todo aquello que aparece ordenado al planteamiento y subsistencia de una sociedad globalmente considerada.<\/p>\n<p>Esta s\u00edntesis est\u00e1 tomada de una conferencia sobre Filomat dictada por el fil\u00f3sofo Sergio Vicente Burguillo de \u201c<a href=\"https:\/\/www.youtube.com\/watch?v=t_c-0JgVTnI\">Introducci\u00f3n a la filosof\u00eda de Gustavo Bueno<\/a>\u201d. Las grabaciones que puede ver el lector en YouTube se encuentran en la serie \u201cTeatro Cr\u00edtico\u201d, en concreto \u201c<a href=\"https:\/\/www.youtube.com\/watch?v=2C9K8zpZdpU&amp;list=PLS3wjO1I7ME8CfKol0kokutv8b63jqVud&amp;index=6\">Patriotismo Vs Internacionalilsmo<\/a>\u201d, \u201c<a href=\"https:\/\/www.youtube.com\/watch?v=WbpNxFHbjVk&amp;list=PLS3wjO1I7ME8CfKol0kokutv8b63jqVud&amp;index=8\">Internacionalismo Vs Patriotismo<\/a>\u201d, y \u201c<a href=\"https:\/\/www.youtube.com\/watch?v=5enCIM8UZok&amp;list=PLS3wjO1I7ME8CfKol0kokutv8b63jqVud&amp;index=11&amp;t=5s\">La geopol\u00edtica tras la pandemia<\/a>\u201d.<\/p>\n<p>Partiendo de una polis, un nomo, una confederaci\u00f3n de tribus, llega al estado nacional de los ciudadanos en el siglo XIX, y no hay ning\u00fan elemento superior a \u00e9l capaz de organizar a los seres humanos. Ha habido imperios, entre otros y de los m\u00e1s universales, fuertes y generadores de beneficios, el espa\u00f1ol. Pero la posibilidad de que aparezca un poder universal y unificador est\u00e1 lejos de nuestras posibilidades actuales. Eso no quiere decir que jam\u00e1s lo haya, pero se construir\u00e1 poco a poco y necesitar\u00e1 el consenso de los estados actuales y de sus ciudadanos. Lo que s\u00ed ha habido es instituciones totalizadoras, por ejemplo, la Iglesia Cat\u00f3lica, que han levantado una teolog\u00eda, una ontolog\u00eda y una filosof\u00eda general de prop\u00f3sito universal. Y lo hizo sin enfrentarse a muerte con los estados, sino en conflicto dial\u00e9ctico con ellos, y llegando con frecuencia a entendimientos transitorios y parciales.<\/p>\n<p>El prop\u00f3sito alternativo de los mundialistas es utilizar su poder y su influencia para demoler los estados, y se ayudan de todo tipo de argumentos que les beneficien, aunque sean contrarios a sus objetivos de dominio planetario de la humanidad. Por ejemplo, el liberalismo a ultranza, opuesto a la regularizaci\u00f3n estatal. Por ejemplo, el llamado populismo de izquierdas (chavismo, indigenismo, podemismo) que pretende poner patas arriba la historia, y la filosof\u00eda pol\u00edtica para establecer despotismos inoperantes y destructivos.<\/p>\n<p>Resulta desconcertante a los creyentes en el universalismo y en la paz perpetua que ciertos pa\u00edses y ciertos gobernantes que se enfrentan a la tendencia uniformadora de la Uni\u00f3n Europea sean de derechas o \u201cfachas\u201d. Seg\u00fan su creencia, s\u00f3lo la izquierda (la suya, divagante, difusa) es capaz y est\u00e1 autorizada para organizar el mundo de otra manera. Polonia y Hungr\u00eda no tienen empacho en llamar a las cosas por su nombre, y en dudar de la bondad cong\u00e9nita de la Uni\u00f3n, luego sus dirigentes son fachas. Y el colmo del desconcierto es la China llamada comunista. \u00bfEntonces no son comunistas?, se preguntan hechos un l\u00edo. La Rusia de Putin, que dej\u00f3 de ser comunista hace tiempo merced al oficio de Gorbachov, tambi\u00e9n les descoloca, pero no importa porque todo se debe a la personalidad dictatorial de su l\u00edder. Se est\u00e1n forjando en estos momentos nuevos imperios, y el que triunfe se zampar\u00e1 m\u00e1s de un estado hoy s\u00f3lido.<\/p>\n<p>Para el Materialismo Filos\u00f3fico las contradicciones de una sociedad no se explican con etiquetas, sino descifrando los conflictos que vive en cada momento. Ni Boris Jonhson es un borracho empedernido, ni Trump un ser despreciable al que hay que echar de la Casa Blanca a toda costa. Ni Putin es un chulo p\u00e9rfido, ni Li Ping un astuto Fu Man Ch\u00fa redivivo. Son personajes que han conseguido imponer orden y estabilidad en su sociedad, cada uno usando los instrumentos a su alcance, y no con las palancas del mito Democracia (salvo Trump, lo que m\u00e1s fastidi\u00f3 a Hillary Clinton). La democracia es una idea que se representa de muchas y diferentes maneras en las sociedades humanas, no de acuerdo a un modelo \u00fanico.<\/p>\n<p>Viajar de Valencia a Sevilla o viceversa te obliga a atravesar la estepa espa\u00f1ola. Da igual la estaci\u00f3n del a\u00f1o, lo que ves por todos lados es la llanura manchega limitada por la Sierra Morena. Hacia el sur, el paisaje se hace m\u00e1s ameno gracias a los valles del Guadiana y del Guadalquivir. Fue este paisaje escenario de contiendas por la tierra, que finalmente los cristianos arrebataron a los musulmanes, y configuraron a Espa\u00f1a contra el Islam.<\/p>\n<p>Y lo m\u00e1s sobrecogedor de este viaje es pasmarse por el descubrimiento y cristianizaci\u00f3n de las Am\u00e9ricas, desde la Patagonia a Alaska. \u00bfC\u00f3mo es posible que de estas tierras quemadas, pobres, antip\u00e1ticas si se las compara con las campi\u00f1as francesa o alemana, salieran personas capaces de construir un Imperio? Los conquistadores hoy denostados eran pastores, campesinos nacidos en el inmenso secarral espa\u00f1ol, feroces si se quiere, aunque no tuvieron inconveniente en mezclarse con ind\u00edgenas, al contrario que los puritanos ingleses que exterminaron tribus para consolidar colonias, algo que el imperio espa\u00f1ol nunca tuvo, porque la actual Hispanoam\u00e9rica fueron virreinatos y territorio espa\u00f1ol, seg\u00fan proclama la Constituci\u00f3n de 1812.\u00a0Y tambi\u00e9n hubo cl\u00e9rigos muy capacitados que fundaron las primeras universidades en tierra americana, y unas Leyes de Indias dictadas por la Corona que fueron el sost\u00e9n de un imperio que dur\u00f3 tres siglos.<\/p>\n<p>El imperio espa\u00f1ol fue el primero en poder ser catalogado de universal o planetario, y lo crearon y sostuvieron \u201cpaletos\u201d de todas las tierras de Espa\u00f1a, una Espa\u00f1a de la que somos herederos, de sus logros y de sus atrocidades. Yo no me averg\u00fcenzo de ser espa\u00f1ol, agradezco al azar haber nacido en una naci\u00f3n que ha dado lengua y cultura a cuatrocientos y pico millones de personas. Y conf\u00edo en que mis nietos nacidos en Alemania jam\u00e1s se averg\u00fcencen ni de su patria alemana ni de su patria espa\u00f1ola.<\/p>\n<p>.<\/p>\n<\/div><\/div>[\/vc_column][\/vc_row][vc_row][vc_column]<div  class=\"empty-space  marg-lg-b20\"><\/div>[vc_btn title=&#8221;Lea o desc\u00e1rguese el art\u00edculo en PDF&#8221; color=&#8221;info&#8221; align=&#8221;center&#8221; i_icon_fontawesome=&#8221;fa fa-file-pdf-o&#8221; button_block=&#8221;true&#8221; add_icon=&#8221;true&#8221; link=&#8221;url:https%3A%2F%2Fagroicultura.com%2Fgeneral%2Fwp-content%2Fuploads%2F2020%2F07%2FEspana-ausente.pdf||target:%20_blank|&#8221;]<div  class=\"empty-space  marg-lg-b20\"><\/div>[\/vc_column][\/vc_row]<\/p>\n<\/div>","protected":false},"excerpt":{"rendered":"<p>[vc_row][vc_column][\/vc_column][\/vc_row][vc_row][vc_column][vc_btn title=&#8221;Lea o desc\u00e1rguese el art\u00edculo en PDF&#8221; color=&#8221;info&#8221; align=&#8221;center&#8221; i_icon_fontawesome=&#8221;fa fa-file-pdf-o&#8221; button_block=&#8221;true&#8221; add_icon=&#8221;true&#8221; link=&#8221;url:https%3A%2F%2Fagroicultura.com%2Fgeneral%2Fwp-content%2Fuploads%2F2020%2F07%2FEspana-ausente.pdf||target:%20_blank|&#8221;][\/vc_column][\/vc_row]<\/p>\n","protected":false},"author":2,"featured_media":13244,"comment_status":"open","ping_status":"closed","sticky":false,"template":"","format":"standard","meta":{"footnotes":"","jetpack_publicize_message":"","jetpack_publicize_feature_enabled":true,"jetpack_social_post_already_shared":true,"jetpack_social_options":{"image_generator_settings":{"template":"highway","default_image_id":0,"font":"","enabled":false},"version":2}},"categories":[25],"tags":[],"class_list":["post-13243","post","type-post","status-publish","format-standard","has-post-thumbnail","hentry","category-cultura-y-comunicacion"],"jetpack_publicize_connections":[],"jetpack_featured_media_url":"https:\/\/agroicultura.com\/general\/wp-content\/uploads\/2020\/07\/Valencia-San-Juan-3.jpg","jetpack_shortlink":"https:\/\/wp.me\/p4Dh6a-3rB","jetpack-related-posts":[],"_links":{"self":[{"href":"https:\/\/agroicultura.com\/general\/wp-json\/wp\/v2\/posts\/13243","targetHints":{"allow":["GET"]}}],"collection":[{"href":"https:\/\/agroicultura.com\/general\/wp-json\/wp\/v2\/posts"}],"about":[{"href":"https:\/\/agroicultura.com\/general\/wp-json\/wp\/v2\/types\/post"}],"author":[{"embeddable":true,"href":"https:\/\/agroicultura.com\/general\/wp-json\/wp\/v2\/users\/2"}],"replies":[{"embeddable":true,"href":"https:\/\/agroicultura.com\/general\/wp-json\/wp\/v2\/comments?post=13243"}],"version-history":[{"count":6,"href":"https:\/\/agroicultura.com\/general\/wp-json\/wp\/v2\/posts\/13243\/revisions"}],"predecessor-version":[{"id":15759,"href":"https:\/\/agroicultura.com\/general\/wp-json\/wp\/v2\/posts\/13243\/revisions\/15759"}],"wp:featuredmedia":[{"embeddable":true,"href":"https:\/\/agroicultura.com\/general\/wp-json\/wp\/v2\/media\/13244"}],"wp:attachment":[{"href":"https:\/\/agroicultura.com\/general\/wp-json\/wp\/v2\/media?parent=13243"}],"wp:term":[{"taxonomy":"category","embeddable":true,"href":"https:\/\/agroicultura.com\/general\/wp-json\/wp\/v2\/categories?post=13243"},{"taxonomy":"post_tag","embeddable":true,"href":"https:\/\/agroicultura.com\/general\/wp-json\/wp\/v2\/tags?post=13243"}],"curies":[{"name":"wp","href":"https:\/\/api.w.org\/{rel}","templated":true}]}}