{"id":13300,"date":"2020-08-15T11:10:06","date_gmt":"2020-08-15T09:10:06","guid":{"rendered":"https:\/\/agroicultura.com\/general\/?p=13300"},"modified":"2020-09-28T20:35:10","modified_gmt":"2020-09-28T18:35:10","slug":"el-futuro-trabajador-del-comunismo-se-forja-en-valencia-ii","status":"publish","type":"post","link":"https:\/\/agroicultura.com\/general\/el-futuro-trabajador-del-comunismo-se-forja-en-valencia-ii\/","title":{"rendered":"El futuro trabajador del comunismo se forja en Valencia (II)"},"content":{"rendered":"<div class=\"wpb-content-wrapper\"><p>[vc_row][vc_column][vc_single_image image=&#8221;13309&#8243; img_size=&#8221;large&#8221; add_caption=&#8221;yes&#8221; alignment=&#8221;center&#8221;]<div class=\"text-block\" ><div class=\"simple-text size-4\"><p>Ofrecemos en esta segunda entrega el cap\u00edtulo 4 del trabajo fin de m\u00e1ster de Javier Parra. En \u00e9l (v\u00e9ase el PDF al final del art\u00edculo) explica con documentos y fotograf\u00edas de los a\u00f1os 70 el proyecto de Jose Renau titulado &#8220;El Futuro Trabajador del Comunismo&#8221;. Javier Parra expone los antecedentes del mural, se\u00f1alando referencias de alto calado art\u00edstico e hist\u00f3rico como los <strong>Pantocrator<\/strong> medievales, la obra de Durero, y tambi\u00e9n se\u00f1ala con agudeza el mural de Diego Rivera de 1933 \u201cMirando con esperanza y alta visi\u00f3n a la elecci\u00f3n de un nuevo y mejor futuro\u201d. Este mural, colocado en el Rockefeller Center de Nueva York, fue desmontado porque Rivera hab\u00eda colocado en \u00e9l a Lenin, y Renau tom\u00f3 de \u00e9l la imagen central de un hombre dominador de la t\u00e9cnica. Javier Parra describe los materiales, la perspectiva, el prop\u00f3sito pol\u00edtico de Renau, y las dificultades entre burocr\u00e1ticas e ideol\u00f3gicas que encontr\u00f3 y que dejaron el mural en mero proyecto. Un proyecto que Javier ha recogido y est\u00e1 realizando por su cuenta y a su costa.<\/p>\n<p>Un panel de siete metros de alto por cuatro y medio de ancho, realizado en cinco filas de tres paneles cada una, que pinta de fila en fila, y va uniendo y ajustando seg\u00fan acaba la fila. La base son tableros de contrachapado de 1,50 por 1,40, y utiliza pintura acr\u00edlica de los 23 colores especificados por Renau en su memoria de proyecto. Trabaja con pincel, y utilizando cinta de carrocero para marcar los l\u00edmites de las formas y proteger los colores. Ofrecemos una serie de fotograf\u00edas donde se observa el proceso.<\/p>\n<p><a href=\"https:\/\/apuntmedia.es\/va\/stv-a-punt-ntc\/noticies\/cultura\/video-un-mural-inacabat-de-renau-es-materialitza-a-la-ciutat-de-lartista-faller-de-valencia\" target=\"_blank\" rel=\"noopener noreferrer\">En este enlace puede verse un corto reportaje del trabajo de Javier en el Informatiu de A Punt.<\/a><\/p>\n<\/div><\/div>[vc_single_image image=&#8221;13306&#8243; img_size=&#8221;large&#8221; add_caption=&#8221;yes&#8221; alignment=&#8221;center&#8221;][vc_single_image image=&#8221;13307&#8243; img_size=&#8221;large&#8221; add_caption=&#8221;yes&#8221; alignment=&#8221;center&#8221;][vc_single_image image=&#8221;13308&#8243; img_size=&#8221;large&#8221; add_caption=&#8221;yes&#8221; alignment=&#8221;center&#8221;][vc_single_image image=&#8221;13305&#8243; img_size=&#8221;large&#8221; add_caption=&#8221;yes&#8221; alignment=&#8221;center&#8221;][vc_single_image image=&#8221;13304&#8243; img_size=&#8221;large&#8221; add_caption=&#8221;yes&#8221; alignment=&#8221;center&#8221;]<div class=\"text-block\" ><div class=\"simple-text size-4\"><p><span style=\"color: #339966;\">Enlaces a otros cap\u00edtulos.<\/span><\/p>\n<p><a href=\"https:\/\/agroicultura.com\/general\/el-futuro-trabajador-del-comunismo-se-forja-en-valencia\/\" target=\"_blank\" rel=\"noopener noreferrer\">El futuro trabajador del comunismo se forja en Valencia (I)<\/a><\/p>\n<p><a href=\"https:\/\/agroicultura.com\/general\/el-futuro-trabajador-del-comunismo-se-forja-en-valencia-y-iii\/\" target=\"_blank\" rel=\"noopener noreferrer\">El futuro trabajador del comunismo se forja en Valencia (III)<\/a><\/p>\n<\/div><\/div>[\/vc_column][\/vc_row][vc_row][vc_column]<div  class=\"empty-space  marg-lg-b20\"><\/div>[vc_btn title=&#8221;PDF con el cap\u00edtulo cuatro del trabajo fin de m\u00e1ster&#8221; color=&#8221;info&#8221; align=&#8221;center&#8221; i_icon_fontawesome=&#8221;fa fa-file-pdf-o&#8221; button_block=&#8221;true&#8221; add_icon=&#8221;true&#8221; link=&#8221;url:https%3A%2F%2Fagroicultura.com%2Fgeneral%2Fwp-content%2Fuploads%2F2020%2F08%2Fcapitulo4.pdf||target:%20_blank|&#8221;]<div  class=\"empty-space  marg-lg-b20\"><\/div>[\/vc_column][\/vc_row]<\/p>\n<\/div>","protected":false},"excerpt":{"rendered":"<p>[vc_row][vc_column][vc_single_image image=&#8221;13309&#8243; img_size=&#8221;large&#8221; add_caption=&#8221;yes&#8221; alignment=&#8221;center&#8221;][vc_single_image image=&#8221;13306&#8243; img_size=&#8221;large&#8221; add_caption=&#8221;yes&#8221; alignment=&#8221;center&#8221;][vc_single_image image=&#8221;13307&#8243; img_size=&#8221;large&#8221; add_caption=&#8221;yes&#8221; alignment=&#8221;center&#8221;][vc_single_image image=&#8221;13308&#8243; img_size=&#8221;large&#8221; add_caption=&#8221;yes&#8221; alignment=&#8221;center&#8221;][vc_single_image image=&#8221;13305&#8243; img_size=&#8221;large&#8221; add_caption=&#8221;yes&#8221; alignment=&#8221;center&#8221;][vc_single_image image=&#8221;13304&#8243; img_size=&#8221;large&#8221; add_caption=&#8221;yes&#8221; alignment=&#8221;center&#8221;][\/vc_column][\/vc_row][vc_row][vc_column][vc_btn title=&#8221;PDF con el cap\u00edtulo cuatro del trabajo fin de m\u00e1ster&#8221; color=&#8221;info&#8221; align=&#8221;center&#8221; i_icon_fontawesome=&#8221;fa fa-file-pdf-o&#8221; button_block=&#8221;true&#8221; add_icon=&#8221;true&#8221; link=&#8221;url:https%3A%2F%2Fagroicultura.com%2Fgeneral%2Fwp-content%2Fuploads%2F2020%2F08%2Fcapitulo4.pdf||target:%20_blank|&#8221;][\/vc_column][\/vc_row]<\/p>\n","protected":false},"author":2,"featured_media":13316,"comment_status":"open","ping_status":"closed","sticky":false,"template":"","format":"standard","meta":{"footnotes":"","jetpack_publicize_message":"","jetpack_publicize_feature_enabled":true,"jetpack_social_post_already_shared":true,"jetpack_social_options":{"image_generator_settings":{"template":"highway","default_image_id":0,"font":"","enabled":false},"version":2}},"categories":[517,25,510],"tags":[],"class_list":["post-13300","post","type-post","status-publish","format-standard","has-post-thumbnail","hentry","category-el-titan-en-valencia","category-cultura-y-comunicacion","category-series"],"jetpack_publicize_connections":[],"jetpack_featured_media_url":"https:\/\/agroicultura.com\/general\/wp-content\/uploads\/2020\/08\/Javier-Parra-5.jpg","jetpack_shortlink":"https:\/\/wp.me\/p4Dh6a-3sw","jetpack-related-posts":[],"_links":{"self":[{"href":"https:\/\/agroicultura.com\/general\/wp-json\/wp\/v2\/posts\/13300","targetHints":{"allow":["GET"]}}],"collection":[{"href":"https:\/\/agroicultura.com\/general\/wp-json\/wp\/v2\/posts"}],"about":[{"href":"https:\/\/agroicultura.com\/general\/wp-json\/wp\/v2\/types\/post"}],"author":[{"embeddable":true,"href":"https:\/\/agroicultura.com\/general\/wp-json\/wp\/v2\/users\/2"}],"replies":[{"embeddable":true,"href":"https:\/\/agroicultura.com\/general\/wp-json\/wp\/v2\/comments?post=13300"}],"version-history":[{"count":15,"href":"https:\/\/agroicultura.com\/general\/wp-json\/wp\/v2\/posts\/13300\/revisions"}],"predecessor-version":[{"id":13384,"href":"https:\/\/agroicultura.com\/general\/wp-json\/wp\/v2\/posts\/13300\/revisions\/13384"}],"wp:featuredmedia":[{"embeddable":true,"href":"https:\/\/agroicultura.com\/general\/wp-json\/wp\/v2\/media\/13316"}],"wp:attachment":[{"href":"https:\/\/agroicultura.com\/general\/wp-json\/wp\/v2\/media?parent=13300"}],"wp:term":[{"taxonomy":"category","embeddable":true,"href":"https:\/\/agroicultura.com\/general\/wp-json\/wp\/v2\/categories?post=13300"},{"taxonomy":"post_tag","embeddable":true,"href":"https:\/\/agroicultura.com\/general\/wp-json\/wp\/v2\/tags?post=13300"}],"curies":[{"name":"wp","href":"https:\/\/api.w.org\/{rel}","templated":true}]}}