{"id":13364,"date":"2020-09-14T20:03:21","date_gmt":"2020-09-14T18:03:21","guid":{"rendered":"https:\/\/agroicultura.com\/general\/?p=13364"},"modified":"2020-09-30T10:10:20","modified_gmt":"2020-09-30T08:10:20","slug":"el-futuro-trabajador-del-comunismo-se-forja-en-valencia-y-iii","status":"publish","type":"post","link":"https:\/\/agroicultura.com\/general\/el-futuro-trabajador-del-comunismo-se-forja-en-valencia-y-iii\/","title":{"rendered":"El futuro trabajador del comunismo se forja en Valencia (y III)"},"content":{"rendered":"<div class=\"wpb-content-wrapper\"><p>[vc_row][vc_column][vc_single_image image=&#8221;13365&#8243; img_size=&#8221;large&#8221; add_caption=&#8221;yes&#8221; alignment=&#8221;center&#8221;]<div  class=\"empty-space  marg-lg-b40\"><\/div><div class=\"text-block\" ><div class=\"simple-text size-4\"><p>Ofrecemos en archivo PDF la \u00faltima entrega del Trabajo Fin de M\u00e1ster de Javier Parra &#8220;El Tit\u00e1n en Valencia&#8221;, &#8220;El muralismo de Renau. Estudio para la realizaci\u00f3n en Valencia de su mural <em>El trabajador futuro en el comunismo<\/em>&#8220;. En el cap\u00edtulo 5, en las Conclusiones y en el Anexo el autor explica con los detalles t\u00e9cnicos precisos para la realizaci\u00f3n de una copia del mural proyectado por Renau, y a\u00f1ade a este empe\u00f1o uno original, dedicar otro cartel a &#8220;La mujer trabajadora y la conquista del futuro&#8221;.<\/p>\n<p>Javier ya ha cerrado el compromiso con la Escuela Superior de Ingenier\u00eda Inform\u00e1tica de la Universidad Polit\u00e9cnica de Valencia (de la que es licenciado) de colgar los dos murales en dos pisos de la escalera principal del edificio. Quienes residen en Valencia pueden ya visitar la Escuela y ver las telas que han servido de boceto al muralista. En A\u00f1o Nuevo los dos murales estar\u00e1n listos para ser instalados en el\u00a0 lugar que hoy ocupan las lonas. Llegado el momento, daremos cumplida cuenta de esto que es una gesta personal de Javier Parra. Las medidas son tres metros de ancho por tres y medio de alto, y prepara los murales en el taller de la Ciudad Fallera donde no cesa de trabajar en la construcci\u00f3n de los paneles de la copia del &#8220;El trabajador futuro en el Comunismo&#8221; de Renau en sus dimensiones originales. Es preciso advertir que Javier est\u00e1 realizando en estos momentos dos murales con este nombre, la copia del original al tama\u00f1o previsto por Renau, y la copia para el mural de la Facultad de Inform\u00e1tica de la UPV, que ir\u00e1 acompa\u00f1ada por la &#8220;La trabajadora futura del Comunismo&#8221;.<\/p>\n<p>En el archivo PDF que acompa\u00f1a este art\u00edculo encontrar\u00e1 el lector interesado toda la informaci\u00f3n necesaria. Y puede hacerse una idea del colosal trabajo de Javier en las fotograf\u00edas que siguen, de Javier y del editor de la revista.<\/p>\n<\/div><\/div><div  class=\"empty-space  marg-lg-b40\"><\/div>[\/vc_column][\/vc_row][vc_row][vc_column]<div class=\"text-block\" ><div class=\"simple-text size-3\"><p><strong>Colecci\u00f3n de fotograf\u00edas de los murales que se instalar\u00e1n en la Escuela de Inform\u00e1tica de la UPV<\/strong><\/p>\n<\/div><\/div><div  class=\"empty-space  marg-lg-b30\"><\/div>[\/vc_column][\/vc_row][vc_row][vc_column][vc_single_image image=&#8221;13366&#8243; img_size=&#8221;large&#8221; add_caption=&#8221;yes&#8221; alignment=&#8221;right&#8221;]<div  class=\"empty-space  marg-lg-b30\"><\/div>[\/vc_column][\/vc_row][vc_row][vc_column][vc_single_image image=&#8221;13369&#8243; img_size=&#8221;large&#8221; add_caption=&#8221;yes&#8221; alignment=&#8221;center&#8221;]<div  class=\"empty-space  marg-lg-b30\"><\/div>[\/vc_column][\/vc_row][vc_row][vc_column][vc_single_image image=&#8221;13370&#8243; img_size=&#8221;large&#8221; add_caption=&#8221;yes&#8221; alignment=&#8221;center&#8221;]<div  class=\"empty-space  marg-lg-b30\"><\/div>[\/vc_column][\/vc_row][vc_row][vc_column][vc_single_image image=&#8221;13371&#8243; img_size=&#8221;large&#8221; add_caption=&#8221;yes&#8221; alignment=&#8221;center&#8221;]<div  class=\"empty-space  marg-lg-b30\"><\/div>[\/vc_column][\/vc_row][vc_row][vc_column][vc_single_image image=&#8221;13372&#8243; img_size=&#8221;large&#8221; add_caption=&#8221;yes&#8221; alignment=&#8221;center&#8221;]<div  class=\"empty-space  marg-lg-b30\"><\/div>[\/vc_column][\/vc_row][vc_row][vc_column][vc_single_image image=&#8221;13373&#8243; img_size=&#8221;large&#8221; add_caption=&#8221;yes&#8221; alignment=&#8221;center&#8221;]<div  class=\"empty-space  marg-lg-b30\"><\/div><div class=\"text-block\" ><div class=\"simple-text size-4\"><p><strong>Enlaces con cap\u00edtulos anteriores<\/strong><\/p>\n<p><a href=\"https:\/\/agroicultura.com\/general\/el-futuro-trabajador-del-comunismo-se-forja-en-valencia\/\" target=\"_blank\" rel=\"noopener noreferrer\">El futuro trabajador del comunismo se forja en Valencia (I)<\/a><\/p>\n<p><a href=\"https:\/\/agroicultura.com\/general\/el-futuro-trabajador-del-comunismo-se-forja-en-valencia-ii\/\" target=\"_blank\" rel=\"noopener noreferrer\">El futuro trabajador del comunismo se forja en Valencia (II)<\/a><\/p>\n<\/div><\/div>[\/vc_column][\/vc_row][vc_row][vc_column]<div  class=\"empty-space  marg-lg-b20\"><\/div>[vc_btn title=&#8221;Descargue el texto de Javier Parra con toda la informaci\u00f3n sobre sus murales en PDF&#8221; color=&#8221;info&#8221; align=&#8221;center&#8221; i_icon_fontawesome=&#8221;fa fa-file-pdf-o&#8221; button_block=&#8221;true&#8221; add_icon=&#8221;true&#8221; link=&#8221;url:https%3A%2F%2Fagroicultura.com%2Fgeneral%2Fwp-content%2Fuploads%2F2020%2F09%2FHombre-Nuevo-Capitulo-5.pdf||target:%20_blank|&#8221;]<div  class=\"empty-space  marg-lg-b20\"><\/div>[\/vc_column][\/vc_row]<\/p>\n<\/div>","protected":false},"excerpt":{"rendered":"<p>[vc_row][vc_column][vc_single_image image=&#8221;13365&#8243; img_size=&#8221;large&#8221; add_caption=&#8221;yes&#8221; alignment=&#8221;center&#8221;][\/vc_column][\/vc_row][vc_row][vc_column][\/vc_column][\/vc_row][vc_row][vc_column][vc_single_image image=&#8221;13366&#8243; img_size=&#8221;large&#8221; add_caption=&#8221;yes&#8221; alignment=&#8221;right&#8221;][\/vc_column][\/vc_row][vc_row][vc_column][vc_single_image image=&#8221;13369&#8243; img_size=&#8221;large&#8221; add_caption=&#8221;yes&#8221; alignment=&#8221;center&#8221;][\/vc_column][\/vc_row][vc_row][vc_column][vc_single_image image=&#8221;13370&#8243; img_size=&#8221;large&#8221; add_caption=&#8221;yes&#8221; alignment=&#8221;center&#8221;][\/vc_column][\/vc_row][vc_row][vc_column][vc_single_image image=&#8221;13371&#8243; img_size=&#8221;large&#8221; add_caption=&#8221;yes&#8221; alignment=&#8221;center&#8221;][\/vc_column][\/vc_row][vc_row][vc_column][vc_single_image image=&#8221;13372&#8243; img_size=&#8221;large&#8221; add_caption=&#8221;yes&#8221; alignment=&#8221;center&#8221;][\/vc_column][\/vc_row][vc_row][vc_column][vc_single_image image=&#8221;13373&#8243; img_size=&#8221;large&#8221; add_caption=&#8221;yes&#8221; alignment=&#8221;center&#8221;][\/vc_column][\/vc_row][vc_row][vc_column][vc_btn title=&#8221;Descargue el texto de Javier Parra con toda la informaci\u00f3n sobre sus murales en PDF&#8221; color=&#8221;info&#8221; align=&#8221;center&#8221; i_icon_fontawesome=&#8221;fa fa-file-pdf-o&#8221; button_block=&#8221;true&#8221; add_icon=&#8221;true&#8221; link=&#8221;url:https%3A%2F%2Fagroicultura.com%2Fgeneral%2Fwp-content%2Fuploads%2F2020%2F09%2FHombre-Nuevo-Capitulo-5.pdf||target:%20_blank|&#8221;][\/vc_column][\/vc_row]<\/p>\n","protected":false},"author":2,"featured_media":13380,"comment_status":"open","ping_status":"closed","sticky":false,"template":"","format":"standard","meta":{"footnotes":"","jetpack_publicize_message":"","jetpack_publicize_feature_enabled":true,"jetpack_social_post_already_shared":true,"jetpack_social_options":{"image_generator_settings":{"template":"highway","default_image_id":0,"font":"","enabled":false},"version":2}},"categories":[517,25,510],"tags":[],"class_list":["post-13364","post","type-post","status-publish","format-standard","has-post-thumbnail","hentry","category-el-titan-en-valencia","category-cultura-y-comunicacion","category-series"],"jetpack_publicize_connections":[],"jetpack_featured_media_url":"https:\/\/agroicultura.com\/general\/wp-content\/uploads\/2020\/09\/mural-modelo.jpg","jetpack_shortlink":"https:\/\/wp.me\/p4Dh6a-3ty","jetpack-related-posts":[],"_links":{"self":[{"href":"https:\/\/agroicultura.com\/general\/wp-json\/wp\/v2\/posts\/13364","targetHints":{"allow":["GET"]}}],"collection":[{"href":"https:\/\/agroicultura.com\/general\/wp-json\/wp\/v2\/posts"}],"about":[{"href":"https:\/\/agroicultura.com\/general\/wp-json\/wp\/v2\/types\/post"}],"author":[{"embeddable":true,"href":"https:\/\/agroicultura.com\/general\/wp-json\/wp\/v2\/users\/2"}],"replies":[{"embeddable":true,"href":"https:\/\/agroicultura.com\/general\/wp-json\/wp\/v2\/comments?post=13364"}],"version-history":[{"count":7,"href":"https:\/\/agroicultura.com\/general\/wp-json\/wp\/v2\/posts\/13364\/revisions"}],"predecessor-version":[{"id":13385,"href":"https:\/\/agroicultura.com\/general\/wp-json\/wp\/v2\/posts\/13364\/revisions\/13385"}],"wp:featuredmedia":[{"embeddable":true,"href":"https:\/\/agroicultura.com\/general\/wp-json\/wp\/v2\/media\/13380"}],"wp:attachment":[{"href":"https:\/\/agroicultura.com\/general\/wp-json\/wp\/v2\/media?parent=13364"}],"wp:term":[{"taxonomy":"category","embeddable":true,"href":"https:\/\/agroicultura.com\/general\/wp-json\/wp\/v2\/categories?post=13364"},{"taxonomy":"post_tag","embeddable":true,"href":"https:\/\/agroicultura.com\/general\/wp-json\/wp\/v2\/tags?post=13364"}],"curies":[{"name":"wp","href":"https:\/\/api.w.org\/{rel}","templated":true}]}}