{"id":13892,"date":"2021-06-30T13:11:10","date_gmt":"2021-06-30T11:11:10","guid":{"rendered":"https:\/\/agroicultura.com\/general\/?p=13892"},"modified":"2022-02-15T12:07:41","modified_gmt":"2022-02-15T11:07:41","slug":"el-enigma-del-tercer-milenio-un-episodio-periodistico-en-la-extinta-canal-9","status":"publish","type":"post","link":"https:\/\/agroicultura.com\/general\/el-enigma-del-tercer-milenio-un-episodio-periodistico-en-la-extinta-canal-9\/","title":{"rendered":"Las rutinas informativas en Canal 9 (Cap\u00edtulo 7)"},"content":{"rendered":"<div class=\"wpb-content-wrapper\"><p>[vc_row][vc_column][vc_single_image source=&#8221;featured_image&#8221; img_size=&#8221;large&#8221; alignment=&#8221;center&#8221;]<div class=\"text-block\" ><div class=\"simple-text size-4\"><p style=\"padding-left: 80px;\">Canal 9 <em>se llama ahora <\/em>A Punt<em>, la cadena p\u00fablica del gobierno auton\u00f3mico de la Comunidad Valenciana. Utilizo el titulo de propiedad (del gobierno auton\u00f3mico) porque es el portavoz de la l\u00ednea pol\u00edtica del gobierno de turno, igual que <\/em>Canal 9<em> lo fue, tanto del PSOE (PSPV) como del PP. El autor de este libro trabaj\u00f3 en <\/em>Canal 9<em> hasta su extinci\u00f3n traum\u00e1tica por uno de esos gobiernos, presidido entonces por un gobernante con los pies y la cabeza en otra parte muy lejana de la realidad ciudadana.<\/em><\/p>\n<p style=\"padding-left: 80px;\"><em>Todo esto no obsta para que <\/em>Canal 9<em> no desarrollara unas rutinas de trabajo eficientes, como cualquier otra cadena en el ejercicio de sus funciones p\u00fablicas (es un decir) o privadas. Las que aplica hoy <\/em>A Punt<em> no son muy diferentes a las de hace 25 a\u00f1os. La \u00fanica diferencia es la tecnolog\u00eda, que se ha digitalizado, y facilita el trabajo de captaci\u00f3n de im\u00e1genes y su transmisi\u00f3n, as\u00ed como la edici\u00f3n de las noticias. De hecho la nueva tecnolog\u00eda, que los j\u00f3venes aprenden ya en casa con los tel\u00e9fonos m\u00f3viles y los ordenadores, permite la realizaci\u00f3n de este trabajo a cualquier persona acostumbrada a las redes sociales. Esto, parad\u00f3jicamente disminuye la calidad de la informaci\u00f3n hasta extremos grotescos. Pero eso es otro tema del que trataremos en el \u00faltimo cap\u00edtulo de la serie.<\/em><\/p>\n<p style=\"padding-left: 80px;\"><em>El ep\u00edgrafe &#8220;El emigma del Tercer Mklenio&#8221; est\u00e1 escrito en primera persona porque el autor del libro relata una experiencia personal.<\/em><\/p>\n<p><em>Canal 9 Televisi\u00f3 Valenciana<\/em> tiene m\u00e1s de nueve a\u00f1os de vida. Cuando empez\u00f3 a emitir contaba con uno de los edificios m\u00e1s nuevos, la tecnolog\u00eda m\u00e1s avanzada y amplios espacios para sus trabajadores, que se dedicaron a aprender a hacer televisi\u00f3n con un entusiasmo que rozaba la pasi\u00f3n.<\/p>\n<p>Ahora ya no es lo mismo. El Departamento de Informativos era m\u00e1s o menos as\u00ed en la primavera de 1997.<\/p>\n<p>La redacci\u00f3n son dos anchas salas en la primera planta del edificio del Centro de Producci\u00f3n de Programas (CPP) de Burjassot. No se distingue la redacci\u00f3n de Canal 9 por ser una de las mejor dotadas y aprovechadas al m\u00e1ximo (ahora le llaman \u201coptimizar\u201d) de todas las que he visitado. No obstante, se trabaja a gusto en ella.<\/p>\n<p>No cuenta con secciones reconocidas como tales, si se except\u00faa la de Deportes.<\/p>\n<p>En noviembre de 1996 los servicios informativos de Canal 9 contaban con 94 periodistas, 35 c\u00e1maras y 26 realizadores, sumando entre ellos los de las delegaciones de Castell\u00f3n, Alicante y Madrid. Estas personas son las censadas para votar en las elecciones al Consejo de Redacci\u00f3n. Pero hab\u00eda y sigue habiendo, algunas m\u00e1s. La desproporci\u00f3n entre periodistas y c\u00e1maras es manifiesta, aunque en la realidad no es tanta, porque siempre hay alguien de pr\u00e1cticas, con contratos diversos o sencillamente c\u00e1maras de productoras externas para un trabajo de un d\u00eda.<\/p>\n<p>La redacci\u00f3n tiene (desde 1997) un Jefe de Informativos, un Coordinador de Informativos Diarios, un coordinador de Informativos no diarios (los de \u201cNot\u00edcies 9\u201d), un Coordinador de Deportes (y otro para la segunda cadena), un Coordinador de Fin de Semana, varios editores encargados de los informativos diarios (dos, el de mediod\u00eda y el de la noche), del fin de semana, de los deportes y de algunos programas de reportajes no diarios (\u201cCr\u00f2nica\u201d, \u201cDossiers\u201d, y \u201cColp d\u2019Ull\u201d), y un n\u00famero mayor de asignadores, cuyo trabajo es organizar y distribuir el trabajo diario entre los redactores, una vez compuesto el primer borrador de la escaleta.<\/p>\n<p>La mayor\u00eda de los redactores de cada informativo (digamos, ocho o diez en un turno normal, m\u00e1s otros ocho o diez de las dos delegaciones) hace \u201cComunitat Valenciana\u201d. Sale a cubrir noticias locales diversas como \u201cIncendio en Ontinyent\u201d, \u201cPrimer d\u00eda de escuela del nuevo curso\u201d, \u201cFiestas de Mutxamel\u201d, \u201cInauguraci\u00f3n de una exposici\u00f3n en el museo de Sant Pius V\u201d, \u201cLa oveja Guirra, variedad aut\u00f3ctona en extinci\u00f3n\u201d, \u201cAcci\u00f3n de Greenpeace en Alacant\u201d, \u201cHuelga de trabajadores de azulejos en Castell\u00f3\u201d, etc., incluidas las ruedas de prensa pol\u00edticas y no pol\u00edticas, la actividad parlamentaria y los movimientos del president de la Generalitat. Parte de estas noticias las montan las delegaciones de Alicante y de Castellon.<\/p>\n<p>Este material constituye la primera parte del informativo, seg\u00fan un modelo t\u00edpico normal, porque como es l\u00f3gico, una cat\u00e1strofe inesperada en Vigo o una crisis de gobierno en Madrid se sit\u00faan por delante de cualquier cosa.<\/p>\n<p>Una segunda tanda de noticias es la de Nacional o <em>Espanya.<\/em> Algunas de ellas vienen montadas desde la delegaci\u00f3n de Madrid. Las dem\u00e1s, dos, tres, cuatro como m\u00e1ximo por informativo, se hacen en Valencia. Sus autores son redactores encomendados a la secci\u00f3n de nacional. La informaci\u00f3n de los hechos la obtienen gracias a los teletipos de las agencias de EFE y Europa Press, a las que est\u00e1 suscrito Canal 9. Las im\u00e1genes las obtienen del llamado intercambio de FORTA o Federaci\u00f3n de Organizaciones de Radio y de Televisi\u00f3n Auton\u00f3micas.<\/p>\n<p>Cada d\u00eda, y a diversas horas, se produce una comunicaci\u00f3n por una l\u00ednea especial, entre los jefes de secci\u00f3n de Canal 9, Canal Sur, TeleMadrid, TV3, TVGa y Euskal Telebista. Se ofrecen temas, es decir, se ofrecen im\u00e1genes, y tambi\u00e9n se demandan im\u00e1genes. Una vez hecha la lista, los servicios t\u00e9cnicos y los productores de cada una de estas emisoras se encarga de enviar o reclamar el material. Lo normal es que se env\u00ede todo a una hora predeterminada en un orden establecido y a medida que est\u00e9n disponibles las piezas. Esta rutina se hace a primera hora de la ma\u00f1ana y a primera hora de la tarde. Los de deportes tambi\u00e9n se intercomunican por el mismo m\u00e9todo.<\/p>\n<p>La tercera tanda de noticias suele ser la de Internacional. Entre dos y cuatro redactores por turno atienden esta segunda secci\u00f3n. El procedimiento de obtenci\u00f3n de noticias es el mismo que en nacional, a trav\u00e9s de las agencias, en este caso con el a\u00f1adido de France Press. Las im\u00e1genes llegan por sat\u00e9lite, enviadas por tres agencias internacionales de im\u00e1genes, Reuter\u2019s Television, World Television News (WTN) y Associated Press Television (APTV). A determinadas horas del d\u00eda, los centros de distribuci\u00f3n de estas empresas (creo que todos est\u00e1n en Londres) lanzan paquetes de noticias de diversas procedencias y de diversa \u00edndole. Dominan las cat\u00e1strofes, sucesos espectaculares, conflictos b\u00e9licos, disturbios, crisis pol\u00edticas, reuniones internacionales y poco m\u00e1s. Hay env\u00edos especiales de deportes y del mundo del espect\u00e1culo. Cada env\u00edo viene acompa\u00f1ado de un gui\u00f3n con texto en ingl\u00e9s que tambi\u00e9n llega por sat\u00e9lite y que el servicio de inform\u00e1tica de Canal 9 ha introducido en la red de ordenadores de que se valen los redactores para escribir sus temas o para leer los sueltos de agencias. Otra fuente de informaci\u00f3n gr\u00e1fica en Canal 9 es la CNN (Cable Network News), con quien hay un contrato de redifusi\u00f3n de su material.<\/p>\n<p>No existe secci\u00f3n de cultura ni un espacio dentro del informativo dedicada a ella.<\/p>\n<p>S\u00ed existe un espacio dedicado a los sucesos y otro dedicado a las variedades sociales, de la moda, del espect\u00e1culo y de otros aspectos de la vida que, repentinamente, han adquirido una importancia suprema en los informativos electr\u00f3nicos. Tambi\u00e9n se incluye en esta secci\u00f3n la cultura.<\/p>\n<p>Los sucesos y el \u201cPanorama\u201d, que es como se llama en Canal 9 al batiburrillo de sociedad, moda y temas varios y ligeros, ocupan gran \u2014si no la mayor\u2014 parte del informativo. Pueden ser noticias locales, producidas en la Comunidad Valenciana, nacionales, con im\u00e1genes cedidas o compradas, o internacionales, con im\u00e1genes compradas a las fuentes antes citadas.<\/p>\n<p>Otros espacios del informativo son , \u201cEl Camp\u201d, con informaci\u00f3n sobre el tema, muy importante en una gran regi\u00f3n agr\u00edcola de Espa\u00f1a, y el tiempo, \u201cL\u2019Oratge\u201d. Y, por supuesto, Deportes, que tambi\u00e9n tiene un segmento temporal privilegiado.<\/p>\n<p>Las rutinas de un informativo son las siguientes.<\/p>\n<p>La redacci\u00f3n se \u201cabre\u201d a las ocho, con la llegada de los primeros c\u00e1maras y redactores &#8211; existe un equipo contratado de algo parecido a \u201ceneg\u00e9s\u201d de guardia durante la noche. A las ocho y media se incorpora el grueso del equipo de la ma\u00f1ana. El editor y los dos asignadores repasan las previsiones introducidas en el ordenador. Tambi\u00e9n echan un vistazo a las copias de fax o a los comunicados almacenados en la carpeta del d\u00eda correspondiente. Otras bases para construir el informativo son, a saber, los peri\u00f3dicos locales y nacionales, los boletines de las radios locales y nacionales, los otros informativos de televisi\u00f3n, las sugerencias de los redactores, el material acumulado del d\u00eda anterior y que no ha podido salir al aire, pero que tiene validez, y que forma parte de la llamada \u201cnevera\u201d o estanter\u00eda con cintas de valor intemporal, la agenda del president y la actualidad m\u00e1s rabiosa que puede saltar en cualquier momento, como se ver\u00e1 en el ejemplo con el que se inicia este cap\u00edtulo.<\/p>\n<p>Entre ellos tres, repito, el editor y los dos asignadores, componen la escaleta. El coordinador y el jefe de Informativos suelen supervisarla y tambi\u00e9n pueden modificarla. La secci\u00f3n de Deportes aporta su propio material, y la secci\u00f3n de \u201cPanorama\u201d hace lo mismo. Se hace un c\u00e1lculo de tiempo, sumando las duraciones idealmente consignadas de los videos, para que el informativo no se salga de madre.<\/p>\n<p>Una vez completado lo cual, se distribuye el trabajo. No todos los redactores se emplean \u201cal d\u00eda\u201d, algunos pueden estar preparando temas para uno o dos d\u00edas despu\u00e9s.<\/p>\n<p>A eso de las diez, o como muy tarde a las once, cada uno tiene una tarea asignada. Los equipos que han de buscar la informaci\u00f3n fuera se ponen en movimiento, si no lo han hecho ya antes.<\/p>\n<p>A las dos menos cinco, y una vez cubiertos los pasos que se mencionan en el cap\u00edtulo anterior, el editor se marcha a un lugar llamado \u201ccabinas\u201d, con una caja de cart\u00f3n llena de cintas marcadas con n\u00fameros del 10 al 200 \u00f3 300 \u00f3 400, seg\u00fan dure el informativo. Las decenas y centenas son videos con \u201coff\u201d, los m\u00faltiplos de cinco (15, 25, 35, 85, etc) son im\u00e1genes sin texto, si llevan una \u201cA\u201d es que cuentan con un texto que habr\u00e1 de leer el presentador. Los n\u00fameros que quedan libres entre los qu\u00edntuplos son una reserva para el caso de que, una vez confeccionada la escaleta, haya que introducir una noticia como una cu\u00f1a: la 18, la 267, la 503.<\/p>\n<p>En \u201ccabinas\u201d hay un rinc\u00f3n con tres magnetoscopios (en 1998 son cinco, de distintos formatos) desde los que se lanzar\u00e1n los videos con las noticias seg\u00fan el orden de la escaleta. Puede ocurrir que llegue la hora de emitirse y el redactor todav\u00eda se encuentre montando su video. Entonces, \u201csalta\u201d. El editor grita por un interfono al realizador, que se halla en el control (lejos de \u201ccabinas\u201d), \u201csalta la veinte\u201d, y se pone de acuerdo con \u00e9l para ver cu\u00e1ndo es el mejor momento para que \u201centre\u201d. El realizador se lo comunica al locutor o locutora del estudio, para que improvisen alguna frase introductoria en el momento en que por fin puedan salir al aire el video retrasado.<\/p>\n<p>El realizador est\u00e1 en el control. Le ayudan a mantener el rumbo del informativo una formidable cantidad de profesionales: el ayudante de realizaci\u00f3n, t\u00e9cnico de sonido, t\u00e9cnico de iluminaci\u00f3n, t\u00e9cnico de control de c\u00e1maras, mezclador, t\u00e9cnico del prompter o texto rodante que lee el presentador, t\u00e9cnico rotulador de los indicativos que salen en la pantalla, el ling\u00fcista que cuida que los textos sean correctos.<\/p>\n<p>El realizador da la orden de entrada de cada video y tambi\u00e9n se\u00f1ala al locutor o a la locutora que hablen, cosa que hace por \u00e9l un \u201capuntador\u201d o regidor en el estudio. El trabajo del realizador, como se ha dicho en el cap\u00edtulo anterior, es coordinar tres lugares f\u00edsicamente separados: el lugar desde el que se lanzan los videos, el estudio y el propio control.<\/p>\n<p>Con frecuencia ocurre que alguna noticia, alg\u00fan video no s\u00f3lo \u201csalta\u201d, sino que se queda fuera, no se llega a emitir, \u201ccae\u201d. Esto lo decide el editor sobre la marcha, al ver que se est\u00e1 pasando de tiempo.<\/p>\n<p>A las tres sale el turno de redacci\u00f3n de ma\u00f1ana. Previamente ha podido intercambiar avisos con el turno de tarde, que ha entrado a las dos.<\/p>\n<p>Las rutinas de la tarde y del fin de semana son similares a la descrita.<\/p>\n<p>Los textos de los redactores se escriben en terminales de ordenador. El sistema inform\u00e1tico de la redacci\u00f3n se llama \u201cBasys\u201d, y se compone de un procesador de texto y una especie de base de datos con las previsiones, los tel\u00e9fonos de consulta, minutados de las cintas de nacional e internacional y alguna otra posibilidad poco explotada. A este sistema se ha a\u00f1adido otra red de ordenadores dotados del famoso \u201cWindows 95\u201d, y algunos de ellos conectados a Internet.<\/p>\n<p>Cada redactor tiene un \u201ccaj\u00f3n virtual\u201d propio, al que puede acceder desde cualquier terminal. Las entradillas y los \u201cplat\u00f3s\u201d se env\u00edan al \u201cprompter\u201d desde el sistema inform\u00e1tico. Todas las noticias han de ser corregidas por los ling\u00fcistas contratados al efecto.<\/p>\n<h3 style=\"text-align: center;\">TRAGEDIA EN MINGLANILLA<\/h3>\n<p>Las cat\u00e1strofes son mayores cuando el escenario es pl\u00e1cido.<\/p>\n<p>Muy poco despu\u00e9s de las siete y media de la ma\u00f1ana del once de septiembre de 1996, un equipo de los servicios informativos de <em>Canal 9<\/em>, a bordo de un coche de la casa, enfilaba la pendiente de la N-III que desciende sobre la localidad conquense de Minglanilla, a unos 120 kil\u00f3metros de la ciudad de Valencia.<\/p>\n<p>Se dirig\u00edan a Madrid, donde iban a rodar planos y entrevistas para hacer un reportaje sobre el mundo de las quinielas. En el veh\u00edculo viajaban un redactor, un c\u00e1mara, un realizador y una productora. Un equipo excepcionalmente amplio, porque formaban parte del programa \u201cDossiers\u201d, que se emite una vez a la semana, y est\u00e1 compuesto de reportajes de unos diez minutos de duraci\u00f3n.<\/p>\n<p>Al llegar a la altura del pueblo, sobre un terrapl\u00e9n, la carretera en pendiente hace una curva sobre un puentecillo protegido por un parapeto.<\/p>\n<p>Atravesando el pavimento en aquella curva creyeron ver una barrera. En un primer momento tuvieron la impresi\u00f3n de que pod\u00eda ser un control de la guardia civil. Pero al acercarse, comprobaron que se trataba del parapeto; era como si lo hubieran arrancado de su sitio en un brutal acto de violencia.<\/p>\n<p>Pararon el veh\u00edculo, se asomaron al destruido pretil, y observaron una escena singular: un autob\u00fas de pasajeros boca abajo, atravesado sobre una carretera que pasa por debajo del puentecillo en direcci\u00f3n al pueblo, cuyo arrabal se encuentra all\u00ed mismo.<\/p>\n<p>Desde donde ellos miraban no se ve\u00eda nada m\u00e1s. Eran las siete y media, la gasolinera que hay un centenar de metros m\u00e1s abajo todav\u00eda no hab\u00eda apagado las luces, no hab\u00eda un alma en la calle, y el silencio m\u00e1s profundo reinaba en el lugar.<\/p>\n<p>Era un silencio de muerte.<\/p>\n<p>Hac\u00eda dos minutos el autob\u00fas se hab\u00eda precipitado al peque\u00f1o abismo, hab\u00eda volcado y se hab\u00eda estampado en tierra sobre el techo. En su interior viajaban un extenso grupo de magreb\u00edes que se dirig\u00edan al estrecho de Gibraltar. Volv\u00edan de vacaciones a casa. Siete no llegar\u00edan nunca, seis, muertos en el accidente, y uno, en el hospital horas despu\u00e9s.<\/p>\n<p>Al percatarse de lo ocurrido, y temiendo que acaba de suceder, bajaron con el coche hasta el autob\u00fas volcado.<\/p>\n<p>Lo que m\u00e1s les desconcert\u00f3 fue el silencio. Parec\u00eda que el autob\u00fas estuviera vac\u00edo, que llevara all\u00ed una eternidad. Pero de pronto vieron que alguien intentaba salir por una ventanilla, y que lo consegu\u00eda. En el interior, aprisionados, algunos individuos encogidos en posturas grotescas les observaban con ojos de sorpresa.<\/p>\n<p>El equipo de <em>Canal 9<\/em> se dispuso a ayudar a salir a quienes extend\u00edan sus manos hacia ellos. Pero en seguida desistieron, con excepci\u00f3n de los que parec\u00edan no tener gran impedimento en librarse del amasijo de lata y barras aplastadas. Temieron que si tiraban de los heridos pod\u00edan causarles m\u00e1s da\u00f1o que remedio.<\/p>\n<p>Entonces decidieron grabar el accidente.<\/p>\n<p>Unos vecinos del arrabal que salieron de un bar se encargaron de llamar a la guardia civil. El redactor de Canal 9 sopes\u00f3 las dimensiones del hecho y telefone\u00f3 desde el m\u00f3vil al coordinador de informativos. Estuvieron de acuerdo en aplazar la cita de Madrid, y en grabar todo lo que pudieran.<\/p>\n<p>Una patrulla de la guardia civil, los vecinos madrugadores del bar y el equipo de Canal 9, salvo el c\u00e1mara, atendieron a los primeros que sal\u00edan del autob\u00fas por su propio pie, e intentaron confortar a los que no pod\u00edan hacerlo. No se o\u00edan quejidos ni lamentos, y eso que hab\u00eda ya seis muertos y muchos heridos graves. La cat\u00e1strofe les hab\u00eda cogido durmiendo. Quiz\u00e1 les pareciera una pesadilla.<\/p>\n<p style=\"text-align: center;\"><strong>Dispositivo de urgencia<\/strong><\/p>\n<p>Mientras tanto, en la redacci\u00f3n de <em>Canal 9<\/em> en Valencia se ha puesto en marcha un dispositivo. Antes incluso de que el drama se haya convertido en noticia a trav\u00e9s de las agencias, se ha presentado en el lugar de los hechos, a la vez que las ambulancias, el c\u00e1mara corresponsal de <em>Canal 9<\/em> en Requena, localidad relativamente pr\u00f3xima a Minglanilla.<\/p>\n<p>A las nueve llegan un redactor y un c\u00e1mara de la redacci\u00f3n de informativos de Canal 9. Nada m\u00e1s aterrizar en la redacci\u00f3n, los primeros, los m\u00e1s puntuales, les han dicho, \u201cA Minglanilla. Hay un accidente de tres pares de narices.\u201d Poco despu\u00e9s saldr\u00e1 otro equipo del informativo compuesto por dos mujeres, una redactora y una c\u00e1mara. Se quedan en Requena, a la puerta del hospital donde van llegando los heridos. Tendr\u00e1n que esperar un rato hasta que las dejen entrar. Podr\u00e1n filmar las curas de los heridos menos graves, el movimiento de algunas camillas, y pondr\u00e1n el micr\u00f3fono en la boca de los heridos leves, todav\u00eda alucinados.<\/p>\n<p>A la hora de componer la escaleta, los responsables del informativo deciden hacer un directo desde Minglanilla. TeleMadrid se suma a \u00e9l y enviar\u00e1 un redactor.<\/p>\n<p>Para ello es necesario desplazar una lanzadera especial que dispara la se\u00f1al a un sat\u00e9lite, que a su vez la devuelve a una unidad de tierra de Retevisi\u00f3n. Retevisi\u00f3n desv\u00eda la se\u00f1al a <em>Canal 9<\/em>, v\u00eda FORTA (Federaci\u00f3n de Organizaciones de Radios y Televisiones Auton\u00f3micas). Una segunda unidad m\u00f3vil de Canal 9 se sit\u00faa en la puerta del hospital de Requena. Estas unidades m\u00f3viles constan de varios t\u00e9cnicos y de un productor.<\/p>\n<p>A eso de las once llegan a Minglanilla equipos de TVE y de TeleMadrid.<\/p>\n<p>A mediod\u00eda, se presenta un equipo del programa semanal \u201cDossiers\u201d de <em>Canal 9<\/em>, que ha decidido dedicar un reportaje al accidente. El primer equipo que descubri\u00f3 la tragedia se pone en camino hacia Madrid, una vez cumplida su ineludible tarea.<\/p>\n<p>La peque\u00f1a multitud de periodistas y c\u00e1maras de televisi\u00f3n y de prensa que hay en Minglanilla no da abasto. Adem\u00e1s de retransmitir la informaci\u00f3n del accidente de los magreb\u00edes, tienen que dar cuenta de dos percances m\u00e1s, estos sin v\u00edctimas graves, un cami\u00f3n de bomberos que llega desde Cuenca para auxiliar, y un coche con periodistas de \u201cEl D\u00eda\u201d, tambi\u00e9n de Cuenca. Ambos se accidentan.<\/p>\n<p>A la una se presenta un redactor de <em>Canal 9<\/em> con el objetivo de recoger informaci\u00f3n para el noticiero de la noche. Se encargar\u00e1 de dar una visi\u00f3n m\u00e1s completa, menos de urgencia, y utilizar\u00e1 el material filmado por todos los c\u00e1maras que han pasado por all\u00ed.<\/p>\n<p>Hasta la una y media de la tarde no llegar\u00e1n las unidades m\u00f3viles. El informativo es a las dos. En media hora tienen que instalar y probar el complicado sistema.<\/p>\n<p>A las dos menos cinco llega a Minglanilla la redactora que har\u00e1 el directo. M\u00e1s o menos conoce lo que ha pasado. En cinco minutos recopila los \u00faltimos datos.<\/p>\n<p>La primera conexi\u00f3n ser\u00e1 imposible. Se ve a la redactora, que se ha situado delante del autob\u00fas, pero no se la oye. Adem\u00e1s, ha habido un l\u00edo de coordinaci\u00f3n, y de pronto han descubierto que todos los c\u00e1maras de Canal 9 se han marchado. S\u00f3lo queda el del programa \u201cDossiers\u201d. Al final, se tendr\u00e1 que encargar de la transmisi\u00f3n, que entra a las dos y veinte.<\/p>\n<p>Cuando todo se haya reparado, a mitad del informativo, la redactora cuenta lo que se supon\u00eda que iba a causar una fuerte sensaci\u00f3n al principio del noticiero. Los directos dram\u00e1ticos son los m\u00e1s valiosos de los directos. Naturalmente el efecto no puede ser ya el mismo, porque todas las noticias, los v\u00eddeos preparados para que ella misma los fuera introduciendo en directo, se han emitido al abrirse el telenoticias.<\/p>\n<p>No obstante, se consigue un impacto especial. Es un impacto un poquito trucado, pero no hab\u00eda m\u00e1s remedio que hacerlo para compensar la frustraci\u00f3n. Mientras la locutora hablaba, a su espalda una gr\u00faa empezaba a mover el autob\u00fas, ya vac\u00edo, para colocarlo sobre sus ruedas. En realidad la gr\u00faa iba a efectuar su trabajo un poco antes, pero el productor del informativo destacado en Minglanilla hab\u00eda rogado al encargado de la m\u00e1quina que retrasase la operaci\u00f3n unos minutos. El mismo productor se encarg\u00f3 de hacer una se\u00f1al al operador de la gr\u00faa en el momento adecuado, cuando la redactora estaba ya hablando.<\/p>\n<p>Por la tarde, en el escenario de los hecho no queda nada ni nadie, y no merece la pena enviar all\u00ed ning\u00fan equipo. Los responsables del informativo de la noche deciden centrarse en Requena, en cuyo hospital est\u00e1n los muertos y los heridos graves. Desde la puerta de la funeraria se har\u00e1 otro directo. Un solo equipo se encargar\u00e1 de preparar la informaci\u00f3n. El resto de los videos (el accidente, los primeros auxilios, el traslado de los heridos, etc.) se har\u00e1 con el material grabado por la ma\u00f1ana.<\/p>\n<p>He aqu\u00ed el orden de los primeros minutos del informativo de mediod\u00eda de <em>Canal 9<\/em>, el once de septiembre de 1996:<\/p>\n<p style=\"padding-left: 80px;\"><em>Cabecera.<\/em><\/p>\n<p style=\"padding-left: 80px;\"><em>Presentaci\u00f3n del locutor desde el estudio.<\/em><\/p>\n<p style=\"padding-left: 80px;\"><em>Sumario de otras noticias.<\/em><\/p>\n<p style=\"padding-left: 80px;\"><em>R\u00e1faga.<\/em><\/p>\n<p style=\"padding-left: 80px;\"><em>Paso a directo desde Minglanilla. Al fallar, el locutor del estudio tuvo que hacer las presentaciones de los videos relativos al accidente.<\/em><\/p>\n<p style=\"padding-left: 80px;\"><em>Accidente &#8211; 1: los hechos. (Lo hace un redactor que no ha estado en el lugar, con informaci\u00f3n que recopila de varias fuentes y las im\u00e1genes que han ido llegando. De este modo se garantiza una informaci\u00f3n m\u00e1s fiable.)<\/em><\/p>\n<p style=\"padding-left: 80px;\"><em>Accidente &#8211; 2: conmoci\u00f3n en Minglanilla. (Lo hace el primer redactor que lleg\u00f3, a las nueve de la ma\u00f1ana, con su propio material.)<\/em><\/p>\n<p style=\"padding-left: 80px;\"><em>Accidente &#8211; 3: situaci\u00f3n de los heridos. Video realizado por una segunda redactora que acudi\u00f3 al hospital de Requena, compuesto en la redacci\u00f3n a \u00faltima hora.<\/em><\/p>\n<p style=\"padding-left: 80px;\"><em>Accidente &#8211; 4: Minglanilla, punto negro de la N-III. Hecho con material de archivo, y con las im\u00e1genes de los accidentes de los bomberos y de los periodistas de Cuenca.<\/em><\/p>\n<p>Luego sigui\u00f3 el informativo normal, con las secciones de Comunidad Valenciana, Nacional e Internacional. Entre medias, una vez dispuesta la lanzadera, entr\u00f3 en directo la redactora desde Minglanilla.<\/p>\n<p>Antes de la secci\u00f3n de Deportes se estableci\u00f3 conexi\u00f3n directa con Requena, desde donde la primera redactora que lleg\u00f3 all\u00ed, hizo alg\u00fan comentario sobre el estado de los heridos y present\u00f3 un segundo video en el que se resum\u00eda de nuevo el accidente.<\/p>\n<h3 style=\"text-align: center;\">El enigma del Tercer Milenio<\/h3>\n<p>El viernes 14 de junio de 1996 llegu\u00e9 a la redacci\u00f3n con la esperanza de pasar una jornada c\u00f3moda. Era mi \u00faltimo d\u00eda de trabajo antes de mis vacaciones, y deseaba que fuera un d\u00eda digno de lo que yo so\u00f1aba que vendr\u00eda despu\u00e9s.<\/p>\n<p>Germ\u00e0 Arroyo, a la saz\u00f3n asignador de turno, disip\u00f3 mi ilusi\u00f3n nada m\u00e1s saludarme. \u201cTengo algo para ti\u201d, dijo, y me larg\u00f3 unos papeles. \u201cTienes que buscar a las personalidades del III Milenio y entrevistarlas. Tienes dos minutos, m\u00e1s si lo necesitas.\u201d Con esto \u00faltimo se refer\u00eda a la duraci\u00f3n de la noticia, del video.<\/p>\n<p>El encabezamiento de una de las hojas que me hab\u00eda entregado dec\u00eda algo del III MILENIO. Lo mir\u00e9 por encima, era una entrega del Gabinete de Prensa del Ayuntamiento. Empec\u00e9 a leerlo a la vez que Germ\u00e0 intentaba explicarme qu\u00e9 era el III Milenio. Con la atenci\u00f3n dividida entre la lectura de la nota de prensa y el discurso rotundo del asignador, un eco resumido de la propia nota, m\u00e1s los recursos de mi imaginaci\u00f3n a toda m\u00e1quina, conclu\u00ed que si no indagaba en mejores fuentes, nunca llegar\u00eda a saber lo que era el III Milenio.<\/p>\n<p>El Ayuntamiento anunciaba que a la una y cuarto de la tarde se firmar\u00eda en la Lonja de Valencia el protocolo del III Milenio entre la alcaldesa de la ciudad, el presidente de la Diputaci\u00f3n y el director general de la UNESCO, Federico Mayor Zaragoza. Despu\u00e9s, de un modo tan vago que evidenciaba que el redactor de la nota s\u00f3lo sab\u00eda un poco m\u00e1s que yo del III Milenio, hab\u00eda algunas consideraciones sobre los beneficios que llover\u00edan sobre Valencia gracias a este protocolo, como centro del orbe gracias a tama\u00f1a celebraci\u00f3n.<\/p>\n<p>Finalmente, citaba media docena de nombres, el premio Nobel de la paz P\u00e9rez Esquivel, el escultor Miguel Berrocal, el modisto Pierre Cardin, la defensora de los derechos humanos Giselle Halimi, el acad\u00e9mico Michel Serre y algunos m\u00e1s entre los cuales me llam\u00f3 la atenci\u00f3n un tipo a quien se atribu\u00eda el honor de ser el presidente de la Asociaci\u00f3n Internacional de Ex-Jefes de Estado. No recuerdo su nombre, s\u00f3lo que era tan ambiguo que igual pod\u00eda ser un serbo-croata, un africano, un turco o un japon\u00e9s. Se supone que eran estos a los que yo deb\u00eda entrevistar para hacer una pieza de dos minutos.<\/p>\n<p>Cualquier persona cuerda habr\u00eda considerado una monstruosidad y una entelequia comprimir en dos minutos las declaraciones de aquellos ilustr\u00edsimos sobre el III Milenio. Yo, tambi\u00e9n, aunque sea periodista y por lo tanto no est\u00e9 muy cuerdo. Pero no tard\u00e9 en empujar esta idea al rinc\u00f3n de las sensaciones profesionalmente inaceptables y me dispuse a salir del apuro.<\/p>\n<p>Llam\u00e9 a la oficina de prensa municipal, y la \u00fanica informaci\u00f3n que obtuve fue que Manolo Bernardos, el jefe, no llegaba habitualmente hasta las diez, y que nadie mejor que \u00e9l para explicarme lo que era el III Milenio.<\/p>\n<p>La voz de la funcionaria que me atendi\u00f3 destilaba una indiferencia enga\u00f1osa. Daba la impresi\u00f3n que la firma del protocolo del III Milenario era uno de las decenas de asuntos habituales en la agenda de la alcaldesa de aquella ma\u00f1ana.<\/p>\n<p>Y lo era, por supuesto que lo era. S\u00f3lo que en ese momento, grupos de febriles operarios del ayuntamiento estaban amueblando y decorando el imponente sal\u00f3n de columnas de la Lonja, uno de los m\u00e1s bellos ejemplos del g\u00f3tico civil valenciano, para que el ilustr\u00edsimo e internacional plantel de invitados, el <em>molt-honorable president de la Generalitat Valenciana<\/em>, el estupendo <em>president de la Diputaci\u00f3 de Val\u00e8ncia<\/em> y la no menos formidable alcaldesa de<em> l\u2019Ajuntament<\/em>, estuvieran a gusto y a la altura de la solemnidad y de las circunstancias.<\/p>\n<p>Y lo m\u00e1s definitivo, una unidad m\u00f3vil de TVV, otra de R\u00e0dio 9, y decenas de operarios de equipo y de ingenieros, lo m\u00e1s h\u00e1bil y florido de las telecomunicaciones de la <em>Comunitat<\/em>, dispon\u00edan todo lo necesario para la retransmisi\u00f3n del evento durante los informativos de mediod\u00eda.<\/p>\n<p>Las nueve y media, y yo, todav\u00eda, sin tener ni pajolera idea de qu\u00e9 demonios era el III Milenio. Y sin nadie a mano que me lo explicara.<\/p>\n<p>Con el mayor tacto, para no turbar la fingida paz interior de la funcionaria que me atend\u00eda, pregunt\u00e9 si ella sab\u00eda en qu\u00e9 hotel se alojaban los ilustr\u00edsimos invitados. La funcionaria no lo sab\u00eda, y adem\u00e1s cre\u00eda que la mayor\u00eda llegaban esa misma ma\u00f1ana.<\/p>\n<p>La mayor\u00eda no son todos, arg\u00fc\u00ed yo imprudentemente, de lo que se deduce que algunos est\u00e1n ya en Valencia. Sin duda en el Ayuntamiento sab\u00edan d\u00f3nde.<\/p>\n<p>El Ayuntamiento s\u00ed lo sab\u00eda, en concreto el departamento de Protocolo, pero la funcionaria, no, y de nada serv\u00eda que ella preguntara en protocolo, porque no le iban a dar la informaci\u00f3n, y a la vez era in\u00fatil que yo lo intentara por mi cuenta, porque me ocurrir\u00eda lo mismo.<\/p>\n<p>Desolado, pero con un resto de esperanza, supliqu\u00e9 a la funcionaria que nada m\u00e1s llegar Manolo Bernardos, el sabedor de los secretos del III Milenio, le comunicara mi angustia y le transmitiera mi fe en que s\u00f3lo \u00e9l pod\u00eda acudir en mi socorro.<\/p>\n<p>Mi desolaci\u00f3n se multiplic\u00f3 exponencialmente cuando cre\u00ed entender (equivocadamente) que el editor del informativo, Josep Magraner, confiaba s\u00f3lo en m\u00ed para dar a conocer qu\u00e9 demonios era ese III Milenio que le ocupar\u00eda m\u00e1s de medio informativo en retransmisiones y comentarios. Mi tarea era entrevistar a cuanto ilustr\u00edsimo pudiera capturar y explicar los secretos del maldito evento. Nadie en la redacci\u00f3n parec\u00eda saber qu\u00e9 era aquel III Milenio, y, cada cual enfrascado en sus obligaciones diarias, ninguno mostraba el menor inter\u00e9s en mi problema.<\/p>\n<p>Alguien debe de saber algo, me dije. No hay m\u00e1s remedio que salir de aqu\u00ed. Pero, \u00bfd\u00f3nde ir?<\/p>\n<p>Descolgu\u00e9 el tel\u00e9fono, marqu\u00e9 el n\u00famero del ayuntamiento y pregunt\u00e9 por un conserje con el que tengo buena relaci\u00f3n. Le dije que era la \u00fanica persona en Valencia que me pod\u00eda sacar del apuro de averiguar qu\u00e9 infiernos era el III Milenio (<em>\u00a1ah, s\u00ed! Menudo l\u00edo que tienen esta ma\u00f1ana con eso; pero no tengo ni idea de lo que es<\/em>). Esperaba esta respuesta, y ten\u00eda preparada una salida, que indagara en el departamento de protocolo el paradero de los ilustr\u00edsimos. En treinta segundos averigu\u00f3 que estaban alojados en el Valencia Palace.<\/p>\n<p>Un minuto despu\u00e9s estaba yo hablando con el premio Nobel de la paz, P\u00e9rez Esquivel. Con gran amabilidad se mostr\u00f3 dispuesto a recibirme. Aprovech\u00e9 su favorable \u00e1nimo para preguntarle si sab\u00eda de otros ilustres invitados en el hotel. Que \u00e9l supiera, estaba el escultor Miguel Berrocal. Los dem\u00e1s eran altos funcionarios de la UNESCO. \u00bfQuiz\u00e1 el se\u00f1or Mayor Zaragoza? No, el se\u00f1or Mayor Zaragoza no est\u00e1.<\/p>\n<p>Le dije que en media hora, no, en tres cuartos de hora le ver\u00eda. Me quise curar en salud, porque todav\u00eda ten\u00eda que ponerme de acuerdo con el c\u00e1mara e intentar averiguar un poquito, s\u00f3lo un poquito, m\u00e1s sobre el III Milenio.<\/p>\n<p>El c\u00e1mara, Miguel Angel Jim\u00e9nez, fue diligente, quiz\u00e1 porque ley\u00f3 en mis ojos la palabra \u201cdesesperado\u201d, y en media hora est\u00e1bamos en el hotel.<\/p>\n<p style=\"text-align: center;\"><strong>Un noble Nobel<\/strong><\/p>\n<p>Tuvimos la suerte de dejar el coche en la puerta, naturalmente en un lugar donde estaba prohibido aparcar. Desde recepci\u00f3n llam\u00e9 al premio Nobel, y luego habl\u00e9 con el director de habitaciones, un hombre sol\u00edcito, para comunicarle que \u00edbamos a montar un improvisado estudio en un rinc\u00f3n de la cafeter\u00eda, si \u00e9l no ten\u00eda inconveniente. De hecho, Miguel Angel ya hab\u00eda montado el estudio: un foco sobre un pie plegable, alimentado con una bater\u00eda de cintur\u00f3n, y la c\u00e1mara sobre el tr\u00edpode. Las dos cosas frente a un silloncito de caf\u00e9, con una pared de falso m\u00e1rmol veteado de fondo. Abierta a un lado, en el suelo, estaba la bolsa con los cables y las bater\u00edas de la c\u00e1mara, con aspecto de ser la caja de herramientas de un fontanero y electricista a la vez.<\/p>\n<p>En seguida apareci\u00f3 el premio Nobel, en mangas de camisa. P\u00e9rez Esquivel era un hombre de estatura mediana, corpulento, y con una cabeza que por alguna raz\u00f3n se me antoj\u00f3 de un noble clasicismo: ancha y proporcionada, sobre todo la frente, ampliada por las entradas del pelo, nariz grande, mirada de profunda serenidad detr\u00e1s de los lentes, y una boca con una amable expresi\u00f3n que no llegaba a ser una sonrisa. Me llam\u00f3 la atenci\u00f3n este \u00faltimo rasgo. Era una excepci\u00f3n a la \u201cfranca\u201d sonrisa con que suelen recibir los famosos y los ilustres a los periodistas, y no hab\u00eda en ella nada del desd\u00e9n o del fastidio mal disimulado de ciertos prominentes.<\/p>\n<p>Junto a P\u00e9rez Esquivel hab\u00eda una joven vestida con elegancia de boutique. El premio Nobel nos pregunt\u00f3 al c\u00e1mara y a m\u00ed si ten\u00edamos mucha prisa, porque en caso negativo deseaba hablar un instante con la muchacha. Puesto que eran las diez y P\u00e9rez Esquivel un premio Nobel, no ten\u00edamos mucha prisa.<\/p>\n<p>Aprovech\u00e9 para llamar de nuevo al ayuntamiento. Manolo Bernardos hab\u00eda llegado, pero se hab\u00eda perdido en el tumulto del III Milenio. Di a la imperturbable funcionaria el n\u00famero de mi tel\u00e9fono m\u00f3vil.<\/p>\n<p>A continuaci\u00f3n pregunt\u00e9 en recepci\u00f3n si hab\u00eda alguien alojado en el hotel relacionado con el III Milenio. No sab\u00edan qu\u00e9 era el III Milenio.<\/p>\n<p>Saqu\u00e9 del bolsillo la arrugada nota de prensa del Ayuntamiento y le\u00ed en voz alta alguno de los hombres ilustres. Michel Serres (uno de los empleados tras el mostrador reaccion\u00f3 con una extra\u00f1a mueca, le mir\u00e9 interrogantemente, pero no dijo nada; quiz\u00e1 le confundi\u00f3 con un cantante, o quiz\u00e1 era estudiante de sociolog\u00eda y le sonaba el acad\u00e9mico), Giselle Halimi (s\u00ed, ese se\u00f1or creo que est\u00e1, dijo una empleada, y mir\u00f3 en el registro; yo le dije, es una mujer, y la empleada dijo, ah, y dej\u00f3 de mirar en el registro), Pierre Cardin (no, ese no est\u00e1, pero creo que tiene reserva), Miguel Berrocal&#8230;<\/p>\n<p>Miguel Berrocal result\u00f3 ser el \u00fanico presente. Le buscaron por tel\u00e9fono en su habitaci\u00f3n, pero estaba comunicando. Tranquilizado por tenerle a tiro, me dediqu\u00e9 a observar a la concurrencia en el hall del hotel.<\/p>\n<p>Hab\u00eda varias mujeres j\u00f3venes de aspecto oriental con una indumentaria un tanto trasnochada, que hablaban en franc\u00e9s con tres tipos de unos cincuenta y tantos a\u00f1os vestidos con gran elegancia.<\/p>\n<p>Me dirig\u00ed a uno de ellos cuando parec\u00eda que iban a despedirse y a desaparecer, y le pregunt\u00e9 si ten\u00edan relaci\u00f3n con el III Milenio.<\/p>\n<p>El que hablaba conmigo, un hombre rechoncho, pero de gran prestancia, tostado por el sol probablemente en las mejores playas de la costa Azul, y a quien yo hab\u00eda tomado por el de mayor autoridad, me mir\u00f3 de un modo un tanto ag\u00f3nico (no hablaba castellano), y me dirigi\u00f3 a otro tipo m\u00e1s alto que \u00e9l, y sin duda de mayor rango y jerarqu\u00eda.<\/p>\n<p>Este era Lucio Attinelli, ex-alto funcionario de la UNESCO. No entend\u00ed muy bien la exclusi\u00f3n, pero me daba igual. Hablaba un espa\u00f1ol con acento italiano. Ten\u00eda que ver, y mucho, con el III Milenio.<\/p>\n<p>Me pareci\u00f3 que lo mejor que pod\u00eda hacer era confesarle mi lamentable ignorancia del evento, y pedirle ayuda.<\/p>\n<p>Sin perder un segundo, me puso al corriente de un modo sucinto e inequ\u00edvoco. Fuera lo que fuese en ese momento, aquel individuo era un tipo eficiente y adem\u00e1s simp\u00e1tico.<\/p>\n<p>Yo estaba loco de alegr\u00eda, por fin hab\u00eda conocido el insondable arcano. En resumidas cuentas, y sin que esto sea una transcripci\u00f3n de lo que me dijo Attinelli, sino lo que yo deduje, se trataba de lo siguiente: la UNESCO, amenazada por una ruina econ\u00f3mica de dif\u00edcil salida, debido a la negativa de los norteamericanos a pagar su cuota bajo la excusa de que la UNESCO es un nido de tercermundistas radicales que han decidido vivir del cuento y viajar gratis por el mundo, hab\u00eda lanzado una idea a los cuatro vientos: hay que celebrar la llegada del III Milenio, tenemos que reflexionar sobre las barbaridades del II Milenio, detectar los problemas que venimos arrastrando, y tratar de convencer a la Humanidad de que no repitan viejos errores.<\/p>\n<p>Para ello, nada mejor que reunir a un grupo de ilustr\u00edsimos del planeta, ponerlos a trabajar durante cuatro a\u00f1os, y celebrar sus conclusiones con champ\u00e1n y caviar, y alguno que otro acto en favor de la paz y de la tolerancia. El director de esta intelectual\u00edsima orquesta era (ya no lo es, se ha retirado, lanzando dardos envenenados contra el Tercer Milenio, despu\u00e9s de haberle sacado sus buenos duros, supongo) Umberto Ecco, que no hab\u00eda podido asistir por problemas de agenda a la firma del protocolo que le iba a permitir a \u00e9l y a sus amigos vivir a cuerpo de rey hasta el final del siglo. Los paganos \u00e9ramos los contribuyentes valencianos, en cuya capital se iban a reunir los sabios a partir del oto\u00f1o de 1996, y donde el escultor Berrocal iba a erigir un formidable monumento.<\/p>\n<p>Como es natural, el se\u00f1or Attinelli, present\u00f3 el III Milenio de otra manera, como era su obligaci\u00f3n. Yo, en el video, tambi\u00e9n.<\/p>\n<p>Yo estaba tan contento por el descubrimiento, y tan desesperado por no tener otra personalidad que el premio Nobel para mi v\u00eddeo, que le propuse resumirme eso mismo delante de la c\u00e1mara.<\/p>\n<p>Attinelli me sonri\u00f3, me agradeci\u00f3 la confianza, pero argument\u00f3 algo temible: no pod\u00eda ser \u00e9l, un humilde ex-alto funcionario, el encargado de hablar del evento, sino una de las autoridades valencianas que tan amablemente lo hab\u00edan acogido.<\/p>\n<p>Le convenc\u00ed de que las autoridades valencianas ten\u00edan su cuota de pantalla asegurada durante la transmisi\u00f3n de ese mediod\u00eda, y que mi video era uno de los que ten\u00edan que contribuir al mejor entendimiento del dichoso milenario por la audiencia, que estaba tan poco avisada como yo del asunto. Por tanto \u00e9l era la persona adecuada. Tan pronto como terminara de entrevistar a P\u00e9rez Esquivel, le ir\u00eda a buscar. Para mi consuelo, acept\u00f3 el trato.<\/p>\n<p>Me dirig\u00ed a Miguel Angel con una expresi\u00f3n de triunfo, pero lo que hab\u00eda en su cara era una sombr\u00eda amenaza.<\/p>\n<p style=\"text-align: center;\"><strong>Un contratiempo inoportuno<\/strong><\/p>\n<p>\u201cD\u00e9jame el tel\u00e9fono m\u00f3vil para llamar a la tele, macho. La c\u00e1mara no funciona\u201d, fue lo que me dijo.<\/p>\n<p>Lo primero que me aterroriz\u00f3 fue la idea de que P\u00e9rez Esquivel se me escapara antes de que llegara la c\u00e1mara sustituta que tra\u00eda un auxiliar t\u00e9cnico. Mientras el noble Nobel continuaba charlando con la muchacha pizpireta (result\u00f3 ser una admiradora y adem\u00e1s miembro de cierta ONG identificada con las ideas de P\u00e9rez Esquivel), yo imaginaba medios para retenerle que no fueran el secuestro.<\/p>\n<p>Por fin ocurri\u00f3 lo temible. Esquivel acab\u00f3 su conversaci\u00f3n con la admiradora y se dirigi\u00f3 al improvisado estudio.<\/p>\n<p>Tenemos un problema, le dije estirando la sonrisa tanto que pod\u00eda haber entrado por mi boca uno de los b\u00facaros con flores que hab\u00eda en el hall. Un problema t\u00e9cnico, pero no tardaremos en resolverlo. \u00bfSe tiene usted que ir en seguida? No se ten\u00eda que ir en seguida, pero iba a subir a la habitaci\u00f3n a tomar algunas notas.<\/p>\n<p>Estuve a punto de decirle, no se me vaya, \u00a1eh!, pero estim\u00e9 que a un premio Nobel no se le ha de hablar en estos t\u00e9rminos.<\/p>\n<p>Me acerqu\u00e9 al grupo de Attinelli, que se hab\u00eda sentado en unos sof\u00e1s, y empec\u00e9 a remolonear a su lado hasta que me invitaron a participar en la conversaci\u00f3n. Hablaba el ex-alto cargo con una mujer madura de gran belleza y vestida con exquisita elegancia. Era una italiana, la esposa de Miguel Berrocal, que en seguida apareci\u00f3, atildado como un dandy, y saludando con una atenci\u00f3n impropia de estos vulgares tiempos. El escultor todav\u00eda no hab\u00eda desayunado, y se levantaron todos para ir al bar. Me fui con ellos, y me tom\u00e9 un caf\u00e9 en su compa\u00f1\u00eda.<\/p>\n<p>Berrocal y Attinelli comentaron con perplejidad algo que hab\u00edan observado entre los organizadores valencianos del Milenio. Dirigi\u00e9ndose a m\u00ed, pregunt\u00f3 el bronceado ex-alto cargo, si yo pod\u00eda explicarle los aparentes celos y cosas todav\u00eda peores que \u00e9l hab\u00eda observado entre la alcald\u00eda de Valencia y la Diputaci\u00f3n. Se refer\u00eda a la alcaldesa de Valencia y al <em>president de la Diputaci\u00f3<\/em>, pero siendo un diplom\u00e1tico, Attinelli enfocaba los conflictos con ejemplar discreci\u00f3n.<\/p>\n<p>Le dije que la pol\u00edtica espa\u00f1ola era un avispero, y que cada centro de poder ten\u00eda su propio enjambre. No siendo especialista en pol\u00edtica local no pod\u00eda dar detalles reveladores, s\u00f3lo admitir que su percepci\u00f3n era extraordinaria.<\/p>\n<p>Attinelli me asegur\u00f3 que no se deb\u00eda a ninguna cualidad suya, sino a que era obvio y manifiesto, que si las miradas y los gestos fueran disparos, el III Milenio contar\u00eda con varias bajas.<\/p>\n<p>Por su parte, Miguel Berrocal estuvo explicando una ocurrencia que hab\u00eda tenido para conmemorar el III Milenio, construir varias fallas y quemarlas a la vez en una ciudad de cada uno de los continentes que componen el planeta Tierra. Tambi\u00e9n dio algunas opiniones bastante sensatas sobre el III Milenio y a\u00f1adi\u00f3 algunas informaciones valiosas para m\u00ed. Pero me qued\u00e9 con lo de la falla, que es lo que finalmente saldr\u00eda de Berrocal en el supervideo.<\/p>\n<p>Miguel Angel, el c\u00e1mara, apareci\u00f3 por el bar con la noticia de que hab\u00eda instalado la c\u00e1mara nueva y que funcionaba a la perfecci\u00f3n. Me sent\u00ed aliviado.<\/p>\n<p>Primero hicimos la entrevista al escultor Berrocal, luego a Attinelli. Con las dos ten\u00edamos de sobras para la pieza informativa, y adem\u00e1s habr\u00eda quedado muy ilustrativa. Pero faltaban el premio Nobel, el modisto Cardin y el propio director general de la UNESCO.<\/p>\n<p>Gracias a Bernardos, el jefe de Prensa del Ayuntamiento, pude saber por fin que Cardin y Mayor Zaragoza llegaban en avi\u00f3n de Par\u00eds, en el mismo avi\u00f3n. A una hora justa para que Miguel Angel y yo pudi\u00e9ramos acudir al aeropuerto de Manises, grabar dos planos, salir zumbando a la redacci\u00f3n de Burjassot, y montar el dichoso video revelaci\u00f3n del Tercer Milenio.<\/p>\n<p>Llam\u00e9 a P\u00e9rez Esquivel a su habitaci\u00f3n, y mientras bajaba, Attinelli tuvo la buena idea de presentarme a una exhuberante periodista inglesa, especialista en temas de cultura del \u201cTimes\u201d de Londres. Para asegurarme personajes, y aunque la despampanante brit\u00e1nica no ten\u00eda que ver con los protagonistas del Milenio, decid\u00ed hacerle una entrevista.<\/p>\n<p>La bella reportera confes\u00f3 que le parec\u00eda de perlas que Valencia fuera la capital del III Milenio y que iba a escribir un largo art\u00edculo sobre la ciudad.<\/p>\n<p>Me qued\u00e9 con las ganas de preguntarle por qu\u00e9 se hab\u00eda alojado precisamente en el mismo hotel de lujo que las eminencias de la UNESCO, y me contest\u00e9 yo mismo la cuesti\u00f3n de una forma bastante temeraria e imprudente si la hubiera hecho p\u00fablica. La chica del \u201cTimes\u201d result\u00f3 no ser la \u00fanica. El Ayuntamiento, la Diputaci\u00f3n y la Generalitat hab\u00edan tirado la casa por la ventana (varias decenas de millones de pesetas, seg\u00fan la canallesca) para invitar al acontecimiento a dieciocho medios de comunicaci\u00f3n internacionales, entre los que se contaban la \u201cABC\u201d norteamericana, la \u201cCNN\u201d, el \u201cDaily Telegraph\u201d, \u201cLe Figaro\u201d, \u201cDie Welt\u201d y el mencionado \u201cTimes\u201d de Londres.<\/p>\n<p>Todav\u00eda no hab\u00eda acabado la entrevista con la periodista, cuando apareci\u00f3 P\u00e9rez Esquivel, el objeto m\u00e1s preciado de mis obligaciones profesionales aquella ma\u00f1ana, as\u00ed que, de un modo abrupto que a cualquier persona que no sea periodista parecer\u00eda incorrecta y maleducada, finalic\u00e9 la intervi\u00fa con la inglesa.<\/p>\n<p>Miguel Angel coloc\u00f3 al Nobel en el improvisado estudio del bar, yo le hice varias preguntas, y cuando consider\u00e9 que ten\u00eda un corte de voz o \u201ctotal\u201d v\u00e1lido para la noticia, le di las gracias. Tuve la impresi\u00f3n que de todo lo que me hab\u00eda hablado P\u00e9rez Esquivel, acabar\u00eda utilizando lo menos elocuente, porque era el trozo m\u00e1s breve y coherente a la vez. El resto eran discursos muy interesantes, pero demasiado largos para un video de dos minutos con varias declaraciones. Fue lo que ocurri\u00f3.<\/p>\n<p>Antes de abandonar el Valencia Palace, Miguel Angel grab\u00f3 a una de las muchachas orientales mencionadas m\u00e1s arriba, que practicaba en un piano. Fueron unas im\u00e1genes providenciales que, a la hora del montaje, salvar\u00edan el video.<\/p>\n<p style=\"text-align: center;\"><strong>El director de la Unesco y el verbo<\/strong><\/p>\n<p>Desmontamos el estudio a toda prisa y nos largamos a la plaza del Ayuntamiento de la ciudad. All\u00ed, con el bello edificio consistorial como fondo grab\u00e9 un discursete, \u201cespich\u201d o \u201cstand up\u201d, dirigi\u00e9ndome a la c\u00e1mara con el micr\u00f3fono en la mano, discursete con el cual iniciar\u00eda la pieza.<\/p>\n<p>En cosa de minutos est\u00e1bamos en el aeropuerto de Manises. Entramos en la planta de \u201cLlegadas\u201d como un cicl\u00f3n. Tuvimos que serenarnos. Todav\u00eda no hab\u00eda llegado nadie. Encontramos a un equipo de una cadena privada y a algunos compa\u00f1eros de la prensa escrita. Entre todos nos dedicamos a indagar qui\u00e9n llegaba y por d\u00f3nde, por qu\u00e9 puerta. En esto apareci\u00f3 el presidente de la Diputaci\u00f3n con su s\u00e9quito. Nos tranquilizaron, nos aseguraron que nos traer\u00edan a los notables, que ya hab\u00edan aterrizado, vivos o muertos. Les conven\u00eda hacerlo, les hab\u00edan pagado el viaje a Valencia para eso, para que se dieran a conocer ante los medios de comunicaci\u00f3n.<\/p>\n<p>Por un instante, Miguel Angel y yo tuvimos una terrible duda period\u00edstica: \u00bfPierre Cardin o Mayor Zaragoza? El modisto o el diplom\u00e1tico. Los dos, pero si hay que excluir a alguno, se queda fuera del video Mayor Zaragoza; a quien todo el mundo conoce es a Pierre Cardin, y nosotros nos debemos al p\u00fablico, a la audiencia.<\/p>\n<p>No fue Cardin, fue Zaragoza. Cardin se escap\u00f3, sencillamente, supo eludir a los medios de comunicaci\u00f3n, viejo zorro. Naturalmente, Zaragoza estaba encantado. Habl\u00f3 largo y tendido, contest\u00f3 prolijamente cada una de mis desesperadas preguntas (desesperadas porque yo lo que buscaba no era una bonita respuesta, sino un buen y breve corte de voz). Me preguntaba si Mayor Zaragoza sab\u00eda lo que es la televisi\u00f3n; cualquier artista de medio pelo conoce las limitaciones de la tele, corto y al grano, en quince segundos.<\/p>\n<p>Antes de dejarlos marchar, y a pesar de que se me echaba el tiempo encima, observ\u00e9 en los ojos del presidente de la Diputaci\u00f3n una mirada especial. Le\u00ed convenientemente, la televisi\u00f3n auton\u00f3mica no pod\u00eda ignorar al presidente de la Diputaci\u00f3n, \u00bfverdad? Fui d\u00e9bil, y le puse el micr\u00f3fono en la boca. Era consciente de que no iba a utilizar su declaraci\u00f3n. Juro que es la \u00faltima vez que me he traicionado. De hecho, poco despu\u00e9s, me gan\u00e9 el odio eterno de la alcaldesa de Requena por resistirme a grabar unas declaraciones suyas que no ven\u00edan a cuento.<\/p>\n<p>Llegamos al centro de producci\u00f3n de Burjassot de Canal 9 en cinco minutos, gracias a que tiene una buena conexi\u00f3n con Manises. Pasaban de la una. A la una y media ten\u00eda el texto redactado. Y tambi\u00e9n la entradilla que habr\u00eda de leer el presentador. Por supuesto, la cinta ni la mir\u00e9.<\/p>\n<p>Hab\u00eda dejado los huecos para las intervenciones. Como no hab\u00eda minutado el bruto de c\u00e1mara (la cinta grabada) no hab\u00eda podido elegir el corte de voz m\u00e1s apropiado.<\/p>\n<p>A las dos menos veinticinco entraba en una cabina de edici\u00f3n. A toda prisa le\u00ed el \u201coff\u201d, seleccion\u00e9 al azar (es decir, lo que primero encontr\u00e9) los cortes de voz de los protagonistas, salvo el del escultor Berrocal, el \u00fanico que ten\u00eda claro (fuera quedaron Atinelli, la periodista del \u201cTimes\u201d y, claro, el presidente de la Dipu), y me puse a montar con la ayuda inestimable del operador de equipo. A las dos menos cinco todav\u00eda me faltaba \u201ctapar\u201d parte del \u201coff\u201d. El editor, Pep Magraner se asomaba a la cabina y me preguntaba si estar\u00eda el video para las dos, bueno para las dos y cinco. Le jur\u00e9 que s\u00ed. \u201cAsfalta, asfalta\u201d, sugiri\u00f3 imperativo, con lo cual quer\u00eda decir que metiera lo primero que encontrara. Finalmente decid\u00ed colocar las im\u00e1genes de la chinita ensayando en el piano del hotel, que ten\u00edan que ver con la noticia, pero a las que no se hac\u00eda referencia para nada en el texto. Prefer\u00ed pensar que la audiencia llenar\u00eda la elipsis cuando vieran a la chinita tocar de verdad en La Lonja, o que no la notar\u00eda. A las dos en punto entregaba el video al editor. Sonaba as\u00ed (traducida del valenciano).<\/p>\n<p>Imagen de la presentadora, Maria Josep Poquet, en directo, improvisando (pero apoy\u00e1ndose en la entradilla que yo hab\u00eda escrito), desde la Lonja de Valencia.<\/p>\n<p><em>Contin\u00faa el discurso del president de la Generalitat, Eduardo Zaplana. Adem\u00e1s de los pol\u00edticos y de todas las personas que han visto ustedes y que est\u00e1n en la mesa presidencial, se han acercado aqu\u00ed a Valencia, para conocerla ahora y los a\u00f1os que tenemos por delante, muchos intelectuales de todos los campos intelectuales, sobre todo, adem\u00e1s, de renombre internacional. Con ellos ha hablado nuestro compa\u00f1ero Ferran (sic) Bell\u00f3n<\/em>.<\/p>\n<p>Imagen del reportero en la plaza del Ayuntamiento.<\/p>\n<p><em>Desde hoy mismo y hasta el a\u00f1o 2001, no s\u00f3lo el nuevo siglo, sino tambi\u00e9n el nuevo milenio, Valencia ES el centro de observaci\u00f3n del mundo hacia el futuro. Los especialistas m\u00e1s reconocidos intentar\u00e1n encontrar desde aqu\u00ed la soluci\u00f3n a los problemas de la Humanidad.<\/em><\/p>\n<p>A continuaci\u00f3n video con im\u00e1genes alusivas y con el siguiente texto:<\/p>\n<p><em>A mediod\u00eda llegaba a Valencia Federico Mayor Zaragoza, director de la Unesco, la organizaci\u00f3n educativa mundial de la cual parti\u00f3 la idea que las autoridades valencianas acogieron inmediatamente. El Tercer Milenio es el proyecto intelectual y cultural de mayor envergadura que tiene lugar en la Comunidad Valenciana en los \u00faltimos a\u00f1os.<\/em><\/p>\n<p>Corte de voz o \u201ctotal\u201d de Federico Mayor Zaragoza.<\/p>\n<p><em>El problema m\u00e1s grave que tiene el mundo es darnos cuenta que tenemos que compartir mejor, que hay unas enormes asimetr\u00edas en la distribuci\u00f3n de las riquezas en el mundo, incluyendo los conocimientos, que tenemos un legado muy importante, natural, el medio ambiente, cultural, y no s\u00f3lo los monumentos de piedra, sino una serie de valores \u00e9ticos muy importantes que tenemos que salvaguardar.<\/em><\/p>\n<p>Sigue \u201coff\u201d.<\/p>\n<p><em> Desde hace un tiempo un grupo de investigadores, especialistas en todas las ramas de la ciencia y las humanidades, dirigidos por Umberto Ecco, redactan un estudio de lo que han sido los \u00faltimos 1000 a\u00f1os de la Humanidad. A partir de noviembre se reunir\u00e1n en Valencia para presentar sus ponencias y abrir\u00e1n un foro de discusi\u00f3n.<\/em><\/p>\n<p>Corte de voz de P\u00e9rez Esquivel.<\/p>\n<p><em>Es un poco tambi\u00e9n mirar hacia el tercer milenio, cuales son sus perspectivas, qu\u00e9 est\u00e1 pasando hoy con la vida de nuestros pueblos, y este es un encuentro valioso, que se realice aqu\u00ed en Valencia, para poder reflexionar juntos.<\/em><\/p>\n<p>Sigue \u201coff\u201d.<\/p>\n<p><em>Entre las iniciativas art\u00edsticas, destaca la del escultor Miguel Berrocal.<\/em><\/p>\n<p>Corte de voz de Miguel Berrocal.<\/p>\n<p><em>Se me ha ocurrido poder presentar los bocetos o los modelos de estas esculturas en todas las partes del mundo, realizadas con los medios tradicionales de las Fallas.<\/em><\/p>\n<p>Termina \u201coff\u201d.<\/p>\n<p><em>Sobre las cenizas de estas esculturas, en cinco ciudades de los cinco continentes, se edificar\u00e1n monumentos conmemorativos del Tercer Milenio.<\/em><\/p>\n<p>El video duraba 2 minutos 11 segundos y 18 <em>frames<\/em> (cada segundo tiene 24 <em>frames<\/em> o instant\u00e1neas).<\/p>\n<p>&nbsp;<\/p>\n<p>La Organizaci\u00f3n de las Naciones Unidas para la Educaci\u00f3n, la Ciencia y la Cultura (UNESCO) declar\u00f3 oficialmente la Lonja como Patrimonio Cultural de la Humanidad el 5 de diciembre de 1996.<\/p>\n<p align=\"JUSTIFY\"><a href=\"https:\/\/www.levante-emv.com\/valencia\/2005\/09\/27\/eco-harto-congresos-milenio-terminado-13836106.html\" target=\"_blank\" rel=\"noopener noreferrer\">El Tercer Milenio visto desde 2005 por Humberto Eco, en el diario Levante-EMV<\/a>.<\/p>\n<\/div><\/div>[\/vc_column][\/vc_row][vc_row][vc_column][\/vc_column][\/vc_row][vc_row][vc_column]<div  class=\"empty-space  marg-lg-b20\"><\/div>[vc_btn title=&#8221;Cap\u00edtulo VII (Informativos de Canal 9)&#8221; color=&#8221;info&#8221; align=&#8221;center&#8221; i_icon_fontawesome=&#8221;fa fa-file-pdf-o&#8221; button_block=&#8221;true&#8221; add_icon=&#8221;true&#8221; link=&#8221;url:https%3A%2F%2Fagroicultura.com%2Fgeneral%2Fwp-content%2Fuploads%2F2022%2F02%2FInf-Elec-Cap-7.pdf||target:%20_blank|&#8221;]<div  class=\"empty-space  marg-lg-b20\"><\/div>[\/vc_column][\/vc_row]<\/p>\n<\/div>","protected":false},"excerpt":{"rendered":"<p>[vc_row][vc_column][vc_single_image source=&#8221;featured_image&#8221; img_size=&#8221;large&#8221; alignment=&#8221;center&#8221;][\/vc_column][\/vc_row][vc_row][vc_column][\/vc_column][\/vc_row][vc_row][vc_column][vc_btn title=&#8221;Cap\u00edtulo VII (Informativos de Canal 9)&#8221; color=&#8221;info&#8221; align=&#8221;center&#8221; i_icon_fontawesome=&#8221;fa fa-file-pdf-o&#8221; button_block=&#8221;true&#8221; add_icon=&#8221;true&#8221; link=&#8221;url:https%3A%2F%2Fagroicultura.com%2Fgeneral%2Fwp-content%2Fuploads%2F2022%2F02%2FInf-Elec-Cap-7.pdf||target:%20_blank|&#8221;][\/vc_column][\/vc_row]<\/p>\n","protected":false},"author":2,"featured_media":13896,"comment_status":"open","ping_status":"closed","sticky":false,"template":"","format":"standard","meta":{"footnotes":"","jetpack_publicize_message":"","jetpack_publicize_feature_enabled":true,"jetpack_social_post_already_shared":true,"jetpack_social_options":{"image_generator_settings":{"template":"highway","default_image_id":0,"font":"","enabled":false},"version":2}},"categories":[519,510],"tags":[],"class_list":["post-13892","post","type-post","status-publish","format-standard","has-post-thumbnail","hentry","category-los-informativos-electronicos","category-series"],"jetpack_publicize_connections":[],"jetpack_featured_media_url":"https:\/\/agroicultura.com\/general\/wp-content\/uploads\/2021\/06\/tercer-milenio.jpeg","jetpack_shortlink":"https:\/\/wp.me\/p4Dh6a-3C4","jetpack-related-posts":[],"_links":{"self":[{"href":"https:\/\/agroicultura.com\/general\/wp-json\/wp\/v2\/posts\/13892","targetHints":{"allow":["GET"]}}],"collection":[{"href":"https:\/\/agroicultura.com\/general\/wp-json\/wp\/v2\/posts"}],"about":[{"href":"https:\/\/agroicultura.com\/general\/wp-json\/wp\/v2\/types\/post"}],"author":[{"embeddable":true,"href":"https:\/\/agroicultura.com\/general\/wp-json\/wp\/v2\/users\/2"}],"replies":[{"embeddable":true,"href":"https:\/\/agroicultura.com\/general\/wp-json\/wp\/v2\/comments?post=13892"}],"version-history":[{"count":13,"href":"https:\/\/agroicultura.com\/general\/wp-json\/wp\/v2\/posts\/13892\/revisions"}],"predecessor-version":[{"id":14526,"href":"https:\/\/agroicultura.com\/general\/wp-json\/wp\/v2\/posts\/13892\/revisions\/14526"}],"wp:featuredmedia":[{"embeddable":true,"href":"https:\/\/agroicultura.com\/general\/wp-json\/wp\/v2\/media\/13896"}],"wp:attachment":[{"href":"https:\/\/agroicultura.com\/general\/wp-json\/wp\/v2\/media?parent=13892"}],"wp:term":[{"taxonomy":"category","embeddable":true,"href":"https:\/\/agroicultura.com\/general\/wp-json\/wp\/v2\/categories?post=13892"},{"taxonomy":"post_tag","embeddable":true,"href":"https:\/\/agroicultura.com\/general\/wp-json\/wp\/v2\/tags?post=13892"}],"curies":[{"name":"wp","href":"https:\/\/api.w.org\/{rel}","templated":true}]}}