{"id":14598,"date":"2022-03-30T10:51:06","date_gmt":"2022-03-30T08:51:06","guid":{"rendered":"https:\/\/agroicultura.com\/general\/?p=14598"},"modified":"2023-04-23T19:43:27","modified_gmt":"2023-04-23T17:43:27","slug":"dias-de-invierno-en-mallorca","status":"publish","type":"post","link":"https:\/\/agroicultura.com\/general\/dias-de-invierno-en-mallorca\/","title":{"rendered":"D\u00edas de invierno en Mallorca"},"content":{"rendered":"<div class=\"wpb-content-wrapper\"><p>[vc_row][vc_column][vc_single_image image=&#8221;14602&#8243; img_size=&#8221;large&#8221; add_caption=&#8221;yes&#8221; alignment=&#8221;center&#8221;]<div  class=\"empty-space  marg-lg-b15\"><\/div>[vc_single_image image=&#8221;14634&#8243; img_size=&#8221;large&#8221; add_caption=&#8221;yes&#8221; alignment=&#8221;center&#8221;]<div  class=\"empty-space  marg-lg-b15\"><\/div>[vc_single_image image=&#8221;14604&#8243; img_size=&#8221;large&#8221; add_caption=&#8221;yes&#8221; alignment=&#8221;center&#8221;]<div  class=\"empty-space  marg-lg-b15\"><\/div>[\/vc_column][\/vc_row][vc_row][vc_column]<div class=\"text-block\" ><div class=\"simple-text size-4\"><p><strong>Apuntes de un viaje del Imserso, por F.B.<\/strong><\/p>\n<p style=\"text-align: center;\"><strong>Un jubilata iracundo<\/strong><\/p>\n<p>El mi\u00e9rcoles 15 de marzo rezongaba yo en la cama a las cuatro de la ma\u00f1ana, sin poder contener mi deseo de que cayera un rayo exterminador sobre la carpa de la falla de mi calle, de donde sal\u00edan esos rugidos inhumanos con que los gringos torturaban a los prisioneros caldeos de Guant\u00e1namo.<\/p>\n<p>A las dos y media despegaba el avi\u00f3n que nos llevaba a Mallorca.<\/p>\n<p>Cerca de las cuatro lleg\u00e1bamos al hotel situado en Can Pastilla, de la que luego hablar\u00e9.<\/p>\n<p>En recepci\u00f3n nos dirigieron al comedor, donde nos esperaba una comida fr\u00eda.<\/p>\n<p>\u2014Gracias, no tenemos apetito. Preferimos tramitar la entrada y subir a la habitaci\u00f3n.<\/p>\n<p>\u2014Tiene que esperarse a que terminen todos de comer.<\/p>\n<p>\u2014 \u00bf\u00bf\u00bf???<\/p>\n<p>Concluida la colaci\u00f3n:<\/p>\n<p>\u2014Le agradecer\u00eda que nos diera una habitaci\u00f3n alejada de las diversiones nocturnas.<\/p>\n<p>\u2014Le tengo que dar la que tiene asignada.<\/p>\n<p>\u2014Pero estar\u00e1 lejos de la zona de ruidos nocturnos&#8230;<\/p>\n<p>\u2014No se preocupe. Las recreaciones est\u00e1n por all\u00ed \u2014la izquierda\u2014, y su habitaci\u00f3n por all\u00ed \u2014la derecha.<\/p>\n<p>Subimos al primer piso. La habitaci\u00f3n asignada se encuentra exactamente encima del escenario de las diversiones nocturnas y diurnas.<\/p>\n<p>Bajo a recepci\u00f3n. Me dicen que no pueden hacer nada. Me enciendo. Le digo que vengo huyendo de las Fallas, y que no estoy dispuesto a soportar m\u00e1s ruido nocturno (normalmente, las fiestas para turistas no pasan de la medianoche, pero vengo airado y no estoy dispuesto a soportar ni esto, pulgar e \u00edndice unidos).<\/p>\n<p>Me dice que me buscar\u00e1 otra habitaci\u00f3n cuando se quede libre de las entradas.<\/p>\n<p>Lo consigo. Me pregunto si habr\u00eda llegado al mismo resultado sin ira.<\/p>\n<p>Llueve sin piedad, y lo har\u00e1 hasta el mediod\u00eda siguiente, ya en Palma.<\/p>\n<\/div><\/div><div  class=\"empty-space  marg-lg-b15\"><\/div>[vc_single_image image=&#8221;14599&#8243; img_size=&#8221;large&#8221; add_caption=&#8221;yes&#8221; alignment=&#8221;center&#8221;]<div  class=\"empty-space  marg-lg-b15\"><\/div>[vc_single_image image=&#8221;14606&#8243; img_size=&#8221;large&#8221; add_caption=&#8221;yes&#8221; alignment=&#8221;center&#8221;]<div  class=\"empty-space  marg-lg-b15\"><\/div>[vc_single_image image=&#8221;14603&#8243; img_size=&#8221;large&#8221; add_caption=&#8221;yes&#8221; alignment=&#8221;center&#8221;]<div  class=\"empty-space  marg-lg-b15\"><\/div>[\/vc_column][\/vc_row][vc_row][vc_column]<div class=\"text-block\" ><div class=\"simple-text size-4\"><p align=\"CENTER\"><b>Ecos de Ucrania<\/b><\/p>\n<p align=\"JUSTIFY\">La tele del hotel sintoniza decenas de canales: espa\u00f1oles, italianos, franceses, alemanes (mutitud), ingleses, holandeses, ninguno portugu\u00e9s, y tres rusos. \u00bfO son ucranianos? Imposible averiguarlo para quien desconoce los idiomas eslavos. A veces hablan de la guerra (o la \u201coperaci\u00f3n militar\u201d) en Ucrania, muestran im\u00e1genes de refugiados y de destrucci\u00f3n, y sale un tipo con uniforme militar haciendo declaraciones. Uno pensaba que Occidente hab\u00eda cortado las emisiones rusas. Debe ser un error m\u00edo de interpretaci\u00f3n, porque gracias al wifi del hotel me conecto y entro en las p\u00e1ginas de <i>Rusia Today<\/i> y en <i>Sputnik<\/i>. Temo que los rusos no tendr\u00e1n acceso a la BBC, a las cadenas francesas o alemanas.<\/p>\n<p align=\"JUSTIFY\">Al pasear por la ciudad de Palma, por los pintorescos pueblos de la isla, por las playas se cruza uno con turistas convencionales que parecen hablar en ruso \u00bfo en ucraniano? L\u00e1stima no conocer la lengua de Dostoievski, para preguntarles por el l\u00edo en el que ha metido Putin y la OTAN a los eslavos y a los europeos en general.<\/p>\n<\/div><\/div><div  class=\"empty-space  marg-lg-b15\"><\/div>[vc_single_image image=&#8221;14609&#8243; img_size=&#8221;large&#8221; add_caption=&#8221;yes&#8221; alignment=&#8221;center&#8221;]<div  class=\"empty-space  marg-lg-b15\"><\/div>[vc_single_image image=&#8221;14610&#8243; img_size=&#8221;large&#8221; add_caption=&#8221;yes&#8221; alignment=&#8221;center&#8221;]<div  class=\"empty-space  marg-lg-b15\"><\/div>[vc_single_image image=&#8221;14611&#8243; img_size=&#8221;large&#8221; add_caption=&#8221;yes&#8221; alignment=&#8221;center&#8221;]<div  class=\"empty-space  marg-lg-b15\"><\/div>[vc_single_image image=&#8221;14621&#8243; img_size=&#8221;large&#8221; add_caption=&#8221;yes&#8221; alignment=&#8221;center&#8221;][\/vc_column][\/vc_row][vc_row][vc_column]<div class=\"text-block\" ><div class=\"simple-text size-4\"><p align=\"CENTER\"><b>Una fachada intercambiable<\/b><\/p>\n<p align=\"JUSTIFY\">Una tarde cenicienta, mi mujer y yo damos un paseo por la playa bajo un cielo gris ceniza. La primera y segunda l\u00edneas de edificaciones nos resultan conocidas. Hoteles, cafeter\u00edas y restaurantes, tiendas de chucher\u00edas tur\u00edsticas, alquileres de coches y de bicicletas, negocios ex\u00f3ticos, como unas peceras para meter los pies y recibir un masaje de pescaditos, vituallas, moda estereotipada playera femenina y masculina&#8230; Ni un metro de fachada sin negocio. \u00bfC\u00f3mo sobrevivir\u00e1n, haci\u00e9ndose la competencia en masa?<\/p>\n<p align=\"JUSTIFY\">D\u00edas despu\u00e9s, un familiar residente en Palma nos contar\u00e1 que los ingresos en temporada tur\u00edstica de algunos de esos negocios son astron\u00f3micos. Y el negocio del negocio no es moco de pavo. Traspasar un local cuesta un ri\u00f1\u00f3n. El caso es que el dinero se mueve, aunque no crea riqueza, sino incertidumbre. Pero son las cosas del mercado.<\/p>\n<p align=\"JUSTIFY\">Vistos a media distancia, esta sucesi\u00f3n de comercios de todos los g\u00e9neros y productos forman una fachada intercambiable en todo el Mediterr\u00e1neo peninsular e insular. Desde el cabo de Creus hasta La L\u00ednea, pasando por Salou, Benic\u00e1sim, Tavernes, Gand\u00eda, Denia, San Juan, Santa Pola, La Manga, Cabo de Gata y otras ciudades andaluzas, la fachada mar\u00edtima es bastante homog\u00e9nea. Y dicen que el mercado es libre, variado, ofrece oportunidades a la imaginaci\u00f3n comercial, y falsedades semejantes. Los municipios tur\u00edsticos del Mediterr\u00e1neo espa\u00f1ol parecen un decorado de pel\u00edcula.<\/p>\n<\/div><\/div><div  class=\"empty-space  marg-lg-b15\"><\/div>[vc_single_image image=&#8221;14612&#8243; img_size=&#8221;large&#8221; add_caption=&#8221;yes&#8221; alignment=&#8221;center&#8221;]<div  class=\"empty-space  marg-lg-b15\"><\/div>[vc_single_image image=&#8221;14613&#8243; img_size=&#8221;large&#8221; add_caption=&#8221;yes&#8221; alignment=&#8221;center&#8221;]<div  class=\"empty-space  marg-lg-b15\"><\/div>[vc_single_image image=&#8221;14614&#8243; img_size=&#8221;large&#8221; add_caption=&#8221;yes&#8221; alignment=&#8221;center&#8221;]<div  class=\"empty-space  marg-lg-b15\"><\/div>[vc_single_image image=&#8221;14615&#8243; img_size=&#8221;large&#8221; add_caption=&#8221;yes&#8221; alignment=&#8221;center&#8221;]<div  class=\"empty-space  marg-lg-b15\"><\/div>[\/vc_column][\/vc_row][vc_row][vc_column]<div class=\"text-block\" ><div class=\"simple-text size-4\"><p align=\"CENTER\"><b>La f\u00e1brica espa\u00f1ola del turismo <\/b><\/p>\n<p align=\"JUSTIFY\">Las islas Baleares son la marca de f\u00e1brica espa\u00f1ola del turismo. Benidorm y Marbella tambi\u00e9n, pero ahora estamos en Mallorca y hay que ce\u00f1irse a ella.<\/p>\n<p align=\"JUSTIFY\">Todo est\u00e1 concebido para el turismo exterior. Construcciones, hosteler\u00eda, restauraci\u00f3n, comercios de cosas innecesarias, horarios de comidas en los hoteles. Yo calculo que en este viaje de una semana de invierno despiadado habr\u00e9 visto en Mallorca una proporci\u00f3n equivalente de turistas espa\u00f1oles (la mayor\u00eda abuelos) y extranjeros de todas las edades, con un predominio de los guiris. Y entre estos, mayor\u00eda aplastante alemana. Mi hija, que vive en Nuremberga, dice que los alemanes consideran Mallorca el d\u00e9cimo octavo <i>Land<\/i> alem\u00e1n, con una extensi\u00f3n medio tropical: <i>Teneriffa.<\/i><\/p>\n<p align=\"JUSTIFY\"><i> <\/i>Una derivaci\u00f3n o efecto ben\u00e9fico colateral es el negocio de la bicicleta. Vaya uno por donde vaya, las carreteras est\u00e1n llenas de ciclistas, sobre todo el fin de semana. Llenas quiere decir que hay ciclistas como setas. He o\u00eddo que ciertos equipos internacionales van a la isla de Mallorca a entrenar a sus figuras y a su pelot\u00f3n, por la cantidad de cuestas que hay en la sierra Tramuntana, un espinazo del sistema Ib\u00e9rico o del Penib\u00e9tico, ahora no me acuerdo de cual y no tengo ganas de verificarlo en Wikipedia. Yo puedo hablar de cientos de ciclistas con los que me cruc\u00e9 o adelant\u00e9, s\u00f3lo en dos d\u00edas de desplazamientos en autom\u00f3vil.<\/p>\n<p align=\"JUSTIFY\">No es el invierno la mejor temporada para la hosteler\u00eda mallorquina. La mayor\u00eda de los hoteles est\u00e1n cerrados o en reparaci\u00f3n.<\/p>\n<p align=\"JUSTIFY\">Todo negocio conlleva un porcentaje de venalidad, corruptela o corrupci\u00f3n, en especial el pelotazo inmobiliario. En Mallorca los casos llenan las hemerotecas. Todav\u00eda persisten. Una fuente bien informada me cuenta que una de las causas de las corruptelas es la incuria administrativa. El gobierno balear fij\u00f3 en su d\u00eda una Plan General de Urbanismo para toda la isla, que el 80 por ciento de los ayuntamientos ignoran. As\u00ed que los que necesitan licencias se vuelven locos o, para no volverse, act\u00faan sin esperar los permisos que la burocracia concede con cuentagotas. A alguno parece que le ha costado un disgusto carcelario.<\/p>\n<\/div><\/div><div  class=\"empty-space \"><\/div>[vc_single_image image=&#8221;14616&#8243; img_size=&#8221;large&#8221; add_caption=&#8221;yes&#8221; alignment=&#8221;center&#8221;]<div  class=\"empty-space  marg-lg-b15\"><\/div>[vc_single_image image=&#8221;14617&#8243; img_size=&#8221;large&#8221; add_caption=&#8221;yes&#8221; alignment=&#8221;center&#8221;]<div  class=\"empty-space  marg-lg-b15\"><\/div>[vc_single_image image=&#8221;14622&#8243; img_size=&#8221;large&#8221; add_caption=&#8221;yes&#8221; alignment=&#8221;center&#8221;]<div  class=\"empty-space  marg-lg-b15\"><\/div>[\/vc_column][\/vc_row][vc_row][vc_column]<div class=\"text-block\" ><div class=\"simple-text size-4\"><p align=\"CENTER\"><b>Identidad relativa<\/b><\/p>\n<p align=\"JUSTIFY\">El bello paisaje mallorqu\u00edn es una creaci\u00f3n ret\u00f3rica. Quiero decir, las virtudes que se le atribuyen (reales) no son exclusivas, sino comunes a toda la regi\u00f3n mediterr\u00e1nea. Si a un labrador valenciano se le tapan los ojos, se le teletransporta y se le suelta en medio de un bancal mallorqu\u00edn, asegur\u00e1ndole que est\u00e1 en su tierra, no tendr\u00e1 razones para dudarlo. Al rev\u00e9s, tambi\u00e9n sirve. Y lo mismo con un murciano, un andaluz oriental o un catal\u00e1n. El paisaje es homog\u00e9neo en toda la cuenca. Yo he visto una pel\u00edcula supuestamente rodada en Grecia, que se grab\u00f3 en la Marina Alta de Alicante, y lo descubr\u00ed porque algunas curvas me resultaban familiares, no del Peloponeso, sino de la Costa Blanca. Tambi\u00e9n cuando anduve en autom\u00f3vil por los vericuetos griegos, me sent\u00eda en casa, exceptuando las capillas ortodoxas.<\/p>\n<p align=\"JUSTIFY\">Lo que distingue el paisaje balear es la fisonom\u00eda <i>vintage<\/i> de los pueblos y la extraordinaria hermosura de las calas. De la primera pudimos disfrutar, a pesar de la climatolog\u00eda. De lo segundo, casi nada, porque hac\u00eda un viento de todos los demonios y el cielo era una losa de cemento.<\/p>\n<p align=\"JUSTIFY\">En honor a la verdad, tambi\u00e9n es leg\u00edtimo reconocer que la isla de Mallorca goza de unas monta\u00f1as que fomentan la humedad, los cultivos medran bien y dan al paisaje un tono m\u00e1s verde oliva que el de otras costas mediterr\u00e1neas, al menos invierno.<\/p>\n<p align=\"JUSTIFY\">Una de las excursiones para jubilatas nos llev\u00f3 a Valldemosa, el Valle de Muza, seg\u00fan el gu\u00eda, que ten\u00eda cierta tendencia a la fabulaci\u00f3n. Asegur\u00f3 que los \u00e1rabes \u201cdescubrieron\u201d los torrentes y los pozos de agua para el suministro de los habitantes, como si fenicios, jud\u00edos, romanos, bizantinos y cristianos en general que habitaron la isla bebieran agua salada o vino.<\/p>\n<p align=\"JUSTIFY\">Los molinos de viento s\u00ed son una identidad paisaj\u00edstica. Los hay a centenares, la mayor\u00eda en ruinas. Los m\u00e1s antiguos eran para moler el grano, y tienen no m\u00e1s de quinientos a\u00f1os. Los que m\u00e1s abundan eran para extraer agua subterr\u00e1nea, que florecieron en el siglo XIX, cuando la tierra empez\u00f3 a explotarse con m\u00e1s ciencia que fuerza.<\/p>\n<p align=\"JUSTIFY\">Nos paseo el gu\u00eda citado por el antiguo monasterio cartujo, deteni\u00e9ndonos en las habitaciones que ocuparon Chopin y George Sand, m\u00fasico polaco y escritora francesa. La visita inclu\u00eda un ratito en un sal\u00f3n de actos para escuchar tres o cuatro piezas para piano de Chopin.<\/p>\n<\/div><\/div><div  class=\"empty-space  marg-lg-b15\"><\/div>[vc_single_image image=&#8221;14620&#8243; img_size=&#8221;large&#8221; add_caption=&#8221;yes&#8221; alignment=&#8221;center&#8221;]<div  class=\"empty-space  marg-lg-b15\"><\/div>[vc_single_image image=&#8221;14623&#8243; img_size=&#8221;large&#8221; add_caption=&#8221;yes&#8221; alignment=&#8221;center&#8221;]<div  class=\"empty-space  marg-lg-b15\"><\/div>[vc_single_image image=&#8221;14624&#8243; img_size=&#8221;large&#8221; add_caption=&#8221;yes&#8221; alignment=&#8221;center&#8221;]<div  class=\"empty-space  marg-lg-b15\"><\/div>[vc_single_image image=&#8221;14626&#8243; img_size=&#8221;large&#8221; add_caption=&#8221;yes&#8221; alignment=&#8221;center&#8221;]<div  class=\"empty-space  marg-lg-b15\"><\/div>[\/vc_column][\/vc_row][vc_row][vc_column]<div class=\"text-block\" ><div class=\"simple-text size-4\"><p align=\"CENTER\"><i><b>Un hiver \u00e0 Majorque<\/b><\/i><\/p>\n<p align=\"JUSTIFY\">Uno de los temas de informaci\u00f3n era el libro escrito por George Sand (Aurore Lucile Dupin de Dudevant<span style=\"color: #202122;\">) <\/span>titulado <i>Un invierno en Mallorca<\/i>. Lo vend\u00edan en el monasterio y en todas las librer\u00edas y tiendas tur\u00edsticas de la ciudad. Lo compr\u00e9. Por la tarde, en la habitaci\u00f3n del hotel, me puse a leerlo. Me qued\u00e9 de piedra, porque es una muestra formidable de la leyenda negra antiespa\u00f1ola. No daba cr\u00e9dito a que los valldemosanos promuevan la propaganda anti mallorquina de George Sand, una burguesita-pija-progre-engre\u00edda y antrop\u00f3loga aficionada. Debe ser que pocos han le\u00eddo el panfleto, porque no creo que hagan mucho negocio con \u00e9l. Es como vender un folleto antitaurino en una plaza de toros.<\/p>\n<p align=\"JUSTIFY\">Pedir\u00e9 al amigo Segismundo Bombardier que nos haga una rese\u00f1a de <i>Un invierno en Mallorca<\/i>. Escrito y publicado en la d\u00e9cada de los 50 del siglo XIX, se ensa\u00f1a con el pueblo llano, con los hidalgos y con los nobles mallorquines, y nos pone a todos los espa\u00f1oles de b\u00e1rbaros, sucios, ignorantes y bastantes cosas m\u00e1s.<\/p>\n<p align=\"JUSTIFY\">Se sorprende de lo antip\u00e1ticos que fueron con ella. Para un espa\u00f1ol de la \u00e9poca descubrir a una francesa engre\u00edda desembarcando en su isla en diciembre de 1838 debi\u00f3 de ser cuando menos un atrevimiento. Veinte a\u00f1os atr\u00e1s, el ej\u00e9rcito napole\u00f3nico hab\u00eda recorrido la pen\u00ednsula a sangre y fueron hasta que fue expulsado por los b\u00e1rbaros y cochinos espa\u00f1oles. Y catorce a\u00f1os antes, 1823, los Cien Mil Hijos de San Luis regresaron a territorio espa\u00f1ol. La sorpresa de Sand se hace parecida a la de un ruso, dentro de 20 a\u00f1os, de turista en Ucrania.<\/p>\n<p align=\"JUSTIFY\">Admito que Aurora Lucila Dupin de Dudevant ten\u00eda oficio, sobre todo de periodista difamatorio, y que su prosa es contundente y bien construida, pero cuando se mete a antrop\u00f3loga se pone en evidencia.<\/p>\n<p align=\"JUSTIFY\"><i>Un invierno en Mallorca<\/i> es un ejemplo de la vil memoria hist\u00f3rica o leyenda negra antiespa\u00f1ola. Pero se dir\u00eda que a los mallorquines se les da una higa, por todo lo que la ensalzan de cara al turismo. El libro no ser\u00e1 una fuente de divisas, pero la fama de la pareja de presumidos artistas es propaganda gratuita.<\/p>\n<\/div><\/div><div  class=\"empty-space  marg-lg-b15\"><\/div>[vc_single_image image=&#8221;14627&#8243; img_size=&#8221;large&#8221; add_caption=&#8221;yes&#8221; alignment=&#8221;center&#8221;]<div  class=\"empty-space  marg-lg-b15\"><\/div>[vc_single_image image=&#8221;14628&#8243; img_size=&#8221;large&#8221; add_caption=&#8221;yes&#8221; alignment=&#8221;center&#8221;]<div  class=\"empty-space  marg-lg-b15\"><\/div>[vc_single_image image=&#8221;14629&#8243; img_size=&#8221;large&#8221; add_caption=&#8221;yes&#8221; alignment=&#8221;center&#8221;]<div  class=\"empty-space  marg-lg-b15\"><\/div>[vc_single_image image=&#8221;14630&#8243; img_size=&#8221;large&#8221; add_caption=&#8221;yes&#8221; alignment=&#8221;center&#8221;][\/vc_column][\/vc_row][vc_row][vc_column]<div  class=\"empty-space  marg-lg-b20\"><\/div>[vc_btn title=&#8221;Lea o descargue este art\u00edculo en PDF&#8221; color=&#8221;info&#8221; align=&#8221;center&#8221; i_icon_fontawesome=&#8221;fa fa-file-pdf-o&#8221; button_block=&#8221;true&#8221; add_icon=&#8221;true&#8221; link=&#8221;url:https%3A%2F%2Fagroicultura.com%2Fgeneral%2Fwp-content%2Fuploads%2F2022%2F03%2FPalma.pdf||target:%20_blank|&#8221;]<div  class=\"empty-space  marg-lg-b20\"><\/div>[\/vc_column][\/vc_row]<\/p>\n<\/div>","protected":false},"excerpt":{"rendered":"<p>[vc_row][vc_column][vc_single_image image=&#8221;14602&#8243; img_size=&#8221;large&#8221; add_caption=&#8221;yes&#8221; alignment=&#8221;center&#8221;][vc_single_image image=&#8221;14634&#8243; img_size=&#8221;large&#8221; add_caption=&#8221;yes&#8221; alignment=&#8221;center&#8221;][vc_single_image image=&#8221;14604&#8243; img_size=&#8221;large&#8221; add_caption=&#8221;yes&#8221; alignment=&#8221;center&#8221;][\/vc_column][\/vc_row][vc_row][vc_column][vc_single_image image=&#8221;14599&#8243; img_size=&#8221;large&#8221; add_caption=&#8221;yes&#8221; alignment=&#8221;center&#8221;][vc_single_image image=&#8221;14606&#8243; img_size=&#8221;large&#8221; add_caption=&#8221;yes&#8221; alignment=&#8221;center&#8221;][vc_single_image image=&#8221;14603&#8243; img_size=&#8221;large&#8221; add_caption=&#8221;yes&#8221; alignment=&#8221;center&#8221;][\/vc_column][\/vc_row][vc_row][vc_column][vc_single_image image=&#8221;14609&#8243; img_size=&#8221;large&#8221; add_caption=&#8221;yes&#8221; alignment=&#8221;center&#8221;][vc_single_image image=&#8221;14610&#8243; img_size=&#8221;large&#8221; add_caption=&#8221;yes&#8221; alignment=&#8221;center&#8221;][vc_single_image image=&#8221;14611&#8243; img_size=&#8221;large&#8221; add_caption=&#8221;yes&#8221; alignment=&#8221;center&#8221;][vc_single_image image=&#8221;14621&#8243; img_size=&#8221;large&#8221; add_caption=&#8221;yes&#8221; alignment=&#8221;center&#8221;][\/vc_column][\/vc_row][vc_row][vc_column][vc_single_image image=&#8221;14612&#8243; img_size=&#8221;large&#8221; add_caption=&#8221;yes&#8221; alignment=&#8221;center&#8221;][vc_single_image image=&#8221;14613&#8243; img_size=&#8221;large&#8221; add_caption=&#8221;yes&#8221; alignment=&#8221;center&#8221;][vc_single_image image=&#8221;14614&#8243; img_size=&#8221;large&#8221; add_caption=&#8221;yes&#8221; alignment=&#8221;center&#8221;][vc_single_image image=&#8221;14615&#8243; img_size=&#8221;large&#8221; [&hellip;]<\/p>\n","protected":false},"author":2,"featured_media":14600,"comment_status":"open","ping_status":"closed","sticky":false,"template":"","format":"standard","meta":{"footnotes":"","jetpack_publicize_message":"","jetpack_publicize_feature_enabled":true,"jetpack_social_post_already_shared":true,"jetpack_social_options":{"image_generator_settings":{"template":"highway","default_image_id":0,"font":"","enabled":false},"version":2}},"categories":[25],"tags":[],"class_list":["post-14598","post","type-post","status-publish","format-standard","has-post-thumbnail","hentry","category-cultura-y-comunicacion"],"jetpack_publicize_connections":[],"jetpack_featured_media_url":"https:\/\/agroicultura.com\/general\/wp-content\/uploads\/2022\/03\/Mallorca-B-5-copia.jpg","jetpack_shortlink":"https:\/\/wp.me\/p4Dh6a-3Ns","jetpack-related-posts":[],"_links":{"self":[{"href":"https:\/\/agroicultura.com\/general\/wp-json\/wp\/v2\/posts\/14598","targetHints":{"allow":["GET"]}}],"collection":[{"href":"https:\/\/agroicultura.com\/general\/wp-json\/wp\/v2\/posts"}],"about":[{"href":"https:\/\/agroicultura.com\/general\/wp-json\/wp\/v2\/types\/post"}],"author":[{"embeddable":true,"href":"https:\/\/agroicultura.com\/general\/wp-json\/wp\/v2\/users\/2"}],"replies":[{"embeddable":true,"href":"https:\/\/agroicultura.com\/general\/wp-json\/wp\/v2\/comments?post=14598"}],"version-history":[{"count":10,"href":"https:\/\/agroicultura.com\/general\/wp-json\/wp\/v2\/posts\/14598\/revisions"}],"predecessor-version":[{"id":14641,"href":"https:\/\/agroicultura.com\/general\/wp-json\/wp\/v2\/posts\/14598\/revisions\/14641"}],"wp:featuredmedia":[{"embeddable":true,"href":"https:\/\/agroicultura.com\/general\/wp-json\/wp\/v2\/media\/14600"}],"wp:attachment":[{"href":"https:\/\/agroicultura.com\/general\/wp-json\/wp\/v2\/media?parent=14598"}],"wp:term":[{"taxonomy":"category","embeddable":true,"href":"https:\/\/agroicultura.com\/general\/wp-json\/wp\/v2\/categories?post=14598"},{"taxonomy":"post_tag","embeddable":true,"href":"https:\/\/agroicultura.com\/general\/wp-json\/wp\/v2\/tags?post=14598"}],"curies":[{"name":"wp","href":"https:\/\/api.w.org\/{rel}","templated":true}]}}