{"id":15310,"date":"2022-12-29T16:49:46","date_gmt":"2022-12-29T15:49:46","guid":{"rendered":"https:\/\/agroicultura.com\/general\/?p=15310"},"modified":"2023-02-04T11:24:46","modified_gmt":"2023-02-04T10:24:46","slug":"la-pedrera-de-godella-un-monumento-olvidado","status":"publish","type":"post","link":"https:\/\/agroicultura.com\/general\/la-pedrera-de-godella-un-monumento-olvidado\/","title":{"rendered":"La Pedrera de Godella, un monumento olvidado"},"content":{"rendered":"<div class=\"wpb-content-wrapper\"><p>[vc_row][vc_column][vc_single_image image=&#8221;15336&#8243; img_size=&#8221;large&#8221; add_caption=&#8221;yes&#8221; alignment=&#8221;center&#8221;]<div class=\"text-block\" ><div class=\"simple-text size-4\"><p align=\"JUSTIFY\"><b>Rafael Escrig<\/b><\/p>\n<p align=\"CENTER\"><b>INTRODUCCI\u00d3N<\/b><\/p>\n<p align=\"JUSTIFY\">\u00bfQu\u00e9 es un monumento? Las ruinas arqueol\u00f3gicas del pasado son consideradas monumentos, cuando se trata en realidad de unos restos maltratados por el tiempo sin belleza alguna. Una ciudad abandonada e invadida por la vegetaci\u00f3n, podr\u00eda considerarse tambi\u00e9n un monumento por lo extraordinario del lugar y su rara belleza. A nadie se le ocurrir\u00eda limpiar las paredes de esa vegetaci\u00f3n, cuando ser\u00eda algo digno de ver y visitar. El abandono de una mina a cielo abierto, con sus diferentes estratos de excavaci\u00f3n, podr\u00eda considerarse algo hermoso hecho por el hombre sin haber buscado su belleza. Es decir, que a veces el resultado de una destrucci\u00f3n puede ser tan hermoso como la misma obra hecha a prop\u00f3sito. \u00bfPor qu\u00e9 no llamarlo entonces monumento?<\/p>\n<p align=\"JUSTIFY\">En Valencia contamos con muchos monumentos antiguos. En el Museo de la Almoina se conservan restos romanos desde la fundaci\u00f3n de Valencia en el siglo II a. C. De la Edad Media se conservan intactos otros monumentos como la Lonja, la Catedral, el Micalet, las Torres de Serranos, las Atarazanas, la torre de Santa Catalina&#8230; Hay otros monumentos que el tiempo y las personas hemos maltratado, pero que est\u00e1n ah\u00ed, como el acueducto de Manises, Els Arcs, totalmente abandonado y en ruinas, o el pol\u00e9mico ex-teatro romano de Sagunto, a pesar de su estado. Pero por muchos monumentos que digamos, siempre nos olvidar\u00edamos de uno de importancia capital.<\/p>\n<p align=\"JUSTIFY\">Un espacio natural que se aparta de lo que se considera monumento, pero que siguiendo la l\u00ednea de lo antedicho, es algo que deber\u00eda considerarse como tal.<\/p>\n<p align=\"CENTER\"><b>LA HISTORIA<\/b><\/p>\n<p align=\"JUSTIFY\">Existe un lugar en las afueras de Valencia que sin \u00e9l Valencia no ser\u00eda la misma que es. De hecho es el lugar de donde sali\u00f3 la ciudad, literalmente. No s\u00e9 si ya lo habr\u00e1n deducido. Me estoy refiriendo a la cantera de donde sali\u00f3 la piedra con que se hicieron las columnas del Foro romano de la ciudad, la Lonja, el Micalet y todos los edificios de piedra m\u00e1s importantes desde su fundaci\u00f3n hasta la d\u00e9cada de los 90 del siglo pasado. Los z\u00f3calos de piedra de tantas iglesias de Valencia y tambi\u00e9n de muchos de nuestros pueblos, las piedras para el Almud\u00edn o el Puente de la Trinidad y tantas otras edificaciones cuyos sillares est\u00e1n hechos con la caliza de la cantera de Godella, \u00faltimamente conocida como la Pedrera, aunque ambos t\u00e9rminos: Cantera, Pedrera, son v\u00e1lidos en valenciano y se pueden usar indistintamente. Aunque no fue \u00e9sta la \u00fanica piedra usada en la construcci\u00f3n de esos monumentos ni de toda Valencia, fue una de las m\u00e1s empleadas por su cercan\u00eda, por su calidad y color, y por su f\u00e1cil tallado.<\/p>\n<p align=\"JUSTIFY\">La Cantera de Godella, siendo una, son dos canteras separadas que se han explotado a lo largo del tiempo: la primitiva y la moderna. La cantera primitiva queda m\u00e1s al sur. Su explotaci\u00f3n se remonta a la \u00e9poca romana y su empleo se alarga con altibajos hasta el siglo XVIII. La segunda cantera, contigua y m\u00e1s al norte, comenz\u00f3 a explotarse con la segunda ampliaci\u00f3n del Puerto de Valencia. Esto ocurri\u00f3 en la d\u00e9cada de los a\u00f1os 60 del siglo pasado y acab\u00f3 alrededor de 1990 cuando se prohibi\u00f3 la extracci\u00f3n masiva de piedra.<\/p>\n<p align=\"JUSTIFY\">Despu\u00e9s de esto, el Ayuntamiento de Godella, intent\u00f3 crear all\u00ed un parque y proteger el espacio en su P.G.O.U., pero \u00e9ste fue recurrido y desde el a\u00f1o 2012 no se ha hecho nada. Desde entonces, la cantera ha quedado abandonada como una gran herida causada al paisaje, pero que al mismo tiempo lo ha transformado en otra cosa. Donde antes hab\u00eda una loma monta\u00f1osa poblada con algunos algarrobos, con el mismo aspecto que el resto del paisaje circundante, se convirti\u00f3 en algo totalmente nuevo y diferente. Hoy en d\u00eda la desnudez de la piedra escavada, ya ha perdido su frialdad y se ve totalmente salpicada de vegetaci\u00f3n. Se podr\u00eda decir que la mano del hombre cre\u00f3 sin intenci\u00f3n de hacerlo, un verdadero monumento paisaj\u00edstico.<\/p>\n<p align=\"CENTER\"><b>EL RECORRIDO<\/b><\/p>\n<p align=\"JUSTIFY\">Desde arriba del cantil, nos recibe nuestro amigo Epifanio. Es dif\u00edcil creer que todo lo que vemos delante y debajo, era antes una loma monta\u00f1osa igual como la que pisamos. La finca es grande y est\u00e1 cuidada por dos mastines y un pastor alem\u00e1n. Todo el per\u00edmetro de la finca est\u00e1 vallado. Del lado del cantil hay una doble valla met\u00e1lica formando un pasillo por donde salen los perros al lado de la cantera.<\/p>\n<p align=\"JUSTIFY\">Cuando Epifanio era ni\u00f1o, viv\u00eda precisamente en esa parte donde ahora hay un tremendo cr\u00e1ter. All\u00ed estaba la casa que hizo su padre y que fue expropiada durante los a\u00f1os 80 por la compa\u00f1\u00eda Dragados y Construcciones para las obras del puerto. Nos cuenta emocionado mil an\u00e9cdotas sobre los trabajos y las explosiones que a veces hac\u00edan volar las piedras sobre sus cabezas. Nos habla de la cantidad de conejos que ve pasar por delante, de la pareja de b\u00fahos que vive en aquel pino, de las paellas que hace todos los domingos&#8230;<\/p>\n<p align=\"JUSTIFY\">La familia se instal\u00f3 en Godella y ahora vive en este terreno que pisamos, para poder seguir estando en la que siempre fue su verdadera casa en la monta\u00f1a. La cantera le regal\u00f3 de forma imprevista un nuevo paisaje y una bonita historia que contar. Desde la valla met\u00e1lica que nos protege del precipicio, contemplamos el panorama que se extiende frente a nosotros: la gran ciudad al fondo con el puerto a la izquierda y en el centro la silueta del Micalet que aparece a medias, entre las edificaciones y la vegetaci\u00f3n m\u00e1s pr\u00f3xima, que lo va ocultando.<\/p>\n<p align=\"JUSTIFY\">Descendemos por una senda hasta la base de la antigua explotaci\u00f3n. Encima de nosotros tenemos las paredes de roca, revestidas a tramos por las plantas que han escapado de las urbanizaciones cercanas. La vegetaci\u00f3n se hace frondosa en algunos puntos y hemos de pisar con cuidado de no hacerlo sobre alguna rama de cactus o ara\u00f1arnos con alguna aliaga.<\/p>\n<p align=\"JUSTIFY\">La cantera vieja, la primitiva, muestra sus paredes irregulares y la piedra renegrida, con oquedades y salientes abruptos, al contrario que las paredes de roca de la cantera nueva, en que las rocas son de un color beige claro, y algunas conservan la huella de los barrenos. Las paredes aqu\u00ed son m\u00e1s altas, de unos 35 o 40 metros de altura hasta el nivel de la meseta superior.<\/p>\n<p align=\"JUSTIFY\">Desde el fondo del cr\u00e1ter, el panorama es extra\u00f1o y sobrecogedor. Podr\u00eda parecer que estamos en Sud\u00e1frica o en Nueva Zelanda, por decir algo ex\u00f3tico. Creo que si hubiera llegado aqu\u00ed con los ojos vendados hubiera sentido esa sensaci\u00f3n. Muchas de las plantas que encontramos provienen de semillas que han llegado volando desde los alrededores: Campolivar, Santa B\u00e1rbara y urbanizaciones cercanas. Cactus de los g\u00e9neros <i>Opuntia<\/i> y<i> Cereus<\/i>, altas gram\u00edneas, pinos carrasco y pi\u00f1oneros, algunas grandes yucas, aliagas, acacias y otras hierbas y plantas invasoras que van colonizando el paisaje poco a poco. Desde las m\u00e1s peque\u00f1as y oportunistas que han aprovechado los resquicios de la roca, hasta los grandes \u00e1rboles comentados que crecen libres de estr\u00e9s y pueden enraizar sin tener que competir por la luz y el aire puro, que son tan abundantes en este reducido h\u00e1bitat.<\/p>\n<p align=\"JUSTIFY\">Insectos, reptiles, aves y mam\u00edferos tambi\u00e9n han ido colonizando el nuevo ecosistema, donde han encontrado refugio y el h\u00e1bitat adecuado para su desarrollo. Entre las aves mayores, se ha registrado la presencia de cern\u00edcalos y b\u00fahos. Y entre los mam\u00edferos, ademas de los conejos que antes alud\u00ed, de los que existe una verdadera colonia, tambi\u00e9n hay zorro rojo y diferentes especies de peque\u00f1os roedores, con los que se cierra la cadena tr\u00f3fica. Los conejos se abastecen de las gram\u00edneas y leguminosas tan abundantes en todo el espacio y el zorro de los conejos y peque\u00f1os roedores.<\/p>\n<p align=\"JUSTIFY\"><span style=\"color: #000000;\"> Por el camino encuentro cantos de piedras talladas con filo, como si se tratara de alg\u00fan utensilio del neol\u00edtico. Son los restos de las grandes piedras golpeadas por los picapedreros. Aparece de vez en cuando entre la tierra alg\u00fan afloramiento rocoso. Vemos algunas casetas medio arruinadas que usaban los trabajadores para guardar los explosivos y las herramientas. Nos rodean las altas paredes de roca de la cantera, con su color algo tostado por el tiempo y lo comparo con la textura de los escalones del Monasterio de San Miguel de los Reyes, o con las Torres de Serranos. Me doy cuenta de que realmente, ese es el color del que est\u00e1 hecha Valencia, el color de la Pedrera de Godella. <\/span><\/p>\n<p align=\"JUSTIFY\"><span style=\"color: #000000;\"> Subimos de nuevo a la meseta para abandonar este lugar tan extra\u00f1o, y nos queda la sensaci\u00f3n de haber descubierto algo que nunca imaginamos que existiera, ni que estuviera tan cerca de Valencia. Me comentaba nuestro gu\u00eda que, curiosamente, much\u00edsima gente del mismo Godella no conoce el lugar. Un lugar pr\u00e1cticamente salvaje, donde el silencio y la quietud sobrecogen. \u00bfQu\u00e9 le espera a la Pedrera de Godella en el futuro? \u00bfUn parque natural, un espacio protegido, un lugar visitable, con gu\u00eda tur\u00edstico? Lo que a m\u00ed me gustar\u00eda es que se quedara como est\u00e1, pues cuanta menos gente lo conozca, mejor se conservar\u00e1. Para proteger la Pedrera de Godella, deber\u00edamos preguntar a sus due\u00f1os actuales: las aves, los zorros, los erizos y las miles de plantas que lo habitan, ellos iban a decidir que nadie se acerque a profanar su espacio. Dir\u00edan parafraseando el eslogan que se grit\u00f3 cuando se decid\u00eda el futuro del Jard\u00edn del Turia: \u201cLa pedrera es nostra i la volem verda\u201d<\/span><\/p>\n<p align=\"JUSTIFY\"><span style=\"color: #000000;\">NOTA: (Existe una extensa documentaci\u00f3n sobre el suelo, flora y fauna de este ecosistema, recogida en el Estudio Paisaj\u00edstico del Plan de Protecci\u00f3n de la Pedrera, fechado en 2011, que se puede consultar en este enlace: <\/span><a href=\"https:\/\/docplayer.es\/49513231-Estudio-de-integracion-paisajistica-del-plan-\">https:\/\/docplayer.es\/49513231-Estudio-de-integracion-paisajistica-del-plan-<\/a><span style=\"color: #000000;\"> especial-de-proteccion-de-les-pedreres-de-godella-memoria.html)<\/span><\/p>\n<\/div><\/div>[vc_single_image image=&#8221;15337&#8243; img_size=&#8221;large&#8221; add_caption=&#8221;yes&#8221; alignment=&#8221;center&#8221;][\/vc_column][\/vc_row][vc_row][vc_column]<div  class=\"empty-space  marg-lg-b20\"><\/div>[vc_btn title=&#8221;Lea o descargue este archivo en PDF&#8221; color=&#8221;info&#8221; align=&#8221;center&#8221; i_icon_fontawesome=&#8221;fa fa-file-pdf-o&#8221; button_block=&#8221;true&#8221; add_icon=&#8221;true&#8221; link=&#8221;url:https%3A%2F%2Fagroicultura.com%2Fgeneral%2Fwp-content%2Fuploads%2F2022%2F12%2FLA-PEDRERA-DE-GODELLA.pdf||target:%20_blank|&#8221;]<div  class=\"empty-space  marg-lg-b20\"><\/div>[\/vc_column][\/vc_row]<\/p>\n<\/div>","protected":false},"excerpt":{"rendered":"<p>[vc_row][vc_column][vc_single_image image=&#8221;15336&#8243; img_size=&#8221;large&#8221; add_caption=&#8221;yes&#8221; alignment=&#8221;center&#8221;][vc_single_image image=&#8221;15337&#8243; img_size=&#8221;large&#8221; add_caption=&#8221;yes&#8221; alignment=&#8221;center&#8221;][\/vc_column][\/vc_row][vc_row][vc_column][vc_btn title=&#8221;Lea o descargue este archivo en PDF&#8221; color=&#8221;info&#8221; align=&#8221;center&#8221; i_icon_fontawesome=&#8221;fa fa-file-pdf-o&#8221; button_block=&#8221;true&#8221; add_icon=&#8221;true&#8221; link=&#8221;url:https%3A%2F%2Fagroicultura.com%2Fgeneral%2Fwp-content%2Fuploads%2F2022%2F12%2FLA-PEDRERA-DE-GODELLA.pdf||target:%20_blank|&#8221;][\/vc_column][\/vc_row]<\/p>\n","protected":false},"author":2,"featured_media":15335,"comment_status":"open","ping_status":"closed","sticky":false,"template":"","format":"standard","meta":{"footnotes":"","jetpack_publicize_message":"","jetpack_publicize_feature_enabled":true,"jetpack_social_post_already_shared":true,"jetpack_social_options":{"image_generator_settings":{"template":"highway","default_image_id":0,"font":"","enabled":false},"version":2}},"categories":[20,509,510],"tags":[],"class_list":["post-15310","post","type-post","status-publish","format-standard","has-post-thumbnail","hentry","category-agroecologia","category-botanica-escrig","category-series"],"jetpack_publicize_connections":[],"jetpack_featured_media_url":"https:\/\/agroicultura.com\/general\/wp-content\/uploads\/2022\/12\/Pedrera-Godella-16-copia.jpg","jetpack_shortlink":"https:\/\/wp.me\/p4Dh6a-3YW","jetpack-related-posts":[],"_links":{"self":[{"href":"https:\/\/agroicultura.com\/general\/wp-json\/wp\/v2\/posts\/15310","targetHints":{"allow":["GET"]}}],"collection":[{"href":"https:\/\/agroicultura.com\/general\/wp-json\/wp\/v2\/posts"}],"about":[{"href":"https:\/\/agroicultura.com\/general\/wp-json\/wp\/v2\/types\/post"}],"author":[{"embeddable":true,"href":"https:\/\/agroicultura.com\/general\/wp-json\/wp\/v2\/users\/2"}],"replies":[{"embeddable":true,"href":"https:\/\/agroicultura.com\/general\/wp-json\/wp\/v2\/comments?post=15310"}],"version-history":[{"count":7,"href":"https:\/\/agroicultura.com\/general\/wp-json\/wp\/v2\/posts\/15310\/revisions"}],"predecessor-version":[{"id":15343,"href":"https:\/\/agroicultura.com\/general\/wp-json\/wp\/v2\/posts\/15310\/revisions\/15343"}],"wp:featuredmedia":[{"embeddable":true,"href":"https:\/\/agroicultura.com\/general\/wp-json\/wp\/v2\/media\/15335"}],"wp:attachment":[{"href":"https:\/\/agroicultura.com\/general\/wp-json\/wp\/v2\/media?parent=15310"}],"wp:term":[{"taxonomy":"category","embeddable":true,"href":"https:\/\/agroicultura.com\/general\/wp-json\/wp\/v2\/categories?post=15310"},{"taxonomy":"post_tag","embeddable":true,"href":"https:\/\/agroicultura.com\/general\/wp-json\/wp\/v2\/tags?post=15310"}],"curies":[{"name":"wp","href":"https:\/\/api.w.org\/{rel}","templated":true}]}}