{"id":1649,"date":"2021-02-06T10:47:05","date_gmt":"2021-02-06T09:47:05","guid":{"rendered":"http:\/\/perinquiets.com\/?p=1649"},"modified":"2023-06-04T21:30:16","modified_gmt":"2023-06-04T19:30:16","slug":"que-desgracia-ahora-entiendo-a-unamuno","status":"publish","type":"post","link":"https:\/\/agroicultura.com\/general\/que-desgracia-ahora-entiendo-a-unamuno\/","title":{"rendered":"\u00a1Qu\u00e9 desgracia! Ahora entiendo a Unamuno\u2026"},"content":{"rendered":"<p><a href=\"http:\/\/perinquiets.com\/wp-content\/uploads\/2021\/02\/abuelo.jpg\"><img loading=\"lazy\" decoding=\"async\" class=\"alignright wp-image-1650\" src=\"https:\/\/agroicultura.com\/general\/wp-content\/uploads\/2023\/06\/abuelo-263x400.jpg\" alt=\"\" width=\"348\" height=\"529\" \/><\/a>Una reflexi\u00f3n triste de <b>Selena Maeztu<\/b>, profesora en un pa\u00eds europeo<\/p>\n<p align=\"JUSTIFY\">Vengo de vigilar en un examen de arte a estudiantes de \u00faltimo a\u00f1o desarrollando su creatividad y poniendo en pr\u00e1ctica gran cantidad de t\u00e9cnicas art\u00edsticas. En el aula del examen, tantos materiales a disposici\u00f3n del alumnado que algunos no s\u00e9 ni qu\u00e9 son, hay hasta una prensa. Todo en estanter\u00edas, accesible, los alumnos se van levantando y cogiendo lo que necesitan, poco a poco van naciendo peque\u00f1as obras de arte en sus cartulinas.<!--more--><\/p>\n<p align=\"JUSTIFY\">Delantales manchados colgando en un perchero, botes y botes de pinceles de diferentes grosores, largos, anchos; l\u00e1pices de colores, miles de botecitos multicolores ordenados, mucho de todo\u2026 una org\u00eda de opciones. Si no lo haces es porque no quieres, por material no ser\u00e1\u2026<\/p>\n<p align=\"JUSTIFY\">Y la frasecita de Unamuno me asalta una y otra vez\u2026<\/p>\n<p align=\"JUSTIFY\">Hay una estanter\u00eda con grandes huecos para las diferentes clases que utilizan este espacio, o sea, deduzco, aqu\u00ed vienen ni\u00f1os de entre 11 y 18 a\u00f1os. Caballetes, un armario como los de las tiendas lleno de cartulinas multicolores graduadas por colores, una guillotina de seguridad, una mesa de corte. Vaya tela\u2026<\/p>\n<p align=\"JUSTIFY\">Y mientras admiro en silencio a esta juventud trabajar, ir plasmando poco a poco lo que ven en sus cabezas, solo puedo pensar que los armarios no tienen llave, que todo est\u00e1 abierto, al alcance de cualquiera; que est\u00e1 aqu\u00ed por ellos, para ellos, y por eso lo usan, lo aprovechan. Y como a Unamuno&#8230; me duele Espa\u00f1a.<\/p>\n<p align=\"JUSTIFY\">Porque este aula tan maravillosa en la que estoy no est\u00e1 en Espa\u00f1a. Est\u00e1 en uno de esos pa\u00edses m\u00e1s al norte de nuestras fronteras, hermano europeo, estrellitas amarillas sobre fondo azul, y yo no hago m\u00e1s que recordar c\u00f3mo eran las aulas de arte en los institutos p\u00fablicos espa\u00f1oles, que una servidora es de esas de carrera universitaria, oposici\u00f3n, escuela p\u00fablica, firme creyente de la educaci\u00f3n como soluci\u00f3n a casi todo.<\/p>\n<p align=\"JUSTIFY\">Y digo arte porque es de la que acabo de salir (quiz\u00e1 me ha impresionado tanto porque no hab\u00eda estado nunca), pero lo mismo se puede decir de los talleres de tecnolog\u00eda, las aulas de inform\u00e1tica, la biblioteca y un largo etc\u00e9tera\u2026<\/p>\n<p align=\"JUSTIFY\">Que s\u00ed, que a los pol\u00edticos habr\u00eda que colgarlos con sus sopotocientas leyes de educaci\u00f3n; que s\u00ed, que hace falta invertir de una vez lo necesario en educaci\u00f3n para que los profesores sean los mejores, vocacionales; que s\u00ed, que hay edificios que se caen y ni\u00f1os estudiando en barracones, y las becas, y el comedor\u2026 todo lo que ustedes quieran\u2026 Pero en esa aula no hab\u00eda llaves, ni puertas, ni prohibiciones. Coge lo que necesites. Y ma\u00f1ana seguir\u00e1 habiendo. Y eso no es solo una cuesti\u00f3n de dinero, es una cuesti\u00f3n de educaci\u00f3n.<\/p>\n<p align=\"JUSTIFY\">Nadie se lleva nada. Nadie juega a atascar los v\u00e1teres con rollos enteros de papel. Nadie se mete un taco de folios en su cartera cuando nadie mira. Nadie coge algo que no es suyo, porque no es suyo. Ojo, que esto no es Jauja\u2026 aqu\u00ed tambi\u00e9n se roban m\u00f3viles y desaparecen carteras de vez en cuando, el que es ladr\u00f3n roba, el que no, no.<\/p>\n<p align=\"JUSTIFY\">Por eso me duele Espa\u00f1a\u2026 Me duele\u2026 no creo que en mi antiguo instituto tuvi\u00e9semos matriculados a 800 ladrones, y sin embargo los folios desaparec\u00edan, las tizas desaparec\u00edan, los rotuladores desaparec\u00edan, todo siempre cerrado con llave, ten cuidado con el mando del proyector, que se lo llevan (\u00bfy para qu\u00e9 se lo llevan?, pues no s\u00e9, pero se lo llevan), \u00bfqu\u00e9 nos pasa?<\/p>\n<p align=\"JUSTIFY\">Seguro que usted no lo ha hecho nunca. Seguro que sus hijos tampoco. Quiero pensar que los m\u00edos tampoco\u2026 pero esto es lo que hay. Llaves, puertas y material a cuentagotas.<\/p>\n<p align=\"JUSTIFY\">Sinceramente creo que deber\u00edamos hac\u00e9rnoslo mirar&#8230;<\/p>\n","protected":false},"excerpt":{"rendered":"<p>Una reflexi\u00f3n triste de Selena Maeztu, profesora en un pa\u00eds europeo Vengo de vigilar en un examen de arte a estudiantes de \u00faltimo a\u00f1o desarrollando su creatividad y poniendo en pr\u00e1ctica gran cantidad de t\u00e9cnicas art\u00edsticas. En el aula del examen, tantos materiales a disposici\u00f3n del alumnado que algunos no s\u00e9 ni qu\u00e9 son, hay [&hellip;]<\/p>\n","protected":false},"author":3,"featured_media":0,"comment_status":"open","ping_status":"open","sticky":false,"template":"","format":"standard","meta":{"footnotes":"","jetpack_publicize_message":"","jetpack_publicize_feature_enabled":true,"jetpack_social_post_already_shared":false,"jetpack_social_options":{"image_generator_settings":{"template":"highway","default_image_id":0,"font":"","enabled":false},"version":2}},"categories":[525],"tags":[],"class_list":["post-1649","post","type-post","status-publish","format-standard","hentry","category-bitacora-y-apuntes"],"jetpack_publicize_connections":[],"jetpack_featured_media_url":"","jetpack_shortlink":"https:\/\/wp.me\/p4Dh6a-qB","jetpack-related-posts":[],"_links":{"self":[{"href":"https:\/\/agroicultura.com\/general\/wp-json\/wp\/v2\/posts\/1649","targetHints":{"allow":["GET"]}}],"collection":[{"href":"https:\/\/agroicultura.com\/general\/wp-json\/wp\/v2\/posts"}],"about":[{"href":"https:\/\/agroicultura.com\/general\/wp-json\/wp\/v2\/types\/post"}],"author":[{"embeddable":true,"href":"https:\/\/agroicultura.com\/general\/wp-json\/wp\/v2\/users\/3"}],"replies":[{"embeddable":true,"href":"https:\/\/agroicultura.com\/general\/wp-json\/wp\/v2\/comments?post=1649"}],"version-history":[{"count":1,"href":"https:\/\/agroicultura.com\/general\/wp-json\/wp\/v2\/posts\/1649\/revisions"}],"predecessor-version":[{"id":16011,"href":"https:\/\/agroicultura.com\/general\/wp-json\/wp\/v2\/posts\/1649\/revisions\/16011"}],"wp:attachment":[{"href":"https:\/\/agroicultura.com\/general\/wp-json\/wp\/v2\/media?parent=1649"}],"wp:term":[{"taxonomy":"category","embeddable":true,"href":"https:\/\/agroicultura.com\/general\/wp-json\/wp\/v2\/categories?post=1649"},{"taxonomy":"post_tag","embeddable":true,"href":"https:\/\/agroicultura.com\/general\/wp-json\/wp\/v2\/tags?post=1649"}],"curies":[{"name":"wp","href":"https:\/\/api.w.org\/{rel}","templated":true}]}}