{"id":1669,"date":"2021-02-21T14:05:01","date_gmt":"2021-02-21T13:05:01","guid":{"rendered":"http:\/\/perinquiets.com\/?p=1669"},"modified":"2023-06-04T21:30:16","modified_gmt":"2023-06-04T19:30:16","slug":"la-condena-de-hasel","status":"publish","type":"post","link":"https:\/\/agroicultura.com\/general\/la-condena-de-hasel\/","title":{"rendered":"La condena de Has\u00e9l"},"content":{"rendered":"<p><a href=\"http:\/\/perinquiets.com\/wp-content\/uploads\/2021\/02\/DSC_0034.jpg\"><img loading=\"lazy\" decoding=\"async\" class=\"alignright size-medium wp-image-1671\" src=\"https:\/\/agroicultura.com\/general\/wp-content\/uploads\/2023\/06\/DSC_0034-400x295.jpg\" alt=\"\" width=\"400\" height=\"295\" \/><\/a>Una reflexi\u00f3n de <strong>Vicente Torres<\/strong><\/p>\n<p>Se puede pensar que las leyes deber\u00edan ser de esta manera o de la otra, que habr\u00eda que quitar esta o poner aquella, pero, mientras tanto, son las que son y se tienen que cumplir. No hay excusa en democracia para no cumplir las leyes.<\/p>\n<p>Cuando los magistrados Pascual Sala, Eugenio Gay, Elisa P\u00e9rez Vera, Pablo P\u00e9rez Tremps, Luis Ortega y Adela As\u00faa decidieron que Bildu, un partido nacido para el mal, es constitucional nadie sali\u00f3 a la calle a romper nada. Nos acordamos todos los d\u00edas de esos magistrados y, sobre todo, cada vez que aparece en escena alguien de Bildu, pero su dictamen se acata.<!--more--><\/p>\n<p>Como dice Carlos Mart\u00ednez Gorriar\u00e1n en su Twitter: \u00abSi Pablo Has\u00e9l hubiera rapeado sobre violar y asesinar mujeres, y eso s\u00f3lo exigir\u00eda peque\u00f1os cambios en sus letras terroristas, los altercados ser\u00edan para exigir su ahorcamiento. As\u00ed de est\u00fapida se ha vuelto parte de la sociedad, incluyendo a mucho &#8220;intelectual&#8221; imb\u00e9cil.\u00bb.<\/p>\n<p>La sociedad es muy permisiva con el terrorismo. ETA ha condicionado toda la pol\u00edtica espa\u00f1ola desde los comienzos de la democracia. Y lo sigue haciendo. Todos somos v\u00edctimas de la banda, porque, salvo las excepciones que todos conocemos, hemos sido perjudicados, pero hay unas que lo son de forma directa, porque han sufrido en sus carnes la atrocidad de la banda.<\/p>\n<p>Las v\u00edctimas del terrorismo no tienen la obligaci\u00f3n de ser perfectas, son como los dem\u00e1s, con sus vicios y virtudes, pero en su condici\u00f3n de v\u00edctimas merecen la consideraci\u00f3n y el apoyo de la sociedad entera.<\/p>\n<p>A ese rapero, por haber ofendido a las v\u00edctimas del terrorismo, deber\u00eda repudiarlo todo el mundo. A ninguna persona de bien se le puede ocurrir lo que \u00e9l ha hecho.<\/p>\n<p>La reparaci\u00f3n de toda la destroza que se ha hecho por su causa deber\u00eda correr a cargo de las formaciones pol\u00edticas que han impulsado a los gamberros a hacerla.<\/p>\n","protected":false},"excerpt":{"rendered":"<p>Una reflexi\u00f3n de Vicente Torres Se puede pensar que las leyes deber\u00edan ser de esta manera o de la otra, que habr\u00eda que quitar esta o poner aquella, pero, mientras tanto, son las que son y se tienen que cumplir. No hay excusa en democracia para no cumplir las leyes. Cuando los magistrados Pascual Sala, [&hellip;]<\/p>\n","protected":false},"author":3,"featured_media":0,"comment_status":"open","ping_status":"open","sticky":false,"template":"","format":"standard","meta":{"footnotes":"","jetpack_publicize_message":"","jetpack_publicize_feature_enabled":true,"jetpack_social_post_already_shared":false,"jetpack_social_options":{"image_generator_settings":{"template":"highway","default_image_id":0,"font":"","enabled":false},"version":2}},"categories":[525],"tags":[],"class_list":["post-1669","post","type-post","status-publish","format-standard","hentry","category-bitacora-y-apuntes"],"jetpack_publicize_connections":[],"jetpack_featured_media_url":"","jetpack_shortlink":"https:\/\/wp.me\/p4Dh6a-qV","jetpack-related-posts":[],"_links":{"self":[{"href":"https:\/\/agroicultura.com\/general\/wp-json\/wp\/v2\/posts\/1669","targetHints":{"allow":["GET"]}}],"collection":[{"href":"https:\/\/agroicultura.com\/general\/wp-json\/wp\/v2\/posts"}],"about":[{"href":"https:\/\/agroicultura.com\/general\/wp-json\/wp\/v2\/types\/post"}],"author":[{"embeddable":true,"href":"https:\/\/agroicultura.com\/general\/wp-json\/wp\/v2\/users\/3"}],"replies":[{"embeddable":true,"href":"https:\/\/agroicultura.com\/general\/wp-json\/wp\/v2\/comments?post=1669"}],"version-history":[{"count":1,"href":"https:\/\/agroicultura.com\/general\/wp-json\/wp\/v2\/posts\/1669\/revisions"}],"predecessor-version":[{"id":16012,"href":"https:\/\/agroicultura.com\/general\/wp-json\/wp\/v2\/posts\/1669\/revisions\/16012"}],"wp:attachment":[{"href":"https:\/\/agroicultura.com\/general\/wp-json\/wp\/v2\/media?parent=1669"}],"wp:term":[{"taxonomy":"category","embeddable":true,"href":"https:\/\/agroicultura.com\/general\/wp-json\/wp\/v2\/categories?post=1669"},{"taxonomy":"post_tag","embeddable":true,"href":"https:\/\/agroicultura.com\/general\/wp-json\/wp\/v2\/tags?post=1669"}],"curies":[{"name":"wp","href":"https:\/\/api.w.org\/{rel}","templated":true}]}}