{"id":17228,"date":"2024-11-24T18:30:20","date_gmt":"2024-11-24T17:30:20","guid":{"rendered":"https:\/\/agroicultura.com\/general\/?p=17228"},"modified":"2024-11-24T18:35:59","modified_gmt":"2024-11-24T17:35:59","slug":"lenin-se-detuvo-en-malaga-a-capitular-otra-vez-y-pedir-disculpas","status":"publish","type":"post","link":"https:\/\/agroicultura.com\/general\/lenin-se-detuvo-en-malaga-a-capitular-otra-vez-y-pedir-disculpas\/","title":{"rendered":"Lenin se detuvo en M\u00e1laga a capitular otra vez y pedir disculpas"},"content":{"rendered":"<div class=\"wpb-content-wrapper\"><p>[vc_row][vc_column][vc_single_image image=&#8221;17240&#8243; img_size=&#8221;large&#8221; add_caption=&#8221;yes&#8221; alignment=&#8221;center&#8221; css=&#8221;&#8221;]<div class=\"text-block\" ><div class=\"simple-text size-4\"><p>Una conjunci\u00f3n astral de proporciones casi inveros\u00edmiles se ha concentrado sobre Espa\u00f1a, y no tardar\u00e1 en arrojar un diluvio destructivo imposible de prever por ninguna agencia estatal ni gobierno instituido. Y en medio de este hurac\u00e1n, Fernando Bell\u00f3n presenta \u201cLa rendici\u00f3n de Lenin\u201d, una novela sobre otra conjunci\u00f3n astral de cuyas consecuencias todav\u00eda no nos hemos librado. \u00a1Qu\u00e9 osad\u00eda!<!--more--><\/p>\n<h4>Fernando Bell\u00f3n<\/h4>\n<p>M\u00e1laga es ciudad con encanto y con un mont\u00f3n de librer\u00edas repletas de vol\u00famenes. En una de ellas, posiblemente la que m\u00e1s vol\u00famenes almacene, Librer\u00eda Proteo, presentamos \u201cLa rendici\u00f3n de Lenin\u201d el jueves, 21 de noviembre.<\/p>\n<p>M\u00e1laga, adem\u00e1s de bastantes librer\u00edas, tiene una actividad cultural endemoniada. La competencia es fuerte, y a casi todos los actos asisten grupos de ciudadanos \u00e1vidos de ba\u00f1arse en letras.<\/p>\n<p>Y sin embargo \u201cLa rendici\u00f3n de Lenin\u201d convoc\u00f3 a un n\u00famero apreciable de amigos y curiosos, que tambi\u00e9n compraron libros.<\/p>\n<p>As\u00ed que la cosa fue un \u00e9xito en ese mar mediterr\u00e1neo de eventos malague\u00f1os.<\/p>\n<p>Los promotores de la presentaci\u00f3n fueron <a href=\"https:\/\/agroicultura.com\/general\/testimonios-angloyanquis-sobre-la-republica-en-malaga\/\" target=\"_blank\" rel=\"noopener\">Andr\u00e9s Arenas<\/a> y <a href=\"https:\/\/agroicultura.com\/general\/de-la-coba-y-giron-esposados-al-teatro-en-la-mujer-de-nuestra-vida\/\" target=\"_blank\" rel=\"noopener\">Enrique Gir\u00f3n<\/a>, amigos entra\u00f1ables, que presentaron el acto con rigor y generosidad hacia el autor. Ambos son conocidos en las p\u00e1ginas de esta revista, profesores, ling\u00fcistas y traductores del fecundo y proceloso idioma ingl\u00e9s. <a href=\"https:\/\/youtu.be\/PEZKHwXtPh8?si=YAJpPhA_kNZSQhro\" target=\"_blank\" rel=\"noopener\">Presionando aqu\u00ed se traslada el lector a una grabaci\u00f3n de YouTube de la presentaci\u00f3n<\/a>, en donde conocer\u00e1 la frescura del acto.<\/p>\n<p>Que el autor de una novela autopublicada la presente en p\u00fablico es un acto m\u00e1s desesperado que eficaz. Al recorrer los cuatro pisos de la librer\u00eda Proteo uno ve estanter\u00edas repletas de libros de las especies m\u00e1s variadas que pueda imaginarse, y en los recovecos montones de cajas con m\u00e1s libros. Se pregunta uno si un curioso lector que entre en el local en busca de una publicaci\u00f3n concreta o por mera distracci\u00f3n del esp\u00edritu se fijar\u00e1 en su novela. Esto es tan azaroso y dif\u00edcil como que te caiga un meteorito en la cabeza. Y sin embargo, unos y otros publicamos libros y hasta logramos venderlos. Me refiero a libros de papel, porque los otros no son libros sino fantasmas digitales.<\/p>\n<p>Adem\u00e1s de la vanidad de tener en las manos algo s\u00f3lido producido por uno mismo, uno siempre conf\u00eda en que le toque la loter\u00eda, y alguien con autoridad cultural diga en p\u00fablico que es una buena novela. Para ampliar las probabilidades, compramos en una administraci\u00f3n de la calle Larios varios d\u00e9cimos de Navidad.<\/p>\n<p>Lo m\u00e1s emotivo de la presentaci\u00f3n, sin embargo, fueron sus proleg\u00f3menos y sus derivaciones. Nos dimos la satisfacci\u00f3n y la alegr\u00eda de compartir largos ratos con Andr\u00e9s, Enrique e Isidro entre otros, venerables abuelitos todos, que coincidimos en la Facultad de Filosof\u00eda y Letras de la Complutense en los a\u00f1os grises, no porque lo fueran, que fueron luminosos y feraces, sino porque los jinetes grises descargaban sus vergajos sobre las espaldas de los estudiantes que se concentraban con revoltosa ingenuidad en la explanada de los comedores universitarios frente a Medicina, o en el erial del Paraninfo.<\/p>\n<p>Con casi toda la vida a nuestras espaldas, las sobremesas se hacen jubilosas, descojonantes.<\/p>\n<p>Peregrinamos por los vericuetos hosteleros y gastron\u00f3micos de M\u00e1laga, disfrazados o confundidos de turistas.<\/p>\n<\/div><\/div>[vc_single_image image=&#8221;17232&#8243; img_size=&#8221;large&#8221; add_caption=&#8221;yes&#8221; alignment=&#8221;center&#8221; css=&#8221;&#8221;][\/vc_column][\/vc_row][vc_row][vc_column]<div class=\"text-block\" ><div class=\"simple-text size-4\"><h4 style=\"text-align: center;\">M\u00e1laga, el turismo y la cultura<\/h4>\n<p>A\u00f1ado a esta cr\u00f3nica unas palabras sobre el fen\u00f3meno tur\u00edstico en una ciudad que lleva m\u00e1s de dos siglos atrayendo visitantes, sobre todo anglosajones.<\/p>\n<p>En M\u00e1laga un espa\u00f1ol, <a href=\"https:\/\/www.malagahistoria.com\/malagahistoria\/heredia.html\" target=\"_blank\" rel=\"noopener\">Manuel Agust\u00edn Heredia<\/a>, fund\u00f3 la primera sider\u00fargica de Espa\u00f1a en 1833. La exportaci\u00f3n de vino, sobre todo dulce y de pasas, atrajo a la ciudad a inversores brit\u00e1nicos que acabaron estableci\u00e9ndose en ella. En el siglo XX llegaron a M\u00e1laga peregrinos y pacifistas ingleses como Gerald Brennan, y otros que Andr\u00e9s Arenas y Enrique Gir\u00f3n han estudiado y traducido, hombres y mujeres, de las que queda constancia en esta revista.<\/p>\n<\/div><\/div>[vc_single_image image=&#8221;17233&#8243; img_size=&#8221;large&#8221; add_caption=&#8221;yes&#8221; alignment=&#8221;center&#8221; css=&#8221;&#8221;][vc_single_image image=&#8221;17234&#8243; img_size=&#8221;large&#8221; add_caption=&#8221;yes&#8221; alignment=&#8221;center&#8221; css=&#8221;&#8221;]<div  class=\"empty-space  marg-lg-b15\"><\/div>[\/vc_column][\/vc_row][vc_row][vc_column]<div class=\"text-block\" ><div class=\"simple-text size-4\"><p>Hoy el turismo es la mayor industria de M\u00e1laga y alrededores. Hasta hace poco era la llamada Costa del Sol la que protagonizaba el negocio. Hoy los cruceros, el AVE y los transportes a\u00e9reos descargan miles de turistas en pocas horas, que cada d\u00eda se renuevan. Las calles c\u00e9ntricas son un bullicio constante, s\u00f3lo suspendido en la madrugada, de hormiguitas de todas las naciones. En estos d\u00edas pasados all\u00ed hemos visto el dominio de los italianos, luego los ingleses, luego los franceses, y tambi\u00e9n alemanes. Son testimonios recogidos mediante las orejas. Desde los innumerables bares, tascas, restaurantes, pubs, y tiendas de regalos, se acercan a ti personas invit\u00e1ndote en ingl\u00e9s a que visites sus comercios.<\/p>\n<p>Calculo que la proporci\u00f3n de extranjeros de visita y espa\u00f1oles residentes o turistas debe estar muy igualada, e incluso con predominio de los extranjeros. Y esto en un \u00e1rea muy chica de la ciudad: entre el puerto, la falda de la Alcazaba, la plaza de la Merced, la calle Refino y otras que empalman con ella hasta la rambla del Guadalmedina. En el mismo cogollo de este \u00e1rea las calles son una sucesi\u00f3n de negocios hosteleros, gastron\u00f3micos, de baratijas tur\u00edsticas, y unas pocas tiendas de ropa, bolsos, zapatos y cosas as\u00ed, destinadas a los visitantes.<\/p>\n<\/div><\/div>[vc_single_image image=&#8221;17235&#8243; img_size=&#8221;large&#8221; add_caption=&#8221;yes&#8221; alignment=&#8221;center&#8221; css=&#8221;&#8221;][\/vc_column][\/vc_row][vc_row][vc_column]<div class=\"text-block\" ><div class=\"simple-text size-4\"><p>Este panorama, que horroriza en casi todas partes, (por ejemplo Valencia) no me ha molestado en M\u00e1laga. Lejos de la homogeneidad vulgar y la falta de imaginaci\u00f3n y gusto de la mayor\u00eda de las zonas tur\u00edsticas de Espa\u00f1a y del extranjero, las fachadas y anzuelos tur\u00edsticos de M\u00e1laga son muy variados, y tienen la marca de identidad de la ciudad y de la tierra andaluza (resulta idiota ver en Valencia o en Toledo, mu\u00f1equitas con faralaes). Se me ocurre pensar que la cultura que acumula Andaluc\u00eda, y M\u00e1laga especialmente, es desbordante y prodigiosa, y resulta in\u00fatil de disfrazarla con apariencias est\u00e1ndar.<\/p>\n<p>Hay personas para quienes el turismo es un maldici\u00f3n (yo a veces lo maldigo, siendo turista). Invito a una distop\u00eda. Imagine el lector que una tarde invadida por torrentes de turistas sobreviene un fen\u00f3meno inexplicable, y los que no sean residentes en una ciudad se borran de ella. Las calles quedar\u00edan vac\u00edas. \u00a1Qu\u00e9 tristeza! \u00a1Qu\u00e9 ruina para miles de familias que viven del turismo!<\/p>\n<p>Dejemos que el sentido com\u00fan y la previsi\u00f3n de las gentes act\u00fae antes de que el turismo nos envuelva como una bolsa de pl\u00e1stico asfixiante. Yo tengo confianza en eso, no en los pol\u00edticos y en los acad\u00e9micos que se escandalizan hip\u00f3critamente.<\/p>\n<\/div><\/div>[vc_single_image image=&#8221;17236&#8243; img_size=&#8221;large&#8221; add_caption=&#8221;yes&#8221; alignment=&#8221;center&#8221; css=&#8221;&#8221;][\/vc_column][\/vc_row][vc_row][vc_column]<div class=\"text-block\" ><div class=\"simple-text size-4\"><p style=\"text-align: center;\"><b>\u00bfFue M\u00e1laga tartesia?<\/b><\/p>\n<p><i>Los antiguos griegos usaban la palabra T\u00e1rt\u0113ssos para hacer referencia a la que \u2014cre\u00edan\u2014 era la civilizaci\u00f3n m\u00e1s antigua de Occidente. Pronto Tartessos se convertir\u00eda en un mito a menudo ligado a la Atl\u00e1ntida y esta mitificaci\u00f3n le dar\u00eda esplendor \u00e9pico, pero borrar\u00eda las huellas de su rigor hist\u00f3rico.<\/i><\/p>\n<p>Con estas palabras se anuncia el documental \u201cTierra de Atlantes\u201d de Jos\u00e9 Antonio Hergueta.<\/p>\n<p>Para despedirnos noblemente de M\u00e1laga, fuimos a ver este documental en una de las pocas salas de cine que quedan en M\u00e1laga, ciudad de festivales.<\/p>\n<p>Tierra de Atlantes <i>muestra c\u00f3mo recientes descubrimientos arqueol\u00f3gicos han confirmado la existencia de Tartessos: un punto de encuentro y fusi\u00f3n entre fenicios e ind\u00edgenas hace 3.000 a\u00f1os, en una civilizaci\u00f3n a la altura de los grandes hitos del Mediterr\u00e1neo y que dur\u00f3 siglos abarcando, al menos, desde Lisboa hasta Alicante.<\/i><\/p>\n<p>En el coloquio que sigui\u00f3 a la proyecci\u00f3n sali\u00f3 uno de los obst\u00e1culos m\u00e1s dolorosos de la cultura espa\u00f1ola: la autodestrucci\u00f3n de lo espa\u00f1ol, el suicidio de lo espa\u00f1ol. De Tartesos empez\u00f3 a hablar el arque\u00f3logo alem\u00e1n Adolf Schulten a inicios del siglo XX. Sus descubrimientos construyeron una leyenda sin que \u00e9l lo hubiera pretendido. Tartesos ha sido debatido por acad\u00e9micos europeos, y hasta ahora descartado.<\/p>\n<p>Ha sido el empe\u00f1o de arque\u00f3logos y expertos espa\u00f1oles lo que ha permitido ir sacando a la luz restos y testimonios que vienen a rellenar lagunas de la leyenda y a construir lo que los griegos antiguos tomaron por una bella fantas\u00eda. Quiz\u00e1 todav\u00eda sea arriesgado hablar de la civilizaci\u00f3n m\u00e1s antigua de Occidente, pero la idea ya no resulta fant\u00e1stica.<\/p>\n<p>Conocer la inmensa cultura depositada en la Pen\u00ednsula Ib\u00e9rica, incluido Portugal, visitar sus paisajes, su riqueza, su pasado, niega esa actitud canalla de negar la existencia de una naci\u00f3n y un Estado que hoy, desgraciadamente, peligran. No hay nada como viajar de librer\u00eda en librer\u00eda.<\/p>\n<\/div><\/div>[\/vc_column][\/vc_row]<\/p>\n<\/div>","protected":false},"excerpt":{"rendered":"<p>[vc_row][vc_column][vc_single_image image=&#8221;17240&#8243; img_size=&#8221;large&#8221; add_caption=&#8221;yes&#8221; alignment=&#8221;center&#8221; css=&#8221;&#8221;]Una conjunci\u00f3n astral de proporciones casi inveros\u00edmiles se ha concentrado sobre Espa\u00f1a, y no tardar\u00e1 en arrojar un diluvio destructivo imposible de prever por ninguna agencia estatal ni gobierno instituido. Y en medio de este hurac\u00e1n, Fernando Bell\u00f3n presenta \u201cLa rendici\u00f3n de Lenin\u201d, una novela sobre otra conjunci\u00f3n astral de [&hellip;]<\/p>\n","protected":false},"author":2,"featured_media":17229,"comment_status":"open","ping_status":"closed","sticky":false,"template":"","format":"standard","meta":{"footnotes":"","jetpack_publicize_message":"","jetpack_publicize_feature_enabled":true,"jetpack_social_post_already_shared":true,"jetpack_social_options":{"image_generator_settings":{"template":"highway","default_image_id":0,"font":"","enabled":false},"version":2}},"categories":[25,1],"tags":[],"class_list":["post-17228","post","type-post","status-publish","format-standard","has-post-thumbnail","hentry","category-cultura-y-comunicacion","category-general"],"jetpack_publicize_connections":[],"jetpack_featured_media_url":"https:\/\/agroicultura.com\/general\/wp-content\/uploads\/2024\/11\/IMG-20241122-WA0018-e1732469593382.jpg","jetpack_shortlink":"https:\/\/wp.me\/p4Dh6a-4tS","jetpack-related-posts":[],"_links":{"self":[{"href":"https:\/\/agroicultura.com\/general\/wp-json\/wp\/v2\/posts\/17228","targetHints":{"allow":["GET"]}}],"collection":[{"href":"https:\/\/agroicultura.com\/general\/wp-json\/wp\/v2\/posts"}],"about":[{"href":"https:\/\/agroicultura.com\/general\/wp-json\/wp\/v2\/types\/post"}],"author":[{"embeddable":true,"href":"https:\/\/agroicultura.com\/general\/wp-json\/wp\/v2\/users\/2"}],"replies":[{"embeddable":true,"href":"https:\/\/agroicultura.com\/general\/wp-json\/wp\/v2\/comments?post=17228"}],"version-history":[{"count":6,"href":"https:\/\/agroicultura.com\/general\/wp-json\/wp\/v2\/posts\/17228\/revisions"}],"predecessor-version":[{"id":17241,"href":"https:\/\/agroicultura.com\/general\/wp-json\/wp\/v2\/posts\/17228\/revisions\/17241"}],"wp:featuredmedia":[{"embeddable":true,"href":"https:\/\/agroicultura.com\/general\/wp-json\/wp\/v2\/media\/17229"}],"wp:attachment":[{"href":"https:\/\/agroicultura.com\/general\/wp-json\/wp\/v2\/media?parent=17228"}],"wp:term":[{"taxonomy":"category","embeddable":true,"href":"https:\/\/agroicultura.com\/general\/wp-json\/wp\/v2\/categories?post=17228"},{"taxonomy":"post_tag","embeddable":true,"href":"https:\/\/agroicultura.com\/general\/wp-json\/wp\/v2\/tags?post=17228"}],"curies":[{"name":"wp","href":"https:\/\/api.w.org\/{rel}","templated":true}]}}