{"id":1745,"date":"2021-06-08T18:32:31","date_gmt":"2021-06-08T16:32:31","guid":{"rendered":"http:\/\/perinquiets.com\/?p=1745"},"modified":"2023-06-04T21:30:17","modified_gmt":"2023-06-04T19:30:17","slug":"jubilarse-o-dame-pan-y-dime-tonto","status":"publish","type":"post","link":"https:\/\/agroicultura.com\/general\/jubilarse-o-dame-pan-y-dime-tonto\/","title":{"rendered":"Jubilarse o Dame pan y dime tonto"},"content":{"rendered":"<div id=\"attachment_1746\" style=\"width: 410px\" class=\"wp-caption alignright\"><a href=\"http:\/\/perinquiets.com\/wp-content\/uploads\/2021\/06\/Patraix-9-copia.jpg\"><img loading=\"lazy\" decoding=\"async\" aria-describedby=\"caption-attachment-1746\" class=\"size-medium wp-image-1746\" src=\"https:\/\/agroicultura.com\/general\/wp-content\/uploads\/2023\/06\/Patraix-9-copia-400x267.jpg\" alt=\"\" width=\"400\" height=\"267\" \/><\/a><p id=\"caption-attachment-1746\" class=\"wp-caption-text\">Leyendo &#8220;Das Kapital&#8221;, en una estaci\u00f3n de metro . Adecuada biblioteca.<\/p><\/div>\n<p>Por <strong>Segismundo Bombardier<\/strong><\/p>\n<p>En Francia la edad m\u00ednima para jubilarse es de 62 a\u00f1os. Hay, como en Espa\u00f1a, posibilidades para hacerlo antes, de acuerdo con determinadas circunstancias y ajustes o recortes proporcionales de la pensi\u00f3n. Tambi\u00e9n existen planes de pensiones privados. En definitiva, aqu\u00ed arriba, como ah\u00ed abajo, las cosas funcionan de forma parecida, si bien, tengo la impresi\u00f3n de que el caos y la confusi\u00f3n dominan m\u00e1s en Espa\u00f1a, donde empresas y asalariados se benefician de la falta de una visi\u00f3n patri\u00f3tica y de Estado de los gobiernos que se han sucedido: el pa\u00eds con mayor paro de Europa y el pa\u00eds con menos previsiones para el futuro de sus pensiones. No obstante, parece que no hay un esc\u00e1ndalo generalizado ni entre gobernantes ni entre gobernados\u2026 hasta que llegue el lobo de verdad y empiece a dar zarpazos y bocados.<\/p>\n<p><!--more-->\u00a0\u00a0\u00a0\u00a0\u00a0\u00a0\u00a0\u00a0\u00a0\u00a0\u00a0 El asunto es peliagudo, y no por razones demogr\u00e1ficas, sino por desquiciamiento pol\u00edtico. Cuando pasen unas d\u00e9cadas, si la Uni\u00f3n Europea persiste (cosa que dudo, al menos tal y como es hoy), se calificar\u00e1n las que hoy vivimos como ominosas, por falta de valent\u00eda y por el lastre de burocratismo de la U.E.<\/p>\n<p>Vamos a ver, utilicemos el sentido com\u00fan, tal y como hacen los legisladores sensatos. \u00bfEs l\u00f3gico que un pe\u00f3n u oficial de la construcci\u00f3n, de la miner\u00eda, de la pesca de altura, del transporte p\u00fablico y de otras profesiones que dejan huella y castigo en el cuerpo, se jubile a los 67 a\u00f1os? No. De hecho est\u00e1 previsto, al menos en Francia, la &#8220;jubilaci\u00f3n anticipada por trabajos penosos&#8221;.<\/p>\n<p>Pero la base del problema no es un defecto de l\u00f3gica o de sentido com\u00fan, sino de cordura pol\u00edtica. Los gobernantes europeos y norteamericanos se comportan como si vivieran en un mundo controlado por ellos\u2026 a conciencia de que no es as\u00ed.<\/p>\n<p>Hemos alcanzado una cima tecnol\u00f3gica (me refiero a una gran parte de los seres humanos) que nos permite ordenar y anticipar cosas tan importantes como el trabajo, cada vez m\u00e1s mecanizado y digitalizado, la jornada o f\u00f3rmula laboral de cada profesi\u00f3n y oficio, las relaciones sociales, las comunicaciones\u2026 De hecho, todo esto se est\u00e1 haciendo en la pr\u00e1ctica, mientras la clase pol\u00edtica y sus portavoces medi\u00e1ticos se dedica a divagar, y dan la impresi\u00f3n de que son adolescentes a los que los poderosos de la Tierra les permiten permanecer en una incertidumbre sospechosa, y ejercer como alegres jugadores de petanca en un asilo de jubilados.<\/p>\n<p>Y mientras la realidad va por un lado, los due\u00f1os de las grandes empresas, y de otras no tan grandes, se entretienen espoleando a sus ejecutivos y empleados cualificados en una carrera profesional cuya meta es la nada, estos y los pol\u00edticos que dicen representarlos aceleran, dan saltos, hacen fintas como si tales ejercicios tuvieran sentido.<\/p>\n<p>Salen los portavoces y expertos y lanzan peroratas econ\u00f3micas con trajes ideol\u00f3gicos diversos y a medida, y todo sigue igual, nada cambia. \u00a1Dentro de diez a\u00f1os no habr\u00e1 dinero para pagar las pensiones! \u00a1Y qu\u00e9! \u00bfC\u00f3mo que y qu\u00e9? Pues s\u00ed, que sea o no sea acertada la previsi\u00f3n, la realidad seguir\u00e1 fluyendo por su camino imparable, y la ret\u00f3rica por otro, que ni siquiera es paralelo.<\/p>\n<p>De momento, y lo dice el coro de Davos sin el menor rubor, pronto viviremos todos mejor y con menos. \u00bfC\u00f3mo? Eso no lo detallan.<\/p>\n<p>Lo que hay detr\u00e1s de todo esto es el viej\u00edsimo \u201cDame pan y dime tonto\u201d. Mientras los occidentales tengamos un trozo de comida que llevarnos a la boca, y cada uno diga eso de esta boca es m\u00eda, y las dem\u00e1s me importan un carajo, no pasar\u00e1 nada.<\/p>\n<p>Esa es la previsi\u00f3n de nuestras brillantes mentes rectoras. Yo creo que se equivocan.<\/p>\n","protected":false},"excerpt":{"rendered":"<p>Por Segismundo Bombardier En Francia la edad m\u00ednima para jubilarse es de 62 a\u00f1os. Hay, como en Espa\u00f1a, posibilidades para hacerlo antes, de acuerdo con determinadas circunstancias y ajustes o recortes proporcionales de la pensi\u00f3n. Tambi\u00e9n existen planes de pensiones privados. En definitiva, aqu\u00ed arriba, como ah\u00ed abajo, las cosas funcionan de forma parecida, si [&hellip;]<\/p>\n","protected":false},"author":3,"featured_media":0,"comment_status":"open","ping_status":"open","sticky":false,"template":"","format":"standard","meta":{"footnotes":"","jetpack_publicize_message":"","jetpack_publicize_feature_enabled":true,"jetpack_social_post_already_shared":false,"jetpack_social_options":{"image_generator_settings":{"template":"highway","default_image_id":0,"font":"","enabled":false},"version":2}},"categories":[525],"tags":[],"class_list":["post-1745","post","type-post","status-publish","format-standard","hentry","category-bitacora-y-apuntes"],"jetpack_publicize_connections":[],"jetpack_featured_media_url":"","jetpack_shortlink":"https:\/\/wp.me\/p4Dh6a-s9","jetpack-related-posts":[],"_links":{"self":[{"href":"https:\/\/agroicultura.com\/general\/wp-json\/wp\/v2\/posts\/1745","targetHints":{"allow":["GET"]}}],"collection":[{"href":"https:\/\/agroicultura.com\/general\/wp-json\/wp\/v2\/posts"}],"about":[{"href":"https:\/\/agroicultura.com\/general\/wp-json\/wp\/v2\/types\/post"}],"author":[{"embeddable":true,"href":"https:\/\/agroicultura.com\/general\/wp-json\/wp\/v2\/users\/3"}],"replies":[{"embeddable":true,"href":"https:\/\/agroicultura.com\/general\/wp-json\/wp\/v2\/comments?post=1745"}],"version-history":[{"count":1,"href":"https:\/\/agroicultura.com\/general\/wp-json\/wp\/v2\/posts\/1745\/revisions"}],"predecessor-version":[{"id":16024,"href":"https:\/\/agroicultura.com\/general\/wp-json\/wp\/v2\/posts\/1745\/revisions\/16024"}],"wp:attachment":[{"href":"https:\/\/agroicultura.com\/general\/wp-json\/wp\/v2\/media?parent=1745"}],"wp:term":[{"taxonomy":"category","embeddable":true,"href":"https:\/\/agroicultura.com\/general\/wp-json\/wp\/v2\/categories?post=1745"},{"taxonomy":"post_tag","embeddable":true,"href":"https:\/\/agroicultura.com\/general\/wp-json\/wp\/v2\/tags?post=1745"}],"curies":[{"name":"wp","href":"https:\/\/api.w.org\/{rel}","templated":true}]}}