{"id":17582,"date":"2025-05-11T11:14:43","date_gmt":"2025-05-11T09:14:43","guid":{"rendered":"https:\/\/agroicultura.com\/general\/?p=17582"},"modified":"2025-05-11T11:14:43","modified_gmt":"2025-05-11T09:14:43","slug":"excavando-en-el-pasado-reciente","status":"publish","type":"post","link":"https:\/\/agroicultura.com\/general\/excavando-en-el-pasado-reciente\/","title":{"rendered":"Excavando en el pasado reciente"},"content":{"rendered":"<div class=\"wpb-content-wrapper\"><p>[vc_row][vc_column][vc_single_image image=&#8221;17586&#8243; img_size=&#8221;large&#8221; add_caption=&#8221;yes&#8221; alignment=&#8221;center&#8221; style=&#8221;vc_box_outline&#8221; border_color=&#8221;vista_blue&#8221; css=&#8221;&#8221;]<div class=\"text-block\" ><div class=\"simple-text size-4\"><p>Recupero de mi agenda de notas de 2017 dos entradas que me ha parecido ilustrativo hacer p\u00fablicas para mostrar el cambio de percepci\u00f3n a medida que pasa el tiempo sobre los seres humanos.<!--more--><\/p>\n<p><strong>Fernando Bell\u00f3n<\/strong><\/p>\n<p><b>7 de octubre<\/b><\/p>\n<p>Evocaci\u00f3n en torno a Carmen Mart\u00edn Gaite<\/p>\n<p>Saqu\u00e9 de la biblioteca municipal <i>Los raro es vivir<\/i>, de Carmen Mart\u00edn Gaite, y lo he le\u00eddo de dos tirones. Huelga decir que me ha gustado y que, adem\u00e1s, es una excelente novela. Carmen Mart\u00edn Gaite nunca me atrajo como novelista, y las veces que intent\u00e9 abrir un libro suyo no tard\u00e9 en dejarlo. Debe de haber cambiado mi percepci\u00f3n o mi sensibilidad, porque desde luego ella sigue siendo la misma.<\/p>\n<p>Lo m\u00e1s curioso de todo esto es que Carmen Mart\u00edn Gaite siempre me cay\u00f3 simp\u00e1tica. Esto es porque, de un modo rocambolesco, la hice encajar en mi vida caducada. Un antiguo amigo, camarada del PCE en las \u00faltimas turbulencias del franquismo, pas\u00f3 en la c\u00e1rcel de Carabanchel alg\u00fan tiempo. Y all\u00ed conoci\u00f3 a Chicho S\u00e1nchez Ferlosio, que nunca tuvo nada que ver con el PCE. No obstante el abismo ideol\u00f3gico (prohibitorio de buenas relaciones entre comunistas y libertarios), se hicieron amigos. El m\u00edo, el del PCE, sostiene que la letra y la m\u00fasica de \u201cSi las cosas no fueran&#8230;\u201d, del inigualable LP \u201cA Contratiempo\u201d las compusieron al alim\u00f3n.<\/p>\n<p>Chicho S\u00e1ncez Ferlosio fue cu\u00f1ado de Carmen Mart\u00edn Gaite, casada durante veinte a\u00f1os con Rafael S\u00e1nchez Ferlosio, el reconocido autor de \u201cEl Jarama\u201d, que se estudiaba en los departamentos de espa\u00f1ol todas las universidades extranjeras, e hijo de Rafael S\u00e1nchez Mazas, falangista valeroso, y sobreviviente de un fusilamiento que le convirti\u00f3 en h\u00e9roe y en protagonista de tertulias y de la novela \u201cSoldados de Salamina\u201d, de Javier Cercas.<\/p>\n<p>Los meandros familiares se cruzan con los no familiares. Los S\u00e1nchez Ferlosio, los Aldecoa, los Sastre, los Fern\u00e1ndez Santos, los Edmundo de Ory, creadores notables, eran casi todos amigos, manten\u00edan tertulias y publicaban en revistas de baja circulaci\u00f3n pero de renombre.<\/p>\n<p>Creo que les llamaban \u201clos hijos de la guerra\u201d, porque eran chiquillos o algo m\u00e1s durante el combate. Para m\u00ed constituyen la \u00faltima generaci\u00f3n de escritores formados en la literatura espa\u00f1ola del siglo XIX y XX y, desde luego, en nuestras letras cl\u00e1sicas.<\/p>\n<p>Cuando lees a Carmen Mart\u00edn Gaite y a cualquiera de los dem\u00e1s, te das cuentan de que han le\u00eddo con atenci\u00f3n a Baroja, y tambi\u00e9n y sobre todo a Cervantes, a Quevedo, a Lope, a Fernando de Rojas&#8230; pero tambi\u00e9n a los escritores europeos de la \u00e9poca, que a su vez afilaron sus plumas en sus literaturas nacionales de finales del XIX y principios del XX.<\/p>\n<p>Los que se han formado despu\u00e9s de los a\u00f1os 50 carecen del poso cl\u00e1sico que para m\u00ed les hace tan atractivos. No hay mucha diferencia entre una novela espa\u00f1ola de hoy y una alemana, inglesa, francesa, portuguesa o norteamericana. Lo mismo pasa en el cine.<\/p>\n<p>Se libran, por fortuna, muchos escritores iberoamericanos.<\/p>\n<p><b>28 de diciembre<\/b><\/p>\n<p>Me comparo con el que era hace 30 a\u00f1os, en la cumbre de mi juventud. Y comparo tambi\u00e9n aquel mundo en el que yo viv\u00eda con tanto apasionamiento y atolondramiento con el presente.<\/p>\n<p>Este ejercicio es frecuente, lo hace casi todo el mundo casi todos los d\u00edas, sobre todo cuando se levanta con una murria de origen oscuro. Entonces piensa que las aspiraciones y sue\u00f1os de su vida se han esfumado. Y se dice, \u201ctodo ha cambiado, pero yo no he conseguido nada o casi nada de lo que me propon\u00eda como objeto de mi felicidad.<\/p>\n<p>Es una perspectiva err\u00f3nea. Uno no ha cambiado mucho, sigue siendo m\u00e1s o menos el que era a los 35 a\u00f1os.<\/p>\n<p><strong>Post Scriptum<\/strong>. &#8211; En relaci\u00f3n con la primera nota, confieso que no recuerdo nada de la novela <em>Lo raro es vivir<\/em>. No s\u00e9 si es un problema neuronal relacionado con la edad o es falta de la atenci\u00f3n debida a la autora.<\/p>\n<\/div><\/div>[\/vc_column][\/vc_row]<\/p>\n<\/div>","protected":false},"excerpt":{"rendered":"<p>[vc_row][vc_column][vc_single_image image=&#8221;17586&#8243; img_size=&#8221;large&#8221; add_caption=&#8221;yes&#8221; alignment=&#8221;center&#8221; style=&#8221;vc_box_outline&#8221; border_color=&#8221;vista_blue&#8221; css=&#8221;&#8221;]Recupero de mi agenda de notas de 2017 dos entradas que me ha parecido ilustrativo hacer p\u00fablicas para mostrar el cambio de percepci\u00f3n a medida que pasa el tiempo sobre los seres humanos.<\/p>\n","protected":false},"author":2,"featured_media":17584,"comment_status":"open","ping_status":"closed","sticky":false,"template":"","format":"standard","meta":{"footnotes":"","jetpack_publicize_message":"","jetpack_publicize_feature_enabled":true,"jetpack_social_post_already_shared":true,"jetpack_social_options":{"image_generator_settings":{"template":"highway","default_image_id":0,"font":"","enabled":false},"version":2}},"categories":[525,1],"tags":[],"class_list":["post-17582","post","type-post","status-publish","format-standard","has-post-thumbnail","hentry","category-bitacora-y-apuntes","category-general"],"jetpack_publicize_connections":[],"jetpack_featured_media_url":"https:\/\/agroicultura.com\/general\/wp-content\/uploads\/2025\/05\/Ruinas-Paterna-martes-07-14-copia.jpg","jetpack_shortlink":"https:\/\/wp.me\/p4Dh6a-4zA","jetpack-related-posts":[],"_links":{"self":[{"href":"https:\/\/agroicultura.com\/general\/wp-json\/wp\/v2\/posts\/17582","targetHints":{"allow":["GET"]}}],"collection":[{"href":"https:\/\/agroicultura.com\/general\/wp-json\/wp\/v2\/posts"}],"about":[{"href":"https:\/\/agroicultura.com\/general\/wp-json\/wp\/v2\/types\/post"}],"author":[{"embeddable":true,"href":"https:\/\/agroicultura.com\/general\/wp-json\/wp\/v2\/users\/2"}],"replies":[{"embeddable":true,"href":"https:\/\/agroicultura.com\/general\/wp-json\/wp\/v2\/comments?post=17582"}],"version-history":[{"count":4,"href":"https:\/\/agroicultura.com\/general\/wp-json\/wp\/v2\/posts\/17582\/revisions"}],"predecessor-version":[{"id":17588,"href":"https:\/\/agroicultura.com\/general\/wp-json\/wp\/v2\/posts\/17582\/revisions\/17588"}],"wp:featuredmedia":[{"embeddable":true,"href":"https:\/\/agroicultura.com\/general\/wp-json\/wp\/v2\/media\/17584"}],"wp:attachment":[{"href":"https:\/\/agroicultura.com\/general\/wp-json\/wp\/v2\/media?parent=17582"}],"wp:term":[{"taxonomy":"category","embeddable":true,"href":"https:\/\/agroicultura.com\/general\/wp-json\/wp\/v2\/categories?post=17582"},{"taxonomy":"post_tag","embeddable":true,"href":"https:\/\/agroicultura.com\/general\/wp-json\/wp\/v2\/tags?post=17582"}],"curies":[{"name":"wp","href":"https:\/\/api.w.org\/{rel}","templated":true}]}}