{"id":17650,"date":"2025-06-03T10:33:38","date_gmt":"2025-06-03T08:33:38","guid":{"rendered":"https:\/\/agroicultura.com\/general\/?p=17650"},"modified":"2025-06-03T10:33:38","modified_gmt":"2025-06-03T08:33:38","slug":"monika-feren-instructora-de-novelistas","status":"publish","type":"post","link":"https:\/\/agroicultura.com\/general\/monika-feren-instructora-de-novelistas\/","title":{"rendered":"M\u00f3nika Feren, instructora de novelistas"},"content":{"rendered":"<div class=\"wpb-content-wrapper\"><p>[vc_row][vc_column][vc_single_image image=&#8221;17653&#8243; img_size=&#8221;large&#8221; alignment=&#8221;center&#8221; css=&#8221;&#8221;]<div class=\"text-block\" ><div class=\"simple-text size-4\"><p>La edici\u00f3n digital es uno de los mejores recursos del autor sin padrinos ni cr\u00e9dito literario. Esto no quiere decir que sus obras sean menores o menospreciables, al contrario. Publicar en papel es caro y no garantiza difusi\u00f3n. Lo s\u00e9 por experiencia. Pero te produce la satisfacci\u00f3n de no ser un paria, de haber ascendido el primer escal\u00f3n del reconocimiento, si llega.<!--more--><\/p>\n<h4>Fernando Bell\u00f3n<\/h4>\n<p>Publicar en digital, por ejemplo en Amaz\u00f3n, es sencillo y sale gratis. Eso si sabes c\u00f3mo preparar tu libro.<\/p>\n<p>Las f\u00f3rmulas para hacerlo est\u00e1n todas en la Red, s\u00f3lo hay que tomarse el tiempo y la molestia de aprenderlas.<\/p>\n<p>Gracias a esta necesidad he conocido a <a href=\"https:\/\/www.youtube.com\/@MonikaFeren\" target=\"_blank\" rel=\"noopener\">M\u00f3nika Feren, una yut\u00faber<\/a> con una capacidad pedag\u00f3gica nada com\u00fan, y una generosa producci\u00f3n de videos de esos que llaman tutoriales, y otros en los que exhibe facetas peculiares de su polifac\u00e9tica personalidad.<\/p>\n<p>Quien precise una ayuda en este \u00e1mbito puede activar el enlace de arriba y darse un ba\u00f1o de capacidades t\u00e9cnicas pero sencillas, que no precisan m\u00e1s que constancia y atenci\u00f3n.<\/p>\n<p>M\u00f3nika Feren es una mujer infatigable, a juzgar por al cantidad de videos que tiene almacenados y la cantidad de rese\u00f1as de obras famosas y menos famosas que tambi\u00e9n cuelga. Adem\u00e1s, hace entrevistas con preguntas directas. Tambi\u00e9n realiza informes de lectura, y se ofrece como asesora, algo muy de reconocer.<\/p>\n<p>Ahora voy a centrarme en la producci\u00f3n literaria de M\u00f3nika Feren, que me parece gallega por el acento y su sentido del humor. En <a href=\"https:\/\/www.monikaferen.com\/\" target=\"_blank\" rel=\"noopener\">su p\u00e1gina web<\/a> se encuentra mucha documentaci\u00f3n sobre ella y su trabajo. Es titulada en antropolog\u00eda, una ciencia que facilita el trabajo de un buen escritor.<\/p>\n<p>M\u00f3nika Feren tiene tres libros publicados.<\/p>\n<p><em><strong>El Reino de Cart\u00f3n<\/strong><\/em>. Relato de fantas\u00eda.<\/p>\n<p><em>Las Tierras Vac\u00edas viven sumidas en un invierno perpetuo desde la maldici\u00f3n de Congel, y sus habitantes han perdido la esperanza, resignados a sobrevivir sin m\u00e1s. Pero un desaf\u00edo inesperado del rey del reino de Cart\u00f3n promete cambios: quien consiga su cetro de poder podr\u00e1 librar al pueblo de la congelaci\u00f3n.<\/em><\/p>\n<p><em><strong>Sue\u00f1os de otro mundo<\/strong><\/em>. Dos vol\u00famenes de cuentos.<\/p>\n<p><em>Sue\u00f1os de Otro Mundo Vol 1. Fuego . Seis relatos, seis realidades, \u00bfso\u00f1adas o verdaderas? Un elemento en com\u00fan del que no podr\u00e1s escapar. \u00a1Corre antes de que el fuego te atrape y te pierdas sin remedio en el otro mundo! Atento a las se\u00f1ales, nos vemos al otro lado.<\/em><\/p>\n<p><em>En<strong> la segunda parte<\/strong> encontrar\u00e1s el desenlace y la explicaci\u00f3n a algunos de los relatos que formaban SUE\u00d1OS DE OTRO MUNDO, VOLUMEN 1: FUEGO. Ad\u00e9ntrate en los laber\u00ednticos lugares del otro mundo de la mano de los personajes que se quedaron all\u00ed atrapados. Todo est\u00e1 conectado en el telar del tiempo. Entra y descubrir\u00e1s c\u00f3mo los hilos del destino han unido sus vidas.<\/em><\/p>\n<p><em><strong>Ciudad Gris<\/strong><\/em>. Novela dist\u00f3pica.<\/p>\n<p><em>Ciudad Gris es un thriller dist\u00f3pico con elementos de ciencia ficci\u00f3n y terror psicol\u00f3gico, ambientado en una ciudad contaminada y dividida entre el caos urbano y las Afueras Verdes. La historia gira en torno al Paraboloide, un objeto misterioso capaz de alterar mentes y cuerpos. Tras un experimento fallido empiezan a ocurrir \u00abcosas\u00bb.<\/em><\/p>\n<p>Como puede verse la tem\u00e1tica dominante es la fantas\u00eda y la ciencia ficci\u00f3n, entrelazadas al uso de los tiempos. Muchas, sino la mayor\u00eda de la ficci\u00f3n que se autopublica (y la que se publica a gran escala) en estos agitados tiempos mezcla estos g\u00e9neros, que vienen a ser el de caballer\u00edas de la \u00e9poca de Cervantes. Las librer\u00edas est\u00e1n repletas de estos libros de evasi\u00f3n, y algunos de ellos son buenos.<\/p>\n<p>No conozco bien esta aleaci\u00f3n literaria. Mis intereses van por otro lado. Hubo un tiempo en el que le\u00eda mucha ciencia ficci\u00f3n, gringa mayormente. Me gustaba en especial Philip K. Dick. Otro gringo que tambi\u00e9n he le\u00eddo es Stephen King, maestro del suspense terror\u00edfico. Y en relaci\u00f3n con el g\u00e9nero de \u201clo irreal\u201d que viene a ser lo dist\u00f3pico, he disfrutado de Kurt Vonnegut, Clifford Simak o Ursula K. Le Guin, entre bastantes otros.<\/p>\n<p>Empec\u00e9 a leer <em>Ciudad Gris<\/em> con cierta prevenci\u00f3n. Anticipaba que me iba a gustar poco por falta de costumbre, y acaso por una supuesta calidad literaria baja. Las anticipaciones, esto es, los prejuicios, no son una buena forma de empezar un libro.<\/p>\n<p>Esta \u00faltima novela de M\u00f3nika Feren la resume ella bien en Amaz\u00f3n: <em>Un experimento fallido, control mental, un objeto que puede desatar el caos y un detective perdido en su propio pasado. Leo Nakamura recibe el encargo de robar el paraboloide, un potente artefacto m\u00edstico del que no sabe nada. De camino descubrir\u00e1 que las m\u00e1scaras esconden algo m\u00e1s que los rostros en Ciudad Gris. Los secretos y traiciones se suceden mientras el destino de la ciudad pende de un hilo.<\/em><\/p>\n<p>Est\u00e1 dedicada a \u201cAlfa\u201d, sin la o el cual la novela habr\u00eda sido diferente. Consta de veintis\u00e9is cap\u00edtulos. La narraci\u00f3n es s\u00f3lida, bien escrita, con las dosis adecuadas de intriga donde deben estar. Los escenarios de la ciudad y una especie de bosque de Arden donde se realiza el experimento fallido son visibles. Sus personajes tienen carne y hueso. Poseen la calidad precisa para mantener la atenci\u00f3n. La le\u00ed de tres tirones.<\/p>\n<p>Los ingredientes imprescindibles de este tipo de novelas est\u00e1n dosificados en <em>Ciudad Gris<\/em> con habilidad. Son estereotipos sin los cuales no hay novela de aventuras que se venda. Pero alimentar a los personajes, darles forma y algo de psicolog\u00eda no es tarea sencilla. M\u00f3nika Feren consigue enganchar al lector. Ella dice que desde jovencita sinti\u00f3 el impulso de escribir. Se nota que se ha trabajado el instinto.<\/p>\n<p>Es muy interesante una suerte de diario en el que relata c\u00f3mo va surgiendo una novela de su imaginaci\u00f3n Un mes escribiendo una novela. El t\u00edtulo es <em>El tesoro de las g\u00e1rgolas<\/em>, y data la escritura en el mes de abril de este a\u00f1o 2025. Merece la pena saber c\u00f3mo se plantea el trabajo una autora, c\u00f3mo resuelve sus dificultades, c\u00f3mo recupera el entusiasmo que con frecuencia se disipa, y otros asuntos cotidianos. Se nota que M\u00f3nika Feren es antrop\u00f3loga, porque el contenido del diario es un ejercicio notable de descripci\u00f3n de un espacio antropol\u00f3gico (la ficci\u00f3n literaria) por una practicante, es decir una visi\u00f3n \u201cemic\u201d (desde dentro) valios\u00edsima para el que quiera hacer una visi\u00f3n \u201cetic\u201d, desde fuera.<\/p>\n<p>Parece que la novela aludida sigue a la espera de una revisi\u00f3n final.<\/p>\n<p>Yo recomiendo al amante de este g\u00e9nero que lea a M\u00f3nika Feren. Y quiz\u00e1 un paseo por su p\u00e1gina de You Tube y su p\u00e1gina web sean un inicio provechoso.<\/p>\n<\/div><\/div>[\/vc_column][\/vc_row]<\/p>\n<\/div>","protected":false},"excerpt":{"rendered":"<p>[vc_row][vc_column][vc_single_image image=&#8221;17653&#8243; img_size=&#8221;large&#8221; alignment=&#8221;center&#8221; css=&#8221;&#8221;]La edici\u00f3n digital es uno de los mejores recursos del autor sin padrinos ni cr\u00e9dito literario. Esto no quiere decir que sus obras sean menores o menospreciables, al contrario. Publicar en papel es caro y no garantiza difusi\u00f3n. Lo s\u00e9 por experiencia. Pero te produce la satisfacci\u00f3n de no ser un [&hellip;]<\/p>\n","protected":false},"author":2,"featured_media":17652,"comment_status":"open","ping_status":"closed","sticky":false,"template":"","format":"standard","meta":{"footnotes":"","jetpack_publicize_message":"","jetpack_publicize_feature_enabled":true,"jetpack_social_post_already_shared":true,"jetpack_social_options":{"image_generator_settings":{"template":"highway","default_image_id":0,"font":"","enabled":false},"version":2}},"categories":[25,1],"tags":[],"class_list":["post-17650","post","type-post","status-publish","format-standard","has-post-thumbnail","hentry","category-cultura-y-comunicacion","category-general"],"jetpack_publicize_connections":[],"jetpack_featured_media_url":"https:\/\/agroicultura.com\/general\/wp-content\/uploads\/2025\/05\/ciudad-gris.jpg","jetpack_shortlink":"https:\/\/wp.me\/p4Dh6a-4AG","jetpack-related-posts":[],"_links":{"self":[{"href":"https:\/\/agroicultura.com\/general\/wp-json\/wp\/v2\/posts\/17650","targetHints":{"allow":["GET"]}}],"collection":[{"href":"https:\/\/agroicultura.com\/general\/wp-json\/wp\/v2\/posts"}],"about":[{"href":"https:\/\/agroicultura.com\/general\/wp-json\/wp\/v2\/types\/post"}],"author":[{"embeddable":true,"href":"https:\/\/agroicultura.com\/general\/wp-json\/wp\/v2\/users\/2"}],"replies":[{"embeddable":true,"href":"https:\/\/agroicultura.com\/general\/wp-json\/wp\/v2\/comments?post=17650"}],"version-history":[{"count":4,"href":"https:\/\/agroicultura.com\/general\/wp-json\/wp\/v2\/posts\/17650\/revisions"}],"predecessor-version":[{"id":17660,"href":"https:\/\/agroicultura.com\/general\/wp-json\/wp\/v2\/posts\/17650\/revisions\/17660"}],"wp:featuredmedia":[{"embeddable":true,"href":"https:\/\/agroicultura.com\/general\/wp-json\/wp\/v2\/media\/17652"}],"wp:attachment":[{"href":"https:\/\/agroicultura.com\/general\/wp-json\/wp\/v2\/media?parent=17650"}],"wp:term":[{"taxonomy":"category","embeddable":true,"href":"https:\/\/agroicultura.com\/general\/wp-json\/wp\/v2\/categories?post=17650"},{"taxonomy":"post_tag","embeddable":true,"href":"https:\/\/agroicultura.com\/general\/wp-json\/wp\/v2\/tags?post=17650"}],"curies":[{"name":"wp","href":"https:\/\/api.w.org\/{rel}","templated":true}]}}