{"id":17814,"date":"2025-09-14T11:12:13","date_gmt":"2025-09-14T09:12:13","guid":{"rendered":"https:\/\/agroicultura.com\/general\/?p=17814"},"modified":"2025-09-14T11:12:13","modified_gmt":"2025-09-14T09:12:13","slug":"diario-de-un-viajero-andorra-toulouse-gerona-y-el-vendrell","status":"publish","type":"post","link":"https:\/\/agroicultura.com\/general\/diario-de-un-viajero-andorra-toulouse-gerona-y-el-vendrell\/","title":{"rendered":"Diario de un viajero. Andorra, Toulouse, Gerona y el Vendrell"},"content":{"rendered":"<div class=\"wpb-content-wrapper\"><p>[vc_row][vc_column][vc_single_image image=&#8221;17835&#8243; img_size=&#8221;large&#8221; alignment=&#8221;center&#8221; css=&#8221;&#8221;]<div class=\"text-block\" ><div class=\"simple-text size-4\"><p align=\"JUSTIFY\">Nueva entrega tur\u00edstica del naturalista y bot\u00e1nico Rafael Escrig. Esta vez se ha marchado a Andorra, antes capital del estraperlo, ha atravesado los Pirineos en direcci\u00f3n norte, ha parado en Toulouse o Tolosa de Francia, capital del antiguo reino visigodo de Hispania y Aquitania, y ha vuelto al sur, con paradas en Gerona y El Vendrell.<!--more--><\/p>\n<h3 align=\"JUSTIFY\"><span style=\"font-family: Calibri, sans-serif;\"><span style=\"font-size: large;\"><b>ANDORRA 1<\/b><\/span><\/span><\/h3>\n<p align=\"JUSTIFY\"><strong>Rafael Escrig<\/strong><\/p>\n<p align=\"JUSTIFY\"><span style=\"font-family: Calibri, sans-serif;\"><span style=\"font-size: large;\">Salimos de casa a las siete de la ma\u00f1ana. Tenemos por delante 530 kil\u00f3metros hasta llegar a nuestra primera meta, Andorra. He tomado el mejor itinerario que me sugiere la aplicaci\u00f3n de Google, que es por la autopista AP-7 hasta Tarragona y despu\u00e9s la C-14. <\/span><\/span><\/p>\n<p align=\"JUSTIFY\"><span style=\"font-family: Calibri, sans-serif;\"><span style=\"font-size: large;\">El coche devora los kil\u00f3metros, uno detr\u00e1s de otro, sin que exista otra cosa m\u00e1s que asfalto y coches. Despu\u00e9s de cuatro horas de viaje, paramos en T\u00e1rrega para tomarnos un caf\u00e9 con leche. La C-14 es la cl\u00e1sica carretera de toda la vida. Esa carretera que divide en dos los pueblos y tiene pl\u00e1tanos de sombra a ambos lados. Al mismo tiempo tiene bastante tr\u00e1fico, es estrecha y no tiene arc\u00e9n. <\/span><\/span><\/p>\n<p align=\"JUSTIFY\"><span style=\"font-family: Calibri, sans-serif;\"><span style=\"font-size: large;\">Al paso de T\u00e1rrega hay una extensa planicie sembrada de cereal. M\u00e1s adelante el paisaje cambia. Pasamos por peque\u00f1os pueblos, con su arquitectura de piedra y techos de pizarra. <\/span><\/span><\/p>\n<p align=\"JUSTIFY\"><span style=\"font-family: Calibri, sans-serif;\"><span style=\"font-size: large;\">Prados y bosques nos acercan el embalse de Oliana sobre el r\u00edo Segre. Aunque est\u00e1 prohibida la entrada, saltamos una valla y nos acercamos todo lo posible al embalse para ver su bonita pared escalonada. El r\u00edo corr\u00eda a 102 metros por debajo de nosotros. Cerca de all\u00ed, en un espacio verde, un perro jugaba al <\/span><\/span><span style=\"color: #000000;\"><span style=\"font-family: Calibri, sans-serif;\"><span style=\"font-size: large;\">frisbi <\/span><\/span><\/span><span style=\"font-family: Calibri, sans-serif;\"><span style=\"font-size: large;\">con su due\u00f1o.<\/span><\/span><\/p>\n<\/div><\/div><div  class=\"empty-space  marg-lg-b15\"><\/div>[vc_single_image image=&#8221;17837&#8243; img_size=&#8221;large&#8221; alignment=&#8221;center&#8221; css=&#8221;&#8221;][vc_single_image image=&#8221;17838&#8243; img_size=&#8221;large&#8221; alignment=&#8221;center&#8221; css=&#8221;&#8221;][vc_single_image image=&#8221;17840&#8243; img_size=&#8221;large&#8221; alignment=&#8221;center&#8221; css=&#8221;&#8221;][\/vc_column][\/vc_row][vc_row][vc_column]<div  class=\"empty-space  marg-lg-b15\"><\/div><div class=\"text-block\" ><div class=\"simple-text size-4\"><p align=\"JUSTIFY\"><span style=\"color: #000000;\"><span style=\"font-family: Calibri, sans-serif;\"><span style=\"font-size: large;\"><b>ANDORRA 2<\/b><\/span><\/span><\/span><\/p>\n<p align=\"JUSTIFY\"><span style=\"color: #000000;\"><span style=\"font-family: Calibri, sans-serif;\"><span style=\"font-size: large;\">Desde que llegamos a Andorra la Vella, nos llama la atenci\u00f3n la proliferaci\u00f3n de construcciones de todo tipo y grandes almacenes con sus llamativas fachadas y coloridos r\u00f3tulos anunciando todas las marcas de este mundo. <\/span><\/span><\/span><\/p>\n<p align=\"JUSTIFY\"><span style=\"color: #000000;\"><span style=\"font-family: Calibri, sans-serif;\"><span style=\"font-size: large;\">Pasear por el centro de Escaldes-Engordany es como abrir una revista de Vogue, Elle o Vanity Fair. La idea es que te fijes en el escaparate de una perfumer\u00eda o veas unos exclusivos zapatos de mujer rebajados a 360 euros y te olvides del paisaje.<\/span><\/span><\/span><\/p>\n<p align=\"JUSTIFY\"><span style=\"color: #000000;\"><span style=\"font-family: Calibri, sans-serif;\"><span style=\"font-size: large;\">Estamos en el coraz\u00f3n de los Pirineos y los Pirineos no se ven. <\/span><\/span><\/span><\/p>\n<p align=\"JUSTIFY\"><span style=\"color: #000000;\"><span style=\"font-family: Calibri, sans-serif;\"><span style=\"font-size: large;\">Desde el 2020 se est\u00e1 construyendo como si se quisiera edificar una ciudad encima de otra, con el agravante de que los edificios, que antes no pod\u00edan pasar de seis plantas, ahora se permiten torres de hasta 22 pisos.<\/span><\/span><\/span><\/p>\n<p align=\"JUSTIFY\"><span style=\"color: #000000;\"><span style=\"font-family: Calibri, sans-serif;\"><span style=\"font-size: large;\">Gracias a un IVA de 4\u00b45% y otras ventajas fiscales, desde el 2020 la poblaci\u00f3n ha crecido exponencialmente. De ah\u00ed el auge de las promotoras y los apartamentos de lujo. <\/span><\/span><\/span><\/p>\n<p align=\"JUSTIFY\"><span style=\"color: #000000;\"><span style=\"font-family: Calibri, sans-serif;\"><span style=\"font-size: large;\">Con este nuevo escenario, me parece inconcebible que no se haya puesto orden en el crecimiento y que tampoco se haya tenido en cuenta la integraci\u00f3n urban\u00edstica con el paisaje. Es como si se quiera ocultar la belleza de la monta\u00f1a. Todo en aras de una econom\u00eda que ya est\u00e1 amenazando el verdadero valor donde se sustenta: el paisaje pirenaico.<\/span><\/span><\/span><\/p>\n<\/div><\/div><div  class=\"empty-space  marg-lg-b15\"><\/div>[vc_single_image image=&#8221;17842&#8243; img_size=&#8221;large&#8221; alignment=&#8221;center&#8221; css=&#8221;&#8221;][vc_single_image image=&#8221;17843&#8243; img_size=&#8221;large&#8221; alignment=&#8221;center&#8221; css=&#8221;&#8221;][vc_single_image image=&#8221;17844&#8243; img_size=&#8221;large&#8221; alignment=&#8221;center&#8221; css=&#8221;&#8221;][vc_single_image image=&#8221;17845&#8243; img_size=&#8221;large&#8221; alignment=&#8221;center&#8221; css=&#8221;&#8221;][\/vc_column][\/vc_row][vc_row][vc_column]<div  class=\"empty-space  marg-lg-b15\"><\/div><div class=\"text-block\" ><div class=\"simple-text size-4\"><p align=\"JUSTIFY\"><span style=\"font-family: Calibri, sans-serif;\"><span style=\"font-size: large;\"><b>ANDORRA 3<\/b><\/span><\/span><\/p>\n<p align=\"JUSTIFY\"><span style=\"font-family: Calibri, sans-serif;\"><span style=\"font-size: large;\">Un microb\u00fas de la l\u00ednea L-1 nos lleva desde el hotel hasta el centro de Andorra la Vella. Cuesta 10 c\u00e9ntimos el billete sencillo. Ochenta c\u00e9ntimos un pase de diez viajes. Sorprende, \u00bfverdad?<\/span><\/span><\/p>\n<p align=\"JUSTIFY\"><span style=\"font-family: Calibri, sans-serif;\"><span style=\"font-size: large;\">Hoy hemos subido a un telef\u00e9rico. Me gusta subirme a esa cabina suspendida por un cable y siempre que tengo la oportunidad, lo hago. Este es el telef\u00e9rico de Encamp que sube hasta la Collada d\u00b4Enradort a m\u00e1s de 2.500 metros de altura. El ascenso dura unos veinte minutos. Hemos dejado atr\u00e1s los pinos negros, las sabinas y prados con caballos pirenaicos pastando. Aqu\u00ed arriba es una especie de p\u00e1ramo, s\u00f3lo poblado por Cardo palustre, Senecio pirenaico, Cardo de nevero, Siempreviva y piedras, muchas piedras de pizarra rotas por el fr\u00edo y el hielo. <\/span><\/span><\/p>\n<p align=\"JUSTIFY\"><span style=\"font-family: Calibri, sans-serif;\"><span style=\"font-size: large;\">Desde esta cumbre, un todo terreno nos lleva por una senda infame, hasta el lago del Cubil. Por el camino vemos docenas de madrigueras de marmotas, los principales habitantes de estas monta\u00f1as. El aire es fresco y el su\u00e9ter se agradece. <\/span><\/span><\/p>\n<p align=\"JUSTIFY\"><span style=\"font-family: Calibri, sans-serif;\"><span style=\"font-size: large;\">Los lagos de Andorra son de origen glaciar. Hace miles de a\u00f1os, cuando todos los Pirineos estaban cubiertos por metros de nieve, lo que ahora es Andorra la Vella, era un enorme glaciar que ocupaba todo el valle, y se extend\u00eda monta\u00f1a abajo siguiendo el curso del actual r\u00edo Valira. Entonces s\u00f3lo andaban por all\u00ed algunos croma\u00f1ones vestidos con pieles de oso. Hoy todos son turistas.<\/span><\/span><\/p>\n<\/div><\/div><div  class=\"empty-space  marg-lg-b15\"><\/div>[vc_single_image image=&#8221;17846&#8243; img_size=&#8221;large&#8221; alignment=&#8221;center&#8221; css=&#8221;&#8221;][vc_single_image image=&#8221;17847&#8243; img_size=&#8221;large&#8221; alignment=&#8221;center&#8221; css=&#8221;&#8221;][vc_single_image image=&#8221;17848&#8243; img_size=&#8221;large&#8221; alignment=&#8221;center&#8221; css=&#8221;&#8221;]<div  class=\"empty-space  marg-lg-b15\"><\/div>[\/vc_column][\/vc_row][vc_row][vc_column]<div class=\"text-block\" ><div class=\"simple-text size-4\"><p align=\"JUSTIFY\"><span style=\"font-family: Calibri, serif;\"><span style=\"font-size: large;\"><b>ANDORRA 4<\/b><\/span><\/span><\/p>\n<p align=\"JUSTIFY\"><span style=\"font-family: Calibri, serif;\"><span style=\"font-size: large;\">Andorra destaca por sus iglesias rom\u00e1nicas. Torres de piedra, una sobre otra, vanos abiertos a los cuatro vientos y un tejado de pizarra, como un paraguas negro. Hoy vamos a dedicarnos a hacer un recorrido por sus pueblos. <\/span><\/span><\/p>\n<p align=\"JUSTIFY\"><span style=\"font-family: Calibri, serif;\"><span style=\"font-size: large;\">Estas iglesias son construcciones del rom\u00e1nico m\u00e1s primitivo. Tienen una sola nave y las torres muy sencillas, estrechas, con r\u00fasticos vanos de medio arco y parteluz. Las piedras apenas est\u00e1n talladas y van colocadas en filas irregulares, como si las hubieran puesto los mismos vecinos del pueblo, a ver hasta d\u00f3nde llegaban poniendo piedras. <\/span><\/span><\/p>\n<p align=\"JUSTIFY\"><span style=\"font-family: Calibri, serif;\"><span style=\"font-size: large;\">Fuimos a visitar las iglesias de Sant Juli\u00e1 de Loira, Santa Coloma, Engordany, Escaldes y Ordino. Algo que no te puedes esperar est\u00e1 en la iglesia de Sant Juli\u00e0 de Loira, concretamente en su interior reconvertido en una iglesia moderna que contrasta con las viejas piedras de la torre. Su decoraci\u00f3n es con mosaico de inspiraci\u00f3n bizantina del artista esloveno Marko Ivan Rupnik, cuyos trabajos se pueden ver por todo el mundo. El m\u00e1s cercano lo tenemos en la Catedral de La Almudena, en Madrid.<\/span><\/span><\/p>\n<p align=\"JUSTIFY\"><span style=\"font-family: Calibri, serif;\"><span style=\"font-size: large;\">Ir a Andorra y no descubrir su arte rom\u00e1nico ser\u00eda imperdonable. Podr\u00edamos decir que, junto con la monta\u00f1a, son la esencia de Andorra y todo el Pirineo. <\/span><\/span><\/p>\n<\/div><\/div><div  class=\"empty-space  marg-lg-b15\"><\/div>[vc_single_image image=&#8221;17850&#8243; img_size=&#8221;large&#8221; alignment=&#8221;center&#8221; css=&#8221;&#8221;][vc_single_image image=&#8221;17851&#8243; img_size=&#8221;large&#8221; alignment=&#8221;center&#8221; css=&#8221;&#8221;][vc_single_image image=&#8221;17852&#8243; img_size=&#8221;large&#8221; alignment=&#8221;center&#8221; css=&#8221;&#8221;]<div  class=\"empty-space  marg-lg-b15\"><\/div>[\/vc_column][\/vc_row][vc_row][vc_column]<div class=\"text-block\" ><div class=\"simple-text size-4\"><p align=\"JUSTIFY\"><span style=\"font-family: Calibri, sans-serif;\"><span style=\"font-size: large;\"><b>ANDORRA 5<\/b><\/span><\/span><\/p>\n<p align=\"JUSTIFY\"><span style=\"font-family: Calibri, sans-serif;\"><span style=\"font-size: large;\">El otro protagonista de Andorra es el r\u00edo Valira. Este r\u00edo divide las dos primitivas parroquias de Engordany y Escaldes. El puente de Engordany, es el nexo que uni\u00f3 a las dos barriadas. Una dedicada a la agricultura y la otra, gracias a sus aguas, al comercio y el turismo. <\/span><\/span><\/p>\n<p align=\"JUSTIFY\"><span style=\"font-family: Calibri, sans-serif;\"><span style=\"font-size: large;\">El r\u00edo Valira es todo un espect\u00e1culo. Es el cl\u00e1sico r\u00edo de monta\u00f1a que podr\u00edamos ver en cualquier cumbre alpina. Desciende dando saltos entre grandes piedras gran\u00edticas arrastradas a lo largo del tiempo y corre con fuerza, bramando y pidiendo paso con estr\u00e9pito.<\/span><\/span><\/p>\n<p align=\"JUSTIFY\"><span style=\"font-family: Calibri, sans-serif;\"><span style=\"font-size: large;\">Un apunte para el que nunca ha ido a Andorra: En Andorra, la lengua oficial es el catal\u00e1n. Pero que nadie piense que por ello te van a hablar catal\u00e1n en todas partes o que te lo van a imponer, ni nada por el estilo. Te hablan en catal\u00e1n si tu lo hablas, pero a continuaci\u00f3n cambian al castellano sin ning\u00fan problema. Lo he comprobado aqu\u00ed y posteriormente tambi\u00e9n en Gerona: hay mucho de mito en eso de la imposici\u00f3n del catal\u00e1n, al menos en la calle y el trato personal. En realidad es como si estuvieras en cualquier otro lugar de Espa\u00f1a.<\/span><\/span><\/p>\n<p align=\"JUSTIFY\"><span style=\"font-family: Calibri, sans-serif;\"><span style=\"font-size: large;\">Otra cosa es el empecinamiento de la clase pol\u00edtica catalana al respecto. Esto es, la tiran\u00eda de la lengua, una de las armas del catalanismo, como sucediera hace m\u00e1s de cincuenta a\u00f1os con el franquismo. Mismos m\u00e9todos y misma miop\u00eda cultural.<\/span><\/span><\/p>\n<\/div><\/div><div  class=\"empty-space  marg-lg-b15\"><\/div>[vc_single_image image=&#8221;17853&#8243; img_size=&#8221;large&#8221; alignment=&#8221;center&#8221; css=&#8221;&#8221;][vc_single_image image=&#8221;17854&#8243; img_size=&#8221;large&#8221; alignment=&#8221;center&#8221; css=&#8221;&#8221;]<div  class=\"empty-space  marg-lg-b15\"><\/div>[\/vc_column][\/vc_row][vc_row][vc_column]<div class=\"text-block\" ><div class=\"simple-text size-4\"><p align=\"JUSTIFY\"><span style=\"font-family: Calibri, serif;\"><span style=\"font-size: large;\"><b>ANDORRA 6<\/b><\/span><\/span><\/p>\n<p align=\"JUSTIFY\"><span style=\"color: #000000;\"><span style=\"font-family: Calibri, sans-serif;\"><span style=\"font-size: large;\">Al salir del hotel, hemos dejado sobre la almohada dos pajaritas de papel y una monedas. Es nuestro simb\u00f3lico tributo a las camareras de habitaci\u00f3n cuyo trabajo merece todo nuestro reconocimiento.<\/span><\/span><\/span><\/p>\n<p align=\"JUSTIFY\"><span style=\"color: #000000;\"><span style=\"font-family: Calibri, sans-serif;\"><span style=\"font-size: large;\">Vamos en direcci\u00f3n al Pas de la Casa en busca de la pr\u00f3xima parada, Toulouse (Tolosa en espa\u00f1ol). Nos llama la atenci\u00f3n Soldeu donde todas las casas a uno y otro lado de la carretera son hoteles o tiendas dedicadas al esqu\u00ed. <\/span><\/span><\/span><\/p>\n<p align=\"JUSTIFY\"><span style=\"color: #000000;\"><span style=\"font-family: Calibri, sans-serif;\"><span style=\"font-size: large;\">La carretera atraviesa Soldeu como si fuera la huella de un r\u00edo, y nosotros vamos remont\u00e1ndolo hasta salir del pueblo. All\u00ed la carretera se bifurca para subir el puerto d\u00b4Envalira. <\/span><\/span><\/span><\/p>\n<p align=\"JUSTIFY\"><span style=\"color: #000000;\"><span style=\"font-family: Calibri, sans-serif;\"><span style=\"font-size: large;\">Hay dos opciones, pero nosotros iremos por el t\u00fanel aunque cueste 8\u00b410 euros; se cruza en 5 minutos. Por la carretera te puede costar media hora, sin contar con los riesgo. Ahora tenemos algo de lluvia y niebla hasta llegar a Francia.<\/span><\/span><\/span><\/p>\n<p align=\"JUSTIFY\"><span style=\"color: #000000;\"><span style=\"font-family: Calibri, sans-serif;\"><span style=\"font-size: large;\">Paramos en Tarasc\u00f3n sur Ari\u00e8ge para estirar las piernas. Lo primero que vemos al llegar es que el r\u00f3tulo de la carretera que anuncia el pueblo, est\u00e1 puesto al rev\u00e9s. \u00bfEs un error o una gamberrada? Nada de eso. Me informo en Google que se trata de una medida de protesta de los agricultores por los bajos precios y las dificultades del sector. <\/span><\/span><\/span><\/p>\n<p align=\"JUSTIFY\"><span style=\"color: #000000;\"><span style=\"font-family: Calibri, sans-serif;\"><span style=\"font-size: large;\">Poner el r\u00f3tulo cabeza abajo como protesta pac\u00edfica, creo que llama mucho m\u00e1s la atenci\u00f3n y es m\u00e1s civilizado que cortar la carretera o tirar por el suelo las frutas que llevan los sufridos camioneros.<\/span><\/span><\/span><\/p>\n<\/div><\/div><div  class=\"empty-space  marg-lg-b15\"><\/div>[vc_single_image image=&#8221;17855&#8243; img_size=&#8221;large&#8221; alignment=&#8221;center&#8221; css=&#8221;&#8221;][vc_single_image image=&#8221;17856&#8243; img_size=&#8221;large&#8221; alignment=&#8221;center&#8221; css=&#8221;&#8221;][vc_single_image image=&#8221;17857&#8243; img_size=&#8221;large&#8221; alignment=&#8221;center&#8221; css=&#8221;&#8221;]<div  class=\"empty-space  marg-lg-b15\"><\/div>[\/vc_column][\/vc_row][vc_row][vc_column]<div class=\"text-block\" ><div class=\"simple-text size-4\"><p align=\"JUSTIFY\"><span style=\"color: #001d35;\"> <b><span style=\"font-family: Calibri, serif;\"><span style=\"font-size: large;\">TOULOUSE 1<\/span><\/span><\/b><\/span><\/p>\n<p align=\"JUSTIFY\"><span style=\"color: #001d35;\"><span style=\"font-family: Calibri, serif;\"><span style=\"font-size: large;\">Uno de <\/span><\/span><\/span><span style=\"color: #001d35;\"><span style=\"font-family: Calibri, serif;\"><span style=\"font-size: large;\">lo<\/span><\/span><\/span><span style=\"color: #001d35;\"><span style=\"font-family: Calibri, serif;\"><span style=\"font-size: large;\">s puntos <\/span><\/span><\/span><span style=\"color: #001d35;\"><span style=\"font-family: Calibri, serif;\"><span style=\"font-size: large;\">de inter\u00e9s<\/span><\/span><\/span> <span style=\"color: #001d35;\"><span style=\"font-family: Calibri, serif;\"><span style=\"font-size: large;\">es la plaza del Capitolio, sede del ayuntamiento, <\/span><\/span><\/span><span style=\"color: #001d35;\"><span style=\"font-family: Calibri, serif;\"><span style=\"font-size: large;\">donde<\/span><\/span><\/span><span style=\"color: #001d35;\"><span style=\"font-family: Calibri, serif;\"><span style=\"font-size: large;\"> turistas y <\/span><\/span><\/span><span style=\"color: #001d35;\"><span style=\"font-family: Calibri, serif;\"><span style=\"font-size: large;\">tolosanos <\/span><\/span><\/span><span style=\"color: #001d35;\"><span style=\"font-family: Calibri, serif;\"><span style=\"font-size: large;\">pasean y <\/span><\/span><\/span><span style=\"color: #001d35;\"><span style=\"font-family: Calibri, serif;\"><span style=\"font-size: large;\">llenan las terrazas. <\/span><\/span><\/span><span style=\"color: #001d35;\"><span style=\"font-family: Calibri, serif;\"><span style=\"font-size: large;\">La plaza<\/span><\/span><\/span><span style=\"color: #001d35;\"><span style=\"font-family: Calibri, serif;\"><span style=\"font-size: large;\"> es grande y cuadrada, con soportales en la fachada que enfrenta <\/span><\/span><\/span><span style=\"color: #001d35;\"><span style=\"font-family: Calibri, serif;\"><span style=\"font-size: large;\">con <\/span><\/span><\/span><span style=\"color: #001d35;\"><span style=\"font-family: Calibri, serif;\"><span style=\"font-size: large;\">el edificio del Capitolio. En cierto sentido <\/span><\/span><\/span><span style=\"color: #001d35;\"><span style=\"font-family: Calibri, serif;\"><span style=\"font-size: large;\">me <\/span><\/span><\/span><span style=\"color: #001d35;\"><span style=\"font-family: Calibri, serif;\"><span style=\"font-size: large;\">recuerda la Plaza de San Marcos de Venecia. En la Plaza de San Marcos est\u00e1 el Caf\u00e9 Flori\u00e1n y en To<\/span><\/span><\/span><span style=\"color: #001d35;\"><span style=\"font-family: Calibri, serif;\"><span style=\"font-size: large;\">u<\/span><\/span><\/span><span style=\"color: #001d35;\"><span style=\"font-family: Calibri, serif;\"><span style=\"font-size: large;\">louse est\u00e1 el Caf\u00e9 La Florida, fundado en 1874. Nosotros nos sentamos en la terraza del Caf\u00e9 Albert, cuando el camarero anunci<\/span><\/span><\/span><span style=\"color: #001d35;\"><span style=\"font-family: Calibri, serif;\"><span style=\"font-size: large;\">a<\/span><\/span><\/span><span style=\"color: #001d35;\"><span style=\"font-family: Calibri, serif;\"><span style=\"font-size: large;\"> la Happy Hour.<\/span><\/span><\/span><\/p>\n<p align=\"JUSTIFY\"><span style=\"color: #001d35;\"><span style=\"font-family: Calibri, serif;\"><span style=\"font-size: large;\">Detr\u00e1s del Capitolio, se encuentra el Donjon, antiguas mazmorras de la ciudad que despu\u00e9s pas\u00f3 a ser el archivo municipal. Ahora es una oficina de informaci\u00f3n tur\u00edstica.<\/span><\/span><\/span><\/p>\n<p align=\"JUSTIFY\"><span style=\"color: #001d35;\"><span style=\"font-family: Calibri, serif;\"><span style=\"font-size: large;\">Pero <\/span><\/span><\/span><span style=\"color: #001d35;\"><span style=\"font-family: Calibri, serif;\"><span style=\"font-size: large;\">hay<\/span><\/span><\/span><span style=\"color: #001d35;\"><span style=\"font-family: Calibri, serif;\"><span style=\"font-size: large;\"> en Toulouse algo <\/span><\/span><\/span><span style=\"color: #001d35;\"><span style=\"font-family: Calibri, serif;\"><span style=\"font-size: large;\">mucho m\u00e1s pr\u00e1ctico<\/span><\/span><\/span><span style=\"color: #001d35;\"><span style=\"font-family: Calibri, serif;\"><span style=\"font-size: large;\">:<\/span><\/span><\/span><span style=\"color: #001d35;\"><span style=\"font-family: Calibri, serif;\"><span style=\"font-size: large;\"> En Andorra ya vimos un autob\u00fas que te llevaba por toda la ciudad por 10 c\u00e9ntimos. <\/span><\/span><\/span><span style=\"color: #001d35;\"><span style=\"font-family: Calibri, serif;\"><span style=\"font-size: large;\">En Toulouse es<\/span><\/span><\/span><span style=\"color: #001d35;\"><span style=\"font-family: Calibri, serif;\"><span style=\"font-size: large;\"> un microb\u00fas que puedes parar en cualquier punto donde lo encuentres <\/span><\/span><\/span><span style=\"color: #001d35;\"><span style=\"font-family: Calibri, serif;\"><span style=\"font-size: large;\">levantando la mano<\/span><\/span><\/span><span style=\"color: #001d35;\"><span style=\"font-family: Calibri, serif;\"><span style=\"font-size: large;\">, <\/span><\/span><\/span><span style=\"color: #001d35;\"><span style=\"font-family: Calibri, serif;\"><span style=\"font-size: large;\">totalmente gratis<\/span><\/span><\/span><span style=\"color: #001d35;\"><span style=\"font-family: Calibri, serif;\"><span style=\"font-size: large;\">. Si aquello nos asombr\u00f3, con este alucinamos, sobre todo al compararlo con el servicio de la EMT de Valencia que acaban de subir el billete sencillo a dos euros.<\/span><\/span><\/span><\/p>\n<\/div><\/div>[vc_single_image image=&#8221;17858&#8243; img_size=&#8221;large&#8221; alignment=&#8221;center&#8221; css=&#8221;&#8221;][vc_single_image image=&#8221;17859&#8243; img_size=&#8221;large&#8221; alignment=&#8221;center&#8221; css=&#8221;&#8221;]<div  class=\"empty-space  marg-lg-b15\"><\/div>[\/vc_column][\/vc_row][vc_row][vc_column]<div class=\"text-block\" ><div class=\"simple-text size-4\"><p align=\"JUSTIFY\"><span style=\"color: #001d35;\"> <span style=\"font-family: Calibri, serif;\"><span style=\"font-size: large;\"><b>TOULOUSE 2<\/b><\/span><\/span><\/span><\/p>\n<p align=\"JUSTIFY\"><span style=\"color: #001d35;\"><span style=\"font-family: Calibri, serif;\"><span style=\"font-size: large;\">E<\/span><\/span><\/span><span style=\"color: #001d35;\"><span style=\"font-family: Calibri, serif;\"><span style=\"font-size: large;\">l protagonista de <\/span><\/span><\/span><span style=\"color: #001d35;\"><span style=\"font-family: Calibri, serif;\"><span style=\"font-size: large;\">Toulouse, sin duda,<\/span><\/span><\/span><span style=\"color: #001d35;\"><span style=\"font-family: Calibri, serif;\"><span style=\"font-size: large;\"> es el r\u00edo Garona y su Canal de Mid<\/span><\/span><\/span><span style=\"color: #001d35;\"><span style=\"font-family: Calibri, serif;\"><span style=\"font-size: large;\">i<\/span><\/span><\/span><span style=\"color: #001d35;\"><span style=\"font-family: Calibri, serif;\"><span style=\"font-size: large;\">. <\/span><\/span><\/span><\/p>\n<p align=\"JUSTIFY\"><span style=\"color: #001d35;\"><span style=\"font-family: Calibri, serif;\"><span style=\"font-size: large;\">Un recorrido<\/span><\/span><\/span> <span style=\"color: #001d35;\"><span style=\"font-family: Calibri, serif;\"><span style=\"font-size: large;\">por el canal, <\/span><\/span><\/span><span style=\"color: #001d35;\"><span style=\"font-family: Calibri, serif;\"><span style=\"font-size: large;\">cruzando exclusas <\/span><\/span><\/span><span style=\"color: #001d35;\"><span style=\"font-family: Calibri, serif;\"><span style=\"font-size: large;\">a su paso por la ciudad <\/span><\/span><\/span><span style=\"color: #001d35;\"><span style=\"font-family: Calibri, serif;\"><span style=\"font-size: large;\">y <\/span><\/span><\/span><span style=\"color: #001d35;\"><span style=\"font-family: Calibri, serif;\"><span style=\"font-size: large;\">escoltado por altos pl\u00e1tanos, te muestra la verdadera importancia de una obra <\/span><\/span><\/span><span style=\"color: #001d35;\"><span style=\"font-family: Calibri, serif;\"><span style=\"font-size: large;\">colosal<\/span><\/span><\/span><span style=\"color: #001d35;\"><span style=\"font-family: Calibri, serif;\"><span style=\"font-size: large;\"> que cruza el Mediod\u00eda franc\u00e9s desde la desembocadura del Garona, en Burdeos, hasta S\u00e8te en el Mediterr\u00e1neo. <\/span><\/span><\/span><\/p>\n<p align=\"JUSTIFY\"><span style=\"color: #001d35;\"><span style=\"font-family: Calibri, serif;\"><span style=\"font-size: large;\">Menos protagonismo tiene e<\/span><\/span><\/span><span style=\"color: #001d35;\"><span style=\"font-family: Calibri, serif;\"><span style=\"font-size: large;\">l extrarradio de Toulouse, <\/span><\/span><\/span><span style=\"color: #001d35;\"><span style=\"font-family: Calibri, serif;\"><span style=\"font-size: large;\">al otro lado del<\/span><\/span><\/span><span style=\"color: #001d35;\"><span style=\"font-family: Calibri, serif;\"><span style=\"font-size: large;\"> Pont Neuf. <\/span><\/span><\/span><\/p>\n<p align=\"JUSTIFY\"><span style=\"color: #001d35;\"><span style=\"font-family: Calibri, serif;\"><span style=\"font-size: large;\">E<\/span><\/span><\/span><span style=\"color: #001d35;\"><span style=\"font-family: Calibri, serif;\"><span style=\"font-size: large;\">l extrarradio e<\/span><\/span><\/span><span style=\"color: #001d35;\"><span style=\"font-family: Calibri, serif;\"><span style=\"font-size: large;\">s esa parte de la ciudad<\/span><\/span><\/span> <span style=\"color: #001d35;\"><span style=\"font-family: Calibri, serif;\"><span style=\"font-size: large;\">donde las calles<\/span><\/span><\/span><span style=\"color: #001d35;\"><span style=\"font-family: Calibri, serif;\"><span style=\"font-size: large;\"> se limpia<\/span><\/span><\/span><span style=\"color: #001d35;\"><span style=\"font-family: Calibri, serif;\"><span style=\"font-size: large;\">n<\/span><\/span><\/span><span style=\"color: #001d35;\"><span style=\"font-family: Calibri, serif;\"><span style=\"font-size: large;\"> menos y las fachadas est\u00e1n m\u00e1s degradadas, las aceras <\/span><\/span><\/span><span style=\"color: #001d35;\"><span style=\"font-family: Calibri, serif;\"><span style=\"font-size: large;\">son estrechas<\/span><\/span><\/span><span style=\"color: #001d35;\"><span style=\"font-family: Calibri, serif;\"><span style=\"font-size: large;\"> y los locales <\/span><\/span><\/span><span style=\"color: #001d35;\"><span style=\"font-family: Calibri, serif;\"><span style=\"font-size: large;\">tienen<\/span><\/span><\/span><span style=\"color: #001d35;\"><span style=\"font-family: Calibri, serif;\"><span style=\"font-size: large;\"> aspecto poco recomendable, lo mismo que la gente que ya no es tan guapa, ni viste tan bien.<\/span><\/span><\/span><\/p>\n<p align=\"JUSTIFY\"><span style=\"color: #001d35;\"><span style=\"font-family: Calibri, serif;\"><span style=\"font-size: large;\">Un<\/span><\/span><\/span><span style=\"color: #001d35;\"><span style=\"font-family: Calibri, serif;\"><span style=\"font-size: large;\"> extrarradio es donde viven los trabajadores, los inmigrantes, donde en lugar de hoteles hay apartamentos antiguos y en lugar de <\/span><\/span><\/span><span style=\"color: #001d35;\"><span style=\"font-family: Calibri, serif;\"><span style=\"font-size: large;\">Prada o Gucci<\/span><\/span><\/span><span style=\"color: #001d35;\"><span style=\"font-family: Calibri, serif;\"><span style=\"font-size: large;\">, est\u00e1 la fruter\u00eda del indio o <\/span><\/span><\/span><span style=\"color: #001d35;\"><span style=\"font-family: Calibri, serif;\"><span style=\"font-size: large;\">el<\/span><\/span><\/span><span style=\"color: #001d35;\"><span style=\"font-family: Calibri, serif;\"><span style=\"font-size: large;\"> kebap <\/span><\/span><\/span><span style=\"color: #001d35;\"><span style=\"font-family: Calibri, serif;\"><span style=\"font-size: large;\">del <\/span><\/span><\/span><span style=\"color: #001d35;\"><span style=\"font-family: Calibri, serif;\"><span style=\"font-size: large;\">turco<\/span><\/span><\/span><span style=\"color: #001d35;\"><span style=\"font-family: Calibri, serif;\"><span style=\"font-size: large;\">. <\/span><\/span><\/span><\/p>\n<p align=\"JUSTIFY\"><span style=\"color: #001d35;\"><span style=\"font-family: Calibri, serif;\"><span style=\"font-size: large;\">Toulouse tiene todo eso, lo mismo que todas las ciudades, lo mismo que Valencia. Pero cuando vamos de de vacaciones a otra ciudad, no estamos para penas. Queremos ver sus monumentos, su historia y la belleza que la envuelve, y Toulouse tiene mucho de todo eso.<\/span><\/span><\/span><\/p>\n<\/div><\/div><div  class=\"empty-space  marg-lg-b15\"><\/div>[vc_single_image image=&#8221;17860&#8243; img_size=&#8221;large&#8221; alignment=&#8221;center&#8221; css=&#8221;&#8221;][vc_single_image image=&#8221;17861&#8243; img_size=&#8221;large&#8221; alignment=&#8221;center&#8221; css=&#8221;&#8221;]<div  class=\"empty-space  marg-lg-b15\"><\/div>[\/vc_column][\/vc_row][vc_row][vc_column]<div class=\"text-block\" ><div class=\"simple-text size-4\"><p align=\"JUSTIFY\"><span style=\"color: #001d35;\"><span style=\"font-family: Calibri, serif;\"><span style=\"font-size: large;\"><b>GERONA <\/b><\/span><\/span><\/span><\/p>\n<p align=\"JUSTIFY\"><span style=\"color: #000000;\"><span style=\"font-family: Calibri, sans-serif;\"><span style=\"font-size: large;\">Salimos de Toulouse por la C1. Vamos dejando atr\u00e1s Montferrand, Carcasonne, Narbonne, Perpi\u00f1an y Figueres hasta llegar a Gerona a las 12:30. Hotel Ciutat de Girona, 130 euros la noche. Estupendo y moderno hotel en pleno centro hist\u00f3rico de la ciudad. El coche duerme en un parking p\u00fablico por 31\u00b440 euros la noche. <\/span><\/span><\/span><\/p>\n<p align=\"JUSTIFY\"><span style=\"color: #000000;\"><span style=\"font-family: Calibri, sans-serif;\"><span style=\"font-size: large;\">Parece que queramos volver a casa sin dinero. Como cuando se usaban las monedas nacionales, antes del euro. Antes de cruzar la frontera ten\u00edas que desprenderte de toda la calderilla ya que aqu\u00ed no pod\u00eda cambiarse. Pues nos est\u00e1 ocurriendo algo as\u00ed.<\/span><\/span><\/span><\/p>\n<p align=\"JUSTIFY\"><span style=\"color: #000000;\"><span style=\"font-family: Calibri, sans-serif;\"><span style=\"font-size: large;\">Gerona es una ciudad que ya hab\u00edamos visitado un par de veces. Se come y se pasea bien. El r\u00edo, la catedral, las escalinatas, el puente de hierro de Gustave Eiffel, el Barri Vell, el mercado agr\u00edcola en la calle&#8230;<\/span><\/span><\/span><\/p>\n<p align=\"JUSTIFY\"><span style=\"color: #000000;\"><span style=\"font-family: Calibri, sans-serif;\"><span style=\"font-size: large;\">No obstante, la motivaci\u00f3n para venir aqu\u00ed, era pasar por la tienda donde nos compramos los caleidoscopios. No existe otra tienda especializada en toda Europa y aqu\u00ed venimos, cuando nos viene bien, a ver las novedades. En esta ocasi\u00f3n han sido tres preciosos caleidoscopios que ya engrosan nuestra bonita colecci\u00f3n.<\/span><\/span><\/span><\/p>\n<\/div><\/div><div  class=\"empty-space  marg-lg-b15\"><\/div>[vc_single_image image=&#8221;17862&#8243; img_size=&#8221;large&#8221; alignment=&#8221;center&#8221; css=&#8221;&#8221;][vc_single_image image=&#8221;17863&#8243; img_size=&#8221;large&#8221; alignment=&#8221;center&#8221; css=&#8221;&#8221;][vc_single_image image=&#8221;17864&#8243; img_size=&#8221;large&#8221; alignment=&#8221;center&#8221; css=&#8221;&#8221;][vc_single_image image=&#8221;17865&#8243; img_size=&#8221;large&#8221; alignment=&#8221;center&#8221; css=&#8221;&#8221;]<div  class=\"empty-space  marg-lg-b15\"><\/div>[\/vc_column][\/vc_row][vc_row][vc_column]<div class=\"text-block\" ><div class=\"simple-text size-4\"><p align=\"JUSTIFY\"><span style=\"color: #001d35;\"><span style=\"font-family: Calibri, serif;\"><span style=\"font-size: large;\"><b>EL VENDRELL<\/b><\/span><\/span><\/span><\/p>\n<p align=\"JUSTIFY\"><span style=\"color: #001d35;\"><span style=\"font-family: Calibri, serif;\"><span style=\"font-size: large;\">Hoy es<\/span><\/span><\/span><span style=\"color: #001d35;\"><span style=\"font-family: Calibri, serif;\"><span style=\"font-size: large;\"> la \u00faltima etapa de<\/span><\/span><\/span><span style=\"color: #001d35;\"><span style=\"font-family: Calibri, serif;\"><span style=\"font-size: large;\">l<\/span><\/span><\/span><span style=\"color: #001d35;\"><span style=\"font-family: Calibri, serif;\"><span style=\"font-size: large;\"> viaje. Ya hemos salido de Gerona y todo <\/span><\/span><\/span><span style=\"color: #001d35;\"><span style=\"font-family: Calibri, serif;\"><span style=\"font-size: large;\">es <\/span><\/span><\/span><span style=\"color: #001d35;\"><span style=\"font-family: Calibri, serif;\"><span style=\"font-size: large;\">autopista hasta llegar a casa, pero antes vamos a hacer un alto para comer y lo hacemos <\/span><\/span><\/span><span style=\"color: #001d35;\"><span style=\"font-family: Calibri, serif;\"><span style=\"font-size: large;\">acerc\u00e1ndonos<\/span><\/span><\/span><span style=\"color: #001d35;\"><span style=\"font-family: Calibri, serif;\"><span style=\"font-size: large;\"> a El Vendrell. <\/span><\/span><\/span><\/p>\n<p align=\"JUSTIFY\"><span style=\"color: #001d35;\"><span style=\"font-family: Calibri, serif;\"><span style=\"font-size: large;\">Hay que apurar las cosas todo lo posible. Hay que apurar la experiencia del viaje, las emociones, la sonrisa, todos los momentos en que te sientes vivo. Hay que apurar el vino, la belleza del mundo, la noche y el amor. Hay que apurar la vida, mientras estemos aqu\u00ed.<\/span><\/span><\/span><\/p>\n<p align=\"JUSTIFY\"><span style=\"color: #001d35;\"><span style=\"font-family: Calibri, serif;\"><span style=\"font-size: large;\">Son las fiestas de Santa Anna. Asistimos al espect\u00e1culo de los ni\u00f1os \u201cdiables i diablons\u201d que recitan en verso sus quejas y demandas a las autoridades en la plaza Mayor. Comemos en un gastrobar ensaladilla de marisco y patatas bravas al queso de Cabrales. <\/span><\/span><\/span><\/p>\n<p align=\"JUSTIFY\"><span style=\"color: #001d35;\"><span style=\"font-family: Calibri, serif;\"><span style=\"font-size: large;\">Antes de salir paso por el servicio. Junto al lavabo hay una silla de rejilla blanca: Parece un decorado. Cuando salgo le pregunto a la due\u00f1a para qu\u00e9 es esa silla y me responde que es para que los hombres se sienten y se puedan atar los cordones de los zapatos. Ha sido lo m\u00e1s surrealista de todo el viaje. <\/span><\/span><\/span><\/p>\n<p align=\"JUSTIFY\"><span style=\"color: #001d35;\"><span style=\"font-family: Calibri, serif;\"><span style=\"font-size: large;\">A las siete de la tarde, despu\u00e9s de 1.380 kil\u00f3metros, llegamos a casa y nos encontramos el mismo lugar que estaba aparcado el coche cuando salimos, frente a la puerta de casa. Todav\u00eda m\u00e1s surrealista que lo de la silla.<\/span><\/span><\/span><\/p>\n<\/div><\/div><div  class=\"empty-space  marg-lg-b15\"><\/div>[vc_single_image image=&#8221;17866&#8243; img_size=&#8221;large&#8221; alignment=&#8221;center&#8221; css=&#8221;&#8221;][vc_single_image image=&#8221;17868&#8243; img_size=&#8221;Large&#8221; alignment=&#8221;center&#8221; css=&#8221;&#8221;][vc_single_image image=&#8221;17869&#8243; img_size=&#8221;Large&#8221; alignment=&#8221;center&#8221; css=&#8221;&#8221;][vc_single_image image=&#8221;17871&#8243; img_size=&#8221;Large&#8221; alignment=&#8221;center&#8221; css=&#8221;&#8221;][vc_single_image image=&#8221;17872&#8243; img_size=&#8221;Large&#8221; alignment=&#8221;center&#8221; css=&#8221;&#8221;][\/vc_column][\/vc_row]<\/p>\n<\/div>","protected":false},"excerpt":{"rendered":"<p>[vc_row][vc_column][vc_single_image image=&#8221;17835&#8243; img_size=&#8221;large&#8221; alignment=&#8221;center&#8221; css=&#8221;&#8221;] Nueva entrega tur\u00edstica del naturalista y bot\u00e1nico Rafael Escrig. Esta vez se ha marchado a Andorra, antes capital del estraperlo, ha atravesado los Pirineos en direcci\u00f3n norte, ha parado en Toulouse o Tolosa de Francia, capital del antiguo reino visigodo de Hispania y Aquitania, y ha vuelto al sur, con [&hellip;]<\/p>\n","protected":false},"author":3,"featured_media":17874,"comment_status":"open","ping_status":"closed","sticky":false,"template":"","format":"standard","meta":{"footnotes":"","jetpack_publicize_message":"","jetpack_publicize_feature_enabled":true,"jetpack_social_post_already_shared":true,"jetpack_social_options":{"image_generator_settings":{"template":"highway","default_image_id":0,"font":"","enabled":false},"version":2}},"categories":[25],"tags":[],"class_list":["post-17814","post","type-post","status-publish","format-standard","has-post-thumbnail","hentry","category-cultura-y-comunicacion"],"jetpack_publicize_connections":[],"jetpack_featured_media_url":"https:\/\/agroicultura.com\/general\/wp-content\/uploads\/2025\/09\/526687519_4143810859224484_7772153886453263732_n.jpg","jetpack_shortlink":"https:\/\/wp.me\/p4Dh6a-4Dk","jetpack-related-posts":[],"_links":{"self":[{"href":"https:\/\/agroicultura.com\/general\/wp-json\/wp\/v2\/posts\/17814","targetHints":{"allow":["GET"]}}],"collection":[{"href":"https:\/\/agroicultura.com\/general\/wp-json\/wp\/v2\/posts"}],"about":[{"href":"https:\/\/agroicultura.com\/general\/wp-json\/wp\/v2\/types\/post"}],"author":[{"embeddable":true,"href":"https:\/\/agroicultura.com\/general\/wp-json\/wp\/v2\/users\/3"}],"replies":[{"embeddable":true,"href":"https:\/\/agroicultura.com\/general\/wp-json\/wp\/v2\/comments?post=17814"}],"version-history":[{"count":14,"href":"https:\/\/agroicultura.com\/general\/wp-json\/wp\/v2\/posts\/17814\/revisions"}],"predecessor-version":[{"id":17876,"href":"https:\/\/agroicultura.com\/general\/wp-json\/wp\/v2\/posts\/17814\/revisions\/17876"}],"wp:featuredmedia":[{"embeddable":true,"href":"https:\/\/agroicultura.com\/general\/wp-json\/wp\/v2\/media\/17874"}],"wp:attachment":[{"href":"https:\/\/agroicultura.com\/general\/wp-json\/wp\/v2\/media?parent=17814"}],"wp:term":[{"taxonomy":"category","embeddable":true,"href":"https:\/\/agroicultura.com\/general\/wp-json\/wp\/v2\/categories?post=17814"},{"taxonomy":"post_tag","embeddable":true,"href":"https:\/\/agroicultura.com\/general\/wp-json\/wp\/v2\/tags?post=17814"}],"curies":[{"name":"wp","href":"https:\/\/api.w.org\/{rel}","templated":true}]}}