{"id":18256,"date":"2026-04-19T11:03:51","date_gmt":"2026-04-19T09:03:51","guid":{"rendered":"https:\/\/agroicultura.com\/general\/?p=18256"},"modified":"2026-04-19T11:03:51","modified_gmt":"2026-04-19T09:03:51","slug":"fotografias-de-calle-en-madrid-y-en-valencia","status":"publish","type":"post","link":"https:\/\/agroicultura.com\/general\/fotografias-de-calle-en-madrid-y-en-valencia\/","title":{"rendered":"Fotograf\u00edas de calle en Madrid y en Valencia"},"content":{"rendered":"<div class=\"wpb-content-wrapper\"><p>[vc_row][vc_column]<div class=\"text-block\" ><div class=\"simple-text size-4\"><p>Lo que m\u00e1s me gusta de la fotograf\u00eda es la espontaneidad de las que se toman en la calle. Sin embargo es el g\u00e9nero fotogr\u00e1fico m\u00e1s enga\u00f1oso. Mejor dicho, el que puede someterse a m\u00e1s enga\u00f1o. Esto, en la \u00e9poca de la falsificaci\u00f3n mediante la I.A., suena a lamento desfasado. \u00a1Qu\u00e9 se le va a hacer!<!--more--><\/p>\n<h3>Fernando Bell\u00f3n<\/h3>\n<p>Es un riesgo que debe correrse. Que te crea el que quiera. En rigor, toda fotograf\u00eda tratada digitalmente est\u00e1 falseando la realidad: desde la modificaci\u00f3n del encuadre hasta la nitidez, la coloraci\u00f3n y la atm\u00f3sfera, por ejemplo, la luz.<\/p>\n<p>Las fotograf\u00edas de estudio o las preparadas en cualquier escenario con antelaci\u00f3n nos avisan expl\u00edcitamente de su manipulaci\u00f3n. No suelo hacerlas porque cuestan m\u00e1s trabajo, y necesitas un equipo auxiliar que no poseo.<\/p>\n<p>Para m\u00ed, salir a la calle y fotografiar al pr\u00f3jimo es un ejercicio costoso pero remunerador. Una circunstancia parad\u00f3jica es que las personas est\u00e1n acostumbradas a que las capturen en im\u00e1genes, y, salvo excepciones, no se inquietan cuando se saben retratados. Todo el mundo lo hace, y por tanto a veces les toca un papel pasivo en lugar del activo de apretar el disparador. La paradoja es que no se pueden hacer fotograf\u00edas a tontas y a locas. Lo com\u00fan es disponer los par\u00e1metros en autom\u00e1tico y tirar fotos. Los resultados no siempre son decepcionantes, aunque s\u00f3lo un buen fot\u00f3grafo acostumbrado a la fotograf\u00eda de calle le saca partido. Lo conveniente es medir manual o semiautom\u00e1ticamente la luz, la distancia focal y la velocidad. Esto resta espontaneidad al resultado, pero es m\u00e1s aparente, m\u00e1s bonito.<\/p>\n<p>Yo soy mal medidor, as\u00ed que la mayor\u00eda de las fotos las hago en Apertura e ISO fijos, y dejo a la c\u00e1mara que haga los ajustes de velocidad. Suelo encuadrar con toda la amplitud que me permite el objetivo, para luego recortarlas a mi gusto y conveniencia. Me da muy buen resultado un objetivo de 50 mil\u00edmetros, una apertura de diafragma de 8 y ISO en torno a los 100, pero no siempre se dan las condiciones, salvo un d\u00eda de sol. Otra cosa que se me da mal es compensar la exposici\u00f3n.<\/p>\n<p>Mi c\u00e1mara es una Sony Alfa 7 II con m\u00e1s de diez a\u00f1os, y estoy satisfecho de ella.<\/p>\n<p>Bien, revelados mis h\u00e1bitos y carencias fotogr\u00e1ficas, paso a mostrar algunos ejemplos, realizados en los \u00faltimos meses.<\/p>\n<\/div><\/div><div  class=\"empty-space  marg-lg-b15\"><\/div>[vc_single_image image=&#8221;18259&#8243; img_size=&#8221;large&#8221; alignment=&#8221;center&#8221; css=&#8221;&#8221;]<div  class=\"empty-space  marg-lg-b15\"><\/div><div class=\"text-block\" ><div class=\"simple-text size-4\"><p>Imagen obtenida en la plaza del Mercado de Valencia. Los domingos hay all\u00ed un mercadillo. Estas personas est\u00e1n interesadas creo que en monedas antiguas o no tan antiguas. Es un escenario f\u00e1cil de fotografiar y expresivo. Estuve a punto de recortar la foto, y excluir el balc\u00f3n y el ciudadano de blanco de la izquierda. Pero me pareci\u00f3 m\u00e1s aut\u00e9ntico dejarlo as\u00ed, por situar la escena en un lugar ubicable, al fin y al cabo las calles son tan dignas de retratar como\u00a0 los seres humanos.<\/p>\n<\/div><\/div><div  class=\"empty-space  marg-lg-b15\"><\/div>[vc_single_image image=&#8221;18261&#8243; img_size=&#8221;Large&#8221; alignment=&#8221;center&#8221; css=&#8221;&#8221;]<div class=\"text-block\" ><div class=\"simple-text size-4\"><p>Otra estampa del mercadillo. En este caso delante del Mercado Central. Hab\u00eda puestos de libros y de objetos tur\u00edsticos. Me llam\u00f3 la atenci\u00f3n esta vendedora por el parecido casi milim\u00e9trico con una familiar m\u00eda que vive en Madrid. Podr\u00eda ser ella en un universo paralelo.<\/p>\n<\/div><\/div><div  class=\"empty-space  marg-lg-b15\"><\/div>[vc_single_image image=&#8221;18262&#8243; img_size=&#8221;large&#8221; alignment=&#8221;center&#8221; css=&#8221;&#8221;]<div class=\"text-block\" ><div class=\"simple-text size-4\"><p>Esta imagen me parece ilustrativa en extremo. En las escaleras de la puerta principal del Mercado descansa un grupo de personas. Reflejan la sociedad a la que pertenecemos, y sus actitudes son las comunes en estos d\u00edas, mirando el m\u00f3vil, leyendo un libro, comiendo, charlando. Todos son j\u00f3venes y est\u00e1n relajados. Una familia, parejas, todos de paso, imagino, recuper\u00e1ndose de un recorrido tur\u00edstico extenuante.<\/p>\n<\/div><\/div><div  class=\"empty-space  marg-lg-b15\"><\/div>[vc_single_image image=&#8221;18265&#8243; img_size=&#8221;large&#8221; alignment=&#8221;center&#8221; css=&#8221;&#8221;]<div  class=\"empty-space  marg-lg-b15\"><\/div><div class=\"text-block\" ><div class=\"simple-text size-4\"><p>Plaza de la Reina. Un artesano se gana la vida pintando con un dedo en un cristalito. Le salen unos paisajes extraordinarios, s\u00f3lo en tres minutos. Suele estar delante de la puerta sur de la catedral, pegada a la torre del Micalet o Miguelete. Firma &#8220;Arte100cia&#8221;, arte ciencia. Hombre digno de una \u00e9poca m\u00e1s ilustrada que la nuestra.<\/p>\n<\/div><\/div><div  class=\"empty-space  marg-lg-b15\"><\/div>[vc_single_image image=&#8221;18266&#8243; img_size=&#8221;Large&#8221; alignment=&#8221;center&#8221; css=&#8221;&#8221;]<div class=\"text-block\" ><div class=\"simple-text size-4\"><p>Mismo escenario que la fotograf\u00eda anterior. Esta vez en la zona de la plaza de la Reina que linda con los muros de la capilla del Santo C\u00e1liz. Domingo de Ramos, algo evidente en la imagen. Hab\u00eda al menos tres puestos de venta de palmas y ramos de olivo. Esta instant\u00e1nea es la que mejor me sali\u00f3<\/p>\n<\/div><\/div><div  class=\"empty-space  marg-lg-b15\"><\/div>[vc_single_image image=&#8221;18267&#8243; img_size=&#8221;large&#8221; alignment=&#8221;center&#8221; css=&#8221;&#8221;]<div  class=\"empty-space  marg-lg-b15\"><\/div><div class=\"text-block\" ><div class=\"simple-text size-4\"><p>Ahora el escenario es la plaza de la Virgen, donde se encuentra la Bas\u00edlica de Nuestra Se\u00f1ora de los Desamparados y la puerta de los Ap\u00f3stoles de la catedral, sede del Tribunal de las Aguas. Ocho chicas y un chico sentados en los escalones. Cinco de las chicas est\u00e1n absortas en sus tel\u00e9fonos m\u00f3viles. El chico observa el de la chica de su izquierda. A la derecha de este, una chica parece haber descubierto al fot\u00f3grafo, y posa. Otra chica mira hacia donde no hay nada atractivo, en una de las plazas m\u00e1s bellas de la Europa mediterr\u00e1nea. Por fin, la \u00faltima por mencionar sostiene un cigarrilo electr\u00f3nico, mientras una amiga invisible sujeta otro m\u00f3vil. Estoy poniendo en texto algo evidente, pero es para destacar en qu\u00e9 emplean el tiempo las j\u00f3venes turistas, en una realidad encajonada en su m\u00f3vil, no en la que est\u00e1n viviendo inconscientes de ella. Pobres muchachas.<\/p>\n<\/div><\/div><div  class=\"empty-space  marg-lg-b15\"><\/div>[vc_single_image image=&#8221;18268&#8243; img_size=&#8221;Large&#8221; alignment=&#8221;center&#8221; css=&#8221;&#8221;]<div  class=\"empty-space  marg-lg-b15\"><\/div><div class=\"text-block\" ><div class=\"simple-text size-4\"><p>Calle de J\u00e1tiva, frente a la Estaci\u00f3n del Norte. \u00bfS\u00f3n m\u00e1s adictas al tel\u00e9fono m\u00f3vil las mujeres que los hombres? Ella, ensimismada. Ellos en animada charla.<\/p>\n<\/div><\/div><div  class=\"empty-space  marg-lg-b15\"><\/div>[vc_single_image image=&#8221;18269&#8243; img_size=&#8221;Large&#8221; alignment=&#8221;center&#8221; css=&#8221;&#8221;]<div  class=\"empty-space  marg-lg-b15\"><\/div><div class=\"text-block\" ><div class=\"simple-text size-4\"><p>Mismo escenario, mismo comentario. Tomo estas instant\u00e1neas sentado en el bordillo de la boca de la estaci\u00f3n de Metro de J\u00e1tiva. Me coloco all\u00ed, disimulando la c\u00e1mara, y voy tirando fotos un poco al azar. Algunas me salen bien.<\/p>\n<\/div><\/div><div  class=\"empty-space  marg-lg-b15\"><\/div>[vc_single_image image=&#8221;18276&#8243; img_size=&#8221;large&#8221; alignment=&#8221;center&#8221; css=&#8221;&#8221;]<div class=\"text-block\" ><div class=\"simple-text size-4\"><p>Final de la calle del Hospital de Valencia, frente a los jardines de la actual biblioteca municipal y en la esquina de la ermita de Santa Luc\u00eda, patrona de los invidentes. La fotograf\u00eda original, en color y de otras dimensiones carec\u00eda de valor. Al estrecharla y quitarle el color, se ve mejor a la paloma y a los peatones movilizados.<\/p>\n<\/div><\/div><div class=\"text-block\" ><div class=\"simple-text size-4\"><p>Antes de cambiar de tercio, la localizaci\u00f3n de la foto de presentaci\u00f3n de la entrada. Tomada fuera del polideportivo de Burjassot, en una de esas carreras inhumanas que programan los ayuntamientos de seis, doce, veinticuatro y cuarenta y ocho horas corriendo sin parar. \u00bfSin parar? Escuch\u00e9 que uno que estaba llegando hab\u00eda recorrido 300 kil\u00f3metros. Me pareci\u00f3 imposible. Este se\u00f1or pasaba por delante de un cartel con grandes posibilidades de interpretaci\u00f3n. Me pareci\u00f3 que dejarle con color era gracioso.<\/p>\n<\/div><\/div><div  class=\"empty-space  marg-lg-b15\"><\/div>[vc_single_image image=&#8221;18270&#8243; img_size=&#8221;large&#8221; alignment=&#8221;center&#8221; css=&#8221;&#8221;]<div  class=\"empty-space  marg-lg-b15\"><\/div><div class=\"text-block\" ><div class=\"simple-text size-4\"><p>Ahora estamos en Madrid. Gran Via, antes Jose Antonio. Instalaci\u00f3n de un templete que sustituye al original, que era de hierro forjado, y conten\u00eda un ascensor que llevaba hasta la entrada de la estaci\u00f3n de metro. Este es de granito escurialense de la sierra. La toma es desde la calle Montera, que baja hasta la Puerta del Sol. La fotograf\u00eda original era gris sombra, porque el cielo estaba nublado. Prob\u00e9 varios tintes, de esos que llaman &#8220;presets&#8221;, y me gust\u00f3 este que da una prestancia de Austria viejo al monumento.<\/p>\n<\/div><\/div><div  class=\"empty-space  marg-lg-b15\"><\/div>[vc_single_image image=&#8221;18271&#8243; img_size=&#8221;Large&#8221; alignment=&#8221;center&#8221; css=&#8221;&#8221;]<div  class=\"empty-space  marg-lg-b15\"><\/div><div class=\"text-block\" ><div class=\"simple-text size-4\"><p>Ahora, la calle Montera, esquina a la de Caballero de Gracia. La Gran V\u00eda se construy\u00f3 derribando decenas de callejas como esta a principios de siglo XX. Se hizo una zarzuela famos\u00edsima en un acto y cinco cuadros (las calles y sus transe\u00fantes) con m\u00fasica de Federico Chueca y Joaqu\u00edn Valverde, y letra de Felipe P\u00e9rez y Gonz\u00e1lez. Un grupo de turistas espera a su gu\u00eda. No digo nada de los m\u00f3viles. Juro que no hice la fotograf\u00eda a drede. Es que los m\u00f3viles est\u00e1n en todas partes.<\/p>\n<\/div><\/div><div  class=\"empty-space  marg-lg-b15\"><\/div>[vc_single_image image=&#8221;18272&#8243; img_size=&#8221;large&#8221; alignment=&#8221;center&#8221; css=&#8221;&#8221;]<div  class=\"empty-space  marg-lg-b15\"><\/div><div class=\"text-block\" ><div class=\"simple-text size-4\"><p>Otra vez la calle Montera, conocida por los proxenetas y sus v\u00edctimas, pobres inmigrantes. Este es el escaparate de un negocio obvio. Olas org\u00e1smicas y una espiral de fantas\u00edas. Esper\u00e9 a que no pasara nadie entre la c\u00e1mara y el paisaje para no estropear la iron\u00eda.<\/p>\n<\/div><\/div><div  class=\"empty-space  marg-lg-b15\"><\/div>[vc_single_image image=&#8221;18273&#8243; img_size=&#8221;Large&#8221; alignment=&#8221;center&#8221; css=&#8221;&#8221;]<div  class=\"empty-space  marg-lg-b15\"><\/div><div class=\"text-block\" ><div class=\"simple-text size-4\"><p>Calle Caballero de Gracia. Por el d\u00eda, desierta. Por la noche, animada. Una cartera-repartidora usa el m\u00f3vil como instrumento de trabajo. Se gana la vida con \u00e9l.<\/p>\n<\/div><\/div><div  class=\"empty-space  marg-lg-b15\"><\/div>[vc_single_image image=&#8221;18274&#8243; img_size=&#8221;Large&#8221; alignment=&#8221;center&#8221; css=&#8221;&#8221;]<div  class=\"empty-space  marg-lg-b15\"><\/div>[vc_single_image image=&#8221;18275&#8243; img_size=&#8221;large&#8221; alignment=&#8221;center&#8221; css=&#8221;&#8221;]<div  class=\"empty-space  marg-lg-b15\"><\/div><div class=\"text-block\" ><div class=\"simple-text size-4\"><p>Dos im\u00e1genes de la Puerta del Sol. Carlos III, Carlos VII de N\u00e1poles y Sicilia, donde dej\u00f3 palacios y teatros.\u00a0 El tinte de la foto es tambi\u00e9n forzado. El color inicial daba la impresi\u00f3n de una foto vulgar y plana. Eso es todo, amigos.<\/p>\n<\/div><\/div>[\/vc_column][\/vc_row][vc_row][vc_column][\/vc_column][\/vc_row]<\/p>\n<\/div>","protected":false},"excerpt":{"rendered":"<p>[vc_row][vc_column]Lo que m\u00e1s me gusta de la fotograf\u00eda es la espontaneidad de las que se toman en la calle. Sin embargo es el g\u00e9nero fotogr\u00e1fico m\u00e1s enga\u00f1oso. Mejor dicho, el que puede someterse a m\u00e1s enga\u00f1o. Esto, en la \u00e9poca de la falsificaci\u00f3n mediante la I.A., suena a lamento desfasado. \u00a1Qu\u00e9 se le va a [&hellip;]<\/p>\n","protected":false},"author":2,"featured_media":18258,"comment_status":"open","ping_status":"closed","sticky":false,"template":"","format":"standard","meta":{"footnotes":"","jetpack_publicize_message":"","jetpack_publicize_feature_enabled":true,"jetpack_social_post_already_shared":true,"jetpack_social_options":{"image_generator_settings":{"template":"highway","default_image_id":0,"font":"","enabled":false},"version":2}},"categories":[25,1],"tags":[],"class_list":["post-18256","post","type-post","status-publish","format-standard","has-post-thumbnail","hentry","category-cultura-y-comunicacion","category-general"],"jetpack_publicize_connections":[],"jetpack_featured_media_url":"https:\/\/agroicultura.com\/general\/wp-content\/uploads\/2026\/04\/Valencia-29-marzo-copia.jpg","jetpack_shortlink":"https:\/\/wp.me\/p4Dh6a-4Ks","jetpack-related-posts":[],"_links":{"self":[{"href":"https:\/\/agroicultura.com\/general\/wp-json\/wp\/v2\/posts\/18256","targetHints":{"allow":["GET"]}}],"collection":[{"href":"https:\/\/agroicultura.com\/general\/wp-json\/wp\/v2\/posts"}],"about":[{"href":"https:\/\/agroicultura.com\/general\/wp-json\/wp\/v2\/types\/post"}],"author":[{"embeddable":true,"href":"https:\/\/agroicultura.com\/general\/wp-json\/wp\/v2\/users\/2"}],"replies":[{"embeddable":true,"href":"https:\/\/agroicultura.com\/general\/wp-json\/wp\/v2\/comments?post=18256"}],"version-history":[{"count":12,"href":"https:\/\/agroicultura.com\/general\/wp-json\/wp\/v2\/posts\/18256\/revisions"}],"predecessor-version":[{"id":18290,"href":"https:\/\/agroicultura.com\/general\/wp-json\/wp\/v2\/posts\/18256\/revisions\/18290"}],"wp:featuredmedia":[{"embeddable":true,"href":"https:\/\/agroicultura.com\/general\/wp-json\/wp\/v2\/media\/18258"}],"wp:attachment":[{"href":"https:\/\/agroicultura.com\/general\/wp-json\/wp\/v2\/media?parent=18256"}],"wp:term":[{"taxonomy":"category","embeddable":true,"href":"https:\/\/agroicultura.com\/general\/wp-json\/wp\/v2\/categories?post=18256"},{"taxonomy":"post_tag","embeddable":true,"href":"https:\/\/agroicultura.com\/general\/wp-json\/wp\/v2\/tags?post=18256"}],"curies":[{"name":"wp","href":"https:\/\/api.w.org\/{rel}","templated":true}]}}