{"id":18294,"date":"2026-05-02T11:23:04","date_gmt":"2026-05-02T09:23:04","guid":{"rendered":"https:\/\/agroicultura.com\/general\/?p=18294"},"modified":"2026-05-02T11:23:04","modified_gmt":"2026-05-02T09:23:04","slug":"el-hervidero-tecnologico-de-cofrentes-y-el-valle-de-ayora","status":"publish","type":"post","link":"https:\/\/agroicultura.com\/general\/el-hervidero-tecnologico-de-cofrentes-y-el-valle-de-ayora\/","title":{"rendered":"El hervidero tecnol\u00f3gico de Cofrentes y el valle de Ayora"},"content":{"rendered":"<div class=\"wpb-content-wrapper\"><p>[vc_row][vc_column][vc_single_image image=&#8221;18308&#8243; img_size=&#8221;large&#8221; add_caption=&#8221;yes&#8221; alignment=&#8221;center&#8221; css=&#8221;&#8221;]<div class=\"text-block\" ><div class=\"simple-text size-4\"><p>Una central nuclear, una central hidr\u00e1ulica, decenas de molinos generadores de electricidad y multitud de campos de placas solares. Y al tiempo, bosques de pinos, carrascas y algunos eucaliptos, extensiones de\u00a0 mies, de vid y de variados frutales, todas ellas cuidadas para una producci\u00f3n rentable, con riego y tecnolog\u00eda agron\u00f3mica. Y adem\u00e1s, un balneario excelente, casas rurales por doquier, parajes valiosos para excursionistas, desfiladeros, un poblado \u00edbero fascinante, cuevas con restos de pinturas neol\u00edticas, pueblos (en realidad, peque\u00f1as ciudades: Cofrentes, Jalance, Jarafuel, Ayora) pr\u00f3speros y pulcros. El valle de Ayora es una isla del tesoro que sus monta\u00f1as tupidas animan a recorrer.<!--more--><\/p>\n<h4>Fernando Bell\u00f3n<\/h4>\n<p>Como est\u00e1 a trasmano de las rutas nacionales, lo visita poca gente fuera de las \u00e9pocas tur\u00edsticas, cosa que lo hace m\u00e1s atractivo. En primavera resplandece de verdura y de plantas silvestres por lomas, cerros, cultivos y terrazas. Merece la pena un recorrido por sus vallejos y muelas aleda\u00f1as.<\/p>\n<p>En esta cr\u00f3nica me voy a centrar en la mayor riqueza de la zona, la explotaci\u00f3n, que yo veo racional y razonable, de la energ\u00eda de la naturaleza, la nuclear, la el\u00e9ctrica, la solar y la agr\u00edcola.<\/p>\n<\/div><\/div><div  class=\"empty-space  marg-lg-b15\"><\/div>[vc_single_image image=&#8221;18302&#8243; img_size=&#8221;large&#8221; add_caption=&#8221;yes&#8221; alignment=&#8221;center&#8221; css=&#8221;&#8221;]<div  class=\"empty-space  marg-lg-b10\"><\/div>[vc_single_image image=&#8221;18307&#8243; img_size=&#8221;large&#8221; add_caption=&#8221;yes&#8221; alignment=&#8221;center&#8221; css=&#8221;&#8221;]<div  class=\"empty-space  marg-lg-b10\"><\/div>[vc_single_image image=&#8221;18313&#8243; img_size=&#8221;Large&#8221; add_caption=&#8221;yes&#8221; alignment=&#8221;center&#8221; css=&#8221;&#8221;]<div  class=\"empty-space  marg-lg-b10\"><\/div>[vc_single_image image=&#8221;18314&#8243; img_size=&#8221;large&#8221; add_caption=&#8221;yes&#8221; alignment=&#8221;center&#8221; css=&#8221;&#8221;]<div  class=\"empty-space  marg-lg-b10\"><\/div>[vc_single_image image=&#8221;18315&#8243; img_size=&#8221;large&#8221; add_caption=&#8221;yes&#8221; alignment=&#8221;center&#8221; css=&#8221;&#8221;]<div  class=\"empty-space  marg-lg-b10\"><\/div>[vc_single_image image=&#8221;18310&#8243; img_size=&#8221;large&#8221; add_caption=&#8221;yes&#8221; alignment=&#8221;center&#8221; css=&#8221;&#8221;][\/vc_column][vc_column][\/vc_column][\/vc_row][vc_row][vc_column]<div class=\"text-block\" ><div class=\"simple-text size-4\"><p><a href=\"https:\/\/www.cncofrentes.es\/\" target=\"_blank\" rel=\"noopener\">La central termonuclear de Cofrentes<\/a> es un hito visible desde casi cualquier punto del valle y los vallejos serpenteantes. Dos torres gigantescas expulsan vapor de agua a todas horas. A veces, cuando el cielo est\u00e1 nublado los chorros se confunden con las nubes, y da la impresi\u00f3n de que salen de las chimeneas. Seg\u00fan datos de su p\u00e1gina, abastece de luz a dos millones de hogares, crea el 2,9 por ciento de la producci\u00f3n el\u00e9ctrica espa\u00f1ola\u00a0 y el 38 por ciento de la energ\u00eda producida en la Comunidad Valenciana. Quieren decir con estas gruesas cifras que la central nuclear es necesaria. Y no me parece una falsedad. Yo agradezco al ingenio humano los frutos del aprovechamiento de esta industria limpia. Y me parece una irresponsabilidad que se pretenda cancelar esta producci\u00f3n. Tengo la impresi\u00f3n que la prosperidad de Cofrentes, Jalance y Jarafuel debe mucho a la central, que proporciona trabajo y un lugar donde los t\u00e9cnicos en esta industria formidable pueden formarse, la mayor\u00eda, entiendo, de la zona.<\/p>\n<p>Dicho esto, paso a las fotograf\u00edas del complejo tomadas a distancia. En ellas se muestra c\u00f3mo una tecnolog\u00eda complej\u00edsima interviene en el paisaje y penetra en \u00e9l. Me atrevo a decir que lo fecunda y lo enriquece. No comparto el rechazo est\u00e9tico (el cient\u00edfico es pueril) de quienes lamentan que estas construcciones afeen\u00a0 la natura. Tampoco me turban los molinos en las crestas de las monta\u00f1as ni las extensiones de placas solares en medio de trigales o rodeadas de bosques. Desde antiguo el ser humano ha construido templos, pir\u00e1mides, castillos, ciudades conn edificaciones espantosas y pco habitables, y complejos de torres de distribuci\u00f3n el\u00e9ctrica de cuya utilidad nos servimos millones de seres humanos y no tan humanos. Pero no se trata del conflicto entre lo \u00fatil y lo est\u00e9tico, que se va resolviendo con el paso del tiempo, sino que cada \u00e9poca deja una impronta en la naturaleza, y la nuestra es la mencionada, m\u00e1s las carreteras, los ferrocarriles, los aeroplanos&#8230; \u00bfQue es un exceso? Pues bienvenido sea. Las soluciones van apareciendo, y benefician m\u00e1s que la eliminaci\u00f3n de las fuentes de energ\u00eda.<\/p>\n<\/div><\/div><div  class=\"empty-space  marg-lg-b15\"><\/div>[vc_single_image image=&#8221;18318&#8243; img_size=&#8221;large&#8221; add_caption=&#8221;yes&#8221; alignment=&#8221;center&#8221; css=&#8221;&#8221;]<div  class=\"empty-space  marg-lg-b15\"><\/div>[vc_single_image image=&#8221;18309&#8243; img_size=&#8221;Large&#8221; add_caption=&#8221;yes&#8221; alignment=&#8221;center&#8221; css=&#8221;&#8221;]<div  class=\"empty-space  marg-lg-b10\"><\/div>[vc_single_image image=&#8221;18324&#8243; img_size=&#8221;large&#8221; add_caption=&#8221;yes&#8221; alignment=&#8221;center&#8221; css=&#8221;&#8221;]<div  class=\"empty-space  marg-lg-b10\"><\/div>[vc_single_image image=&#8221;18320&#8243; img_size=&#8221;Large&#8221; add_caption=&#8221;yes&#8221; alignment=&#8221;center&#8221; css=&#8221;&#8221;]<div  class=\"empty-space  marg-lg-b10\"><\/div>[vc_single_image image=&#8221;18322&#8243; img_size=&#8221;large&#8221; add_caption=&#8221;yes&#8221; alignment=&#8221;center&#8221; css=&#8221;&#8221;]<div  class=\"empty-space  marg-lg-b10\"><\/div>[vc_single_image image=&#8221;18332&#8243; img_size=&#8221;large&#8221; add_caption=&#8221;yes&#8221; alignment=&#8221;center&#8221; css=&#8221;&#8221;]<div  class=\"empty-space  marg-lg-b10\"><\/div>[vc_single_image image=&#8221;18331&#8243; img_size=&#8221;large&#8221; add_caption=&#8221;yes&#8221; alignment=&#8221;center&#8221; css=&#8221;&#8221;]<div  class=\"empty-space  marg-lg-b10\"><\/div>[vc_single_image image=&#8221;18334&#8243; img_size=&#8221;large&#8221; add_caption=&#8221;yes&#8221; alignment=&#8221;center&#8221; css=&#8221;&#8221;]<div  class=\"empty-space  marg-lg-b10\"><\/div>[vc_single_image image=&#8221;18333&#8243; img_size=&#8221;Large&#8221; add_caption=&#8221;yes&#8221; alignment=&#8221;center&#8221; css=&#8221;&#8221;]<div  class=\"empty-space  marg-lg-b10\"><\/div>[vc_single_image image=&#8221;18337&#8243; img_size=&#8221;large&#8221; add_caption=&#8221;yes&#8221; alignment=&#8221;center&#8221; css=&#8221;&#8221;][\/vc_column][\/vc_row][vc_row][vc_column]<div class=\"text-block\" ><div class=\"simple-text size-4\"><p>La energ\u00eda\u00a0 hidr\u00e1ulica es de las m\u00e1s antiguas en la historia de la humanidad en todas las geograf\u00edas. Y es la m\u00e1s limpia. En Cofrentes confluyen dos r\u00edos caudalosos, J\u00facar y Cabriel, aprovechados por la tecnolog\u00eda humana con enormes beneficios, sobre todo para las empresas hidroel\u00e9ctricas que, al fin y al cabo, han invertido con ese prop\u00f3sito, vender luz al por menor. J\u00facar y Cabriel vienen de Cuenca y de Teruel, es decir, del norte, y se abren paso desde la cordillera Ib\u00e9rica y sus derivaciones meridionales, en un curso tit\u00e1nico, porque los ca\u00f1ones abiertos por el agua dan esa impresi\u00f3n. El J\u00facar se dirige a Cuenca haciendo una deriva hacia el sur y luego hacia el norte. El Cabriel va a Teruel. En realidad es al rev\u00e9s, claro. Recomiendo est\u00e1 p\u00e1gina de la <a href=\"https:\/\/www.chj.es\/es-es\/medioambiente\/cuencahidrografica\/Paginas\/Hidrolog%C3%ADa.aspx\" target=\"_blank\" rel=\"noopener\">Confederaci\u00f3n Hidrogr\u00e1fica de J\u00facar<\/a> para obtener una informaci\u00f3n ajustada. Los primeros grandes embalses que someten a esta pareja feliz son el de Alarc\u00f3n, que retiene las aguas del Cabriel, y el de Contreras, las del J\u00facar. En Cofrentes, el Cabriel se vierte al J\u00facar, seg\u00fan afirman los sabios ge\u00f3grafos, aunque a quien lo mire en el mapa o desde una avioneta, podr\u00eda creer que es al rev\u00e9s. El caso es que desde all\u00ed el r\u00edo se llama J\u00facar a secas. Parece una broma, porque en su desembocadura es un vulgar y estrecho curso de agua. El embudo es el embalse de Tous, de temible memoria, que deja pasar un hilo de agua (es una hip\u00e9rbole period\u00edstica) que fluye por Alcira y Sueca y muere en Cullera. No hay que olvidar que el J\u00facar, como el Turia y ciertos barrancos valencianos famosos se vuelven furiosos en el oto\u00f1o y ocasionan riadas mortales. De no estar apresados, ser\u00edan armas de destrucci\u00f3n masiva.<\/p>\n<p>En lo que afecta a esta cr\u00f3nica, vamos centrarnos en el Cabriel. Si bien en cosa de trece quil\u00f3metros en l\u00ednea recta, posiblemente el doble con las revueltas, los dos r\u00edos juntos se convierten en el largo y ancho embalse de Cortes de Pall\u00e1s, que recibe su nombre de la muela de Pall\u00e1s, anta\u00f1o habitada por dinosaurios y en la Edad Moderna refugio de moriscos que resist\u00edan su expulsi\u00f3n del reino de Valencia. Pasa el r\u00edo por ca\u00f1ones famosos y navegables, entre masas p\u00e9treas que son una fortaleza de la natura.<\/p>\n<\/div><\/div><div  class=\"empty-space  marg-lg-b10\"><\/div>[vc_single_image image=&#8221;18342&#8243; img_size=&#8221;large&#8221; add_caption=&#8221;yes&#8221; alignment=&#8221;center&#8221; css=&#8221;&#8221;]<div  class=\"empty-space  marg-lg-b10\"><\/div>[vc_single_image image=&#8221;18343&#8243; img_size=&#8221;large&#8221; add_caption=&#8221;yes&#8221; alignment=&#8221;center&#8221; css=&#8221;&#8221;]<div  class=\"empty-space  marg-lg-b10\"><\/div>[vc_single_image image=&#8221;18344&#8243; img_size=&#8221;large&#8221; add_caption=&#8221;yes&#8221; alignment=&#8221;center&#8221; css=&#8221;&#8221;]<div  class=\"empty-space  marg-lg-b10\"><\/div>[vc_single_image image=&#8221;18347&#8243; img_size=&#8221;Large&#8221; add_caption=&#8221;yes&#8221; alignment=&#8221;center&#8221; css=&#8221;&#8221;]<div  class=\"empty-space  marg-lg-b10\"><\/div>[vc_single_image image=&#8221;18348&#8243; img_size=&#8221;large&#8221; add_caption=&#8221;yes&#8221; alignment=&#8221;center&#8221; css=&#8221;&#8221;]<div  class=\"empty-space  marg-lg-b10\"><\/div><div  class=\"empty-space \"><\/div>[vc_single_image image=&#8221;18349&#8243; img_size=&#8221;large&#8221; add_caption=&#8221;yes&#8221; alignment=&#8221;center&#8221; css=&#8221;&#8221;]<div  class=\"empty-space  marg-lg-b10\"><\/div><div class=\"text-block\" ><div class=\"simple-text size-4\"><p>La energ\u00eda e\u00f3lica se ha puesto en discusi\u00f3n, pero con argumentos pol\u00edticos e ideol\u00f3gicos, no cient\u00edficos. Seg\u00fan quien la ataque, se sirve de supuestos datos de dudosa objetividad. Un molino de viento no es un <em>fracking,<\/em> ese reventar las bolsas subterr\u00e1neas de gas y de petr\u00f3leo que ha doblado la producci\u00f3n de esos bienes en los EEUU, gracias a la retirada de las restricciones. Ahora ha dejado de ser una pol\u00e9mica desde que la Arabia feliz y el fabuloso Ir\u00e1n andan a ca\u00f1onazos, merced a la soberbia est\u00fapida de Netanyahu y Trump. Hace falta, y se silencia la discusi\u00f3n.<\/p>\n<p>La energ\u00eda, toda la energ\u00eda, es necesaria. Sin ella vivir\u00edamos hoy como en 1949, el a\u00f1o de mi nacimiento. La explotaci\u00f3n de las fuente energ\u00e9ticas es un progreso. Y la mayor\u00eda de las cr\u00edticas medioambientales, no todas, son tiros al aire. Hace unos diez a\u00f1os escuch\u00e9 a un sesudo matem\u00e1tico predecir para estas fechas el final del petr\u00f3leo y la invasi\u00f3n de los mares en las costas. Sal\u00ed muy irritado de la conferencia, hecha en el marco apocal\u00edptico de un encuentro de ecologismo dogm\u00e1tico. Me sent\u00ed enga\u00f1ado, amenazado. \u00bfEs todo lo que se les ocurre a los fan\u00e1ticos de la naturaleza sin arneses?<\/p>\n<p>As\u00ed que ni las torres de alta tensi\u00f3n que cruzan las monta\u00f1as de Cofrentes y Ayora, ni los molinos energ\u00e9ticos ni los campos de placas solares, que conviven con variados cultivos de cereales y frutales, me alteran, me apenan o me asustan. Mi infancia fue hermosa, y mis padres trabajaron duro, muy duro, para que ni a m\u00ed ni a mis hermanos nos faltara nada. La infancia de hoy, al margen de mimos y de conjuros digitales, vive infinitamente mejor, gracias a la energ\u00eda de todos los or\u00edgenes, a una agricultura hecha con sudor y tecnolog\u00eda, y a pesar del vocer\u00edo catastrofista. En estos momentos la \u00fanica amenaza a la vida del planeta est\u00e1 en las ojivas nucleares y en sus guardianes incompetentes, no en las centrales at\u00f3micas ni en los paneles ni en los molinillos ni en el agotamiento del petr\u00f3leo, que llegar\u00e1, pero ya dispondremos de otros recursos energ\u00e9ticos.<\/p>\n<p>As\u00ed que pasear en primavera por los senderos del entorno de Cofrentes y el valle de Ayora, con sus moles monta\u00f1osas a un lado y a otro, es un gozo que no afea nada.<\/p>\n<\/div><\/div><div  class=\"empty-space  marg-lg-b10\"><\/div>[vc_single_image image=&#8221;18352&#8243; img_size=&#8221;Large&#8221; add_caption=&#8221;yes&#8221; alignment=&#8221;center&#8221; css=&#8221;&#8221;]<div  class=\"empty-space  marg-lg-b10\"><\/div>[vc_single_image image=&#8221;18354&#8243; img_size=&#8221;large&#8221; add_caption=&#8221;yes&#8221; alignment=&#8221;center&#8221; css=&#8221;&#8221;]<div  class=\"empty-space  marg-lg-b10\"><\/div>[vc_single_image image=&#8221;18355&#8243; img_size=&#8221;large&#8221; add_caption=&#8221;yes&#8221; alignment=&#8221;center&#8221; css=&#8221;&#8221;]<div  class=\"empty-space  marg-lg-b10\"><\/div>[vc_single_image image=&#8221;18356&#8243; img_size=&#8221;large&#8221; add_caption=&#8221;yes&#8221; alignment=&#8221;center&#8221; css=&#8221;&#8221;]<div  class=\"empty-space  marg-lg-b10\"><\/div>[vc_single_image image=&#8221;18357&#8243; img_size=&#8221;large&#8221; add_caption=&#8221;yes&#8221; alignment=&#8221;center&#8221; css=&#8221;&#8221;]<div  class=\"empty-space  marg-lg-b10\"><\/div>[vc_single_image image=&#8221;18359&#8243; img_size=&#8221;large&#8221; add_caption=&#8221;yes&#8221; alignment=&#8221;center&#8221; css=&#8221;&#8221;]<div  class=\"empty-space  marg-lg-b10\"><\/div><div class=\"text-block\" ><div class=\"simple-text size-4\"><p>Debajo de este p\u00e1rrafo vea sin gafas, curioso lector, el efecto de los campos de paneles solares al costado de campos de cultivo. Perd\u00f3neme mi entusiasmo. Yo encuentro las estampas bellas, testimonio de una labor que acumula siglos de tecnolog\u00eda y experiencia. Es nuestro mundo, el que hemos hecho los seres humanos.<\/p>\n<\/div><\/div><div  class=\"empty-space  marg-lg-b10\"><\/div>[vc_single_image image=&#8221;18360&#8243; img_size=&#8221;large&#8221; alignment=&#8221;center&#8221; css=&#8221;&#8221;]<div  class=\"empty-space  marg-lg-b10\"><\/div>[vc_single_image image=&#8221;18361&#8243; img_size=&#8221;large&#8221; alignment=&#8221;center&#8221; css=&#8221;&#8221;]<div  class=\"empty-space  marg-lg-b10\"><\/div>[vc_single_image image=&#8221;18362&#8243; img_size=&#8221;large&#8221; alignment=&#8221;center&#8221; css=&#8221;&#8221;]<div  class=\"empty-space  marg-lg-b10\"><\/div>[vc_single_image image=&#8221;18366&#8243; img_size=&#8221;large&#8221; add_caption=&#8221;yes&#8221; alignment=&#8221;center&#8221; css=&#8221;&#8221;]<div  class=\"empty-space  marg-lg-b10\"><\/div><div class=\"text-block\" ><div class=\"simple-text size-4\"><p>Se habr\u00e1 notado la alegr\u00eda que me produce la alianza de la naturaleza con el ser humano. Es tan vieja como la guerra. La vida est\u00e1 llena de conflictos, de dolorosas peripecias, de desenga\u00f1os. Todo cuanto crea el ser humano procede de un hervidero de contradicciones. Algunas de ellas hemos logrado entenderlas. La reiteraci\u00f3n de otras nos desespera y a algunos les hace pensar que el hombre y la mujer son malos y es preciso someterlos y enjaularlos. La filosof\u00eda tiene eso, busca la verdad y cuando cree haberla encontrado, se cae por un barranco. A m\u00ed casi me pasa en la subida al poblado \u00edbero de Castellar de Meca, en la sierra del Mugr\u00f3n, que en valenciano significa pez\u00f3n (<em>mugr\u00f3<\/em>, sin la n final). Se me acerc\u00f3 otro paseante menos viejo que yo, me ech\u00f3 una mano y pude salir del aprieto. Es lo que suele pasar, llega alguien y te ayuda. Pod\u00eda haberle preguntado antes si era de izquierdas o de derechas, ecologista dogm\u00e1tico, inmigrante ilegal o esc\u00e9ptico\u00a0 con sentido com\u00fan. Habr\u00eda sido gracioso, verdad, y me habr\u00eda pasado tumbado entre cardos hasta que hubiera aterrizado un helic\u00f3ptero alientado por queroseno.<\/p>\n<p>A continuaci\u00f3n unos testimonios gr\u00e1ficos de la vida como es o como la capt\u00f3 mi Sony A7.<\/p>\n<\/div><\/div><div  class=\"empty-space  marg-lg-b10\"><\/div>[vc_single_image image=&#8221;18368&#8243; img_size=&#8221;large&#8221; add_caption=&#8221;yes&#8221; alignment=&#8221;center&#8221; css=&#8221;&#8221;]<div  class=\"empty-space  marg-lg-b10\"><\/div>[vc_single_image image=&#8221;18370&#8243; img_size=&#8221;large&#8221; add_caption=&#8221;yes&#8221; alignment=&#8221;center&#8221; css=&#8221;&#8221;]<div  class=\"empty-space  marg-lg-b10\"><\/div>[vc_single_image image=&#8221;18371&#8243; img_size=&#8221;large&#8221; add_caption=&#8221;yes&#8221; alignment=&#8221;center&#8221; css=&#8221;&#8221;]<div  class=\"empty-space  marg-lg-b10\"><\/div>[vc_single_image image=&#8221;18372&#8243; img_size=&#8221;large&#8221; add_caption=&#8221;yes&#8221; alignment=&#8221;center&#8221; css=&#8221;&#8221;]<div  class=\"empty-space  marg-lg-b10\"><\/div>[vc_single_image image=&#8221;18369&#8243; img_size=&#8221;large&#8221; add_caption=&#8221;yes&#8221; alignment=&#8221;center&#8221; css=&#8221;&#8221;]<div  class=\"empty-space  marg-lg-b10\"><\/div>[vc_single_image image=&#8221;18375&#8243; img_size=&#8221;large&#8221; add_caption=&#8221;yes&#8221; alignment=&#8221;center&#8221; css=&#8221;&#8221;]<div  class=\"empty-space  marg-lg-b10\"><\/div>[vc_single_image image=&#8221;18373&#8243; img_size=&#8221;large&#8221; alignment=&#8221;center&#8221; css=&#8221;&#8221;]<div  class=\"empty-space  marg-lg-b10\"><\/div>[vc_single_image image=&#8221;18382&#8243; img_size=&#8221;large&#8221; add_caption=&#8221;yes&#8221; alignment=&#8221;center&#8221; css=&#8221;&#8221;]<div  class=\"empty-space  marg-lg-b10\"><\/div>[vc_single_image image=&#8221;18383&#8243; img_size=&#8221;large&#8221; add_caption=&#8221;yes&#8221; alignment=&#8221;center&#8221; css=&#8221;&#8221;]<div  class=\"empty-space  marg-lg-b10\"><\/div>[vc_single_image image=&#8221;18384&#8243; img_size=&#8221;large&#8221; add_caption=&#8221;yes&#8221; alignment=&#8221;center&#8221; css=&#8221;&#8221;]<div  class=\"empty-space  marg-lg-b10\"><\/div>[vc_single_image image=&#8221;18385&#8243; img_size=&#8221;large&#8221; add_caption=&#8221;yes&#8221; alignment=&#8221;center&#8221; css=&#8221;&#8221;]<div  class=\"empty-space  marg-lg-b10\"><\/div>[vc_single_image image=&#8221;18386&#8243; img_size=&#8221;large&#8221; add_caption=&#8221;yes&#8221; alignment=&#8221;center&#8221; css=&#8221;&#8221;]<div  class=\"empty-space  marg-lg-b10\"><\/div>[vc_single_image image=&#8221;18388&#8243; img_size=&#8221;large&#8221; add_caption=&#8221;yes&#8221; alignment=&#8221;center&#8221; css=&#8221;&#8221;]<div  class=\"empty-space  marg-lg-b10\"><\/div>[vc_single_image image=&#8221;18389&#8243; img_size=&#8221;large&#8221; add_caption=&#8221;yes&#8221; alignment=&#8221;center&#8221; css=&#8221;&#8221;]<div  class=\"empty-space  marg-lg-b10\"><\/div>[vc_single_image image=&#8221;18390&#8243; img_size=&#8221;large&#8221; add_caption=&#8221;yes&#8221; alignment=&#8221;center&#8221; css=&#8221;&#8221;]<div  class=\"empty-space  marg-lg-b10\"><\/div>[vc_single_image image=&#8221;18391&#8243; img_size=&#8221;large&#8221; add_caption=&#8221;yes&#8221; alignment=&#8221;center&#8221; css=&#8221;&#8221;][\/vc_column][\/vc_row]<\/p>\n<\/div>","protected":false},"excerpt":{"rendered":"<p>[vc_row][vc_column][vc_single_image image=&#8221;18308&#8243; img_size=&#8221;large&#8221; add_caption=&#8221;yes&#8221; alignment=&#8221;center&#8221; css=&#8221;&#8221;]Una central nuclear, una central hidr\u00e1ulica, decenas de molinos generadores de electricidad y multitud de campos de placas solares. Y al tiempo, bosques de pinos, carrascas y algunos eucaliptos, extensiones de\u00a0 mies, de vid y de variados frutales, todas ellas cuidadas para una producci\u00f3n rentable, con riego y tecnolog\u00eda agron\u00f3mica. [&hellip;]<\/p>\n","protected":false},"author":2,"featured_media":18300,"comment_status":"open","ping_status":"closed","sticky":false,"template":"","format":"standard","meta":{"footnotes":"","jetpack_publicize_message":"","jetpack_publicize_feature_enabled":true,"jetpack_social_post_already_shared":true,"jetpack_social_options":{"image_generator_settings":{"template":"highway","default_image_id":0,"font":"","enabled":false},"version":2}},"categories":[525,1],"tags":[],"class_list":["post-18294","post","type-post","status-publish","format-standard","has-post-thumbnail","hentry","category-bitacora-y-apuntes","category-general"],"jetpack_publicize_connections":[],"jetpack_featured_media_url":"https:\/\/agroicultura.com\/general\/wp-content\/uploads\/2026\/04\/Embalses.jpg","jetpack_shortlink":"https:\/\/wp.me\/p4Dh6a-4L4","jetpack-related-posts":[],"_links":{"self":[{"href":"https:\/\/agroicultura.com\/general\/wp-json\/wp\/v2\/posts\/18294","targetHints":{"allow":["GET"]}}],"collection":[{"href":"https:\/\/agroicultura.com\/general\/wp-json\/wp\/v2\/posts"}],"about":[{"href":"https:\/\/agroicultura.com\/general\/wp-json\/wp\/v2\/types\/post"}],"author":[{"embeddable":true,"href":"https:\/\/agroicultura.com\/general\/wp-json\/wp\/v2\/users\/2"}],"replies":[{"embeddable":true,"href":"https:\/\/agroicultura.com\/general\/wp-json\/wp\/v2\/comments?post=18294"}],"version-history":[{"count":26,"href":"https:\/\/agroicultura.com\/general\/wp-json\/wp\/v2\/posts\/18294\/revisions"}],"predecessor-version":[{"id":18394,"href":"https:\/\/agroicultura.com\/general\/wp-json\/wp\/v2\/posts\/18294\/revisions\/18394"}],"wp:featuredmedia":[{"embeddable":true,"href":"https:\/\/agroicultura.com\/general\/wp-json\/wp\/v2\/media\/18300"}],"wp:attachment":[{"href":"https:\/\/agroicultura.com\/general\/wp-json\/wp\/v2\/media?parent=18294"}],"wp:term":[{"taxonomy":"category","embeddable":true,"href":"https:\/\/agroicultura.com\/general\/wp-json\/wp\/v2\/categories?post=18294"},{"taxonomy":"post_tag","embeddable":true,"href":"https:\/\/agroicultura.com\/general\/wp-json\/wp\/v2\/tags?post=18294"}],"curies":[{"name":"wp","href":"https:\/\/api.w.org\/{rel}","templated":true}]}}