{"id":18473,"date":"2026-08-18T17:10:41","date_gmt":"2026-08-18T15:10:41","guid":{"rendered":"https:\/\/agroicultura.com\/general\/?p=18473"},"modified":"2026-09-06T11:07:20","modified_gmt":"2026-09-06T09:07:20","slug":"de-la-guerra-civil-a-la-tercera-gran-crisis-euroea","status":"publish","type":"post","link":"https:\/\/agroicultura.com\/general\/de-la-guerra-civil-a-la-tercera-gran-crisis-euroea\/","title":{"rendered":"De la Guerra Civil a la tercera gran crisis euroea"},"content":{"rendered":"<div class=\"wpb-content-wrapper\"><p>[vc_row][vc_column]<div class=\"text-block\" ><div class=\"simple-text size-4\"><p><a href=\"https:\/\/www.piomoa.es\/?p=22708\" target=\"_blank\" rel=\"noopener\">Un excepcional art\u00edculo de P\u00edo Moa<\/a> nos mueve a romper la pausa del verano. Su contenido se refiere al 18 de julio de 1936, aniversario de la sublevaci\u00f3n militar encabezada por el general Franco.<!--more--><\/p>\n<h4>P\u00edo Moa<\/h4>\n<p>1. La guerra civil es el suceso hist\u00f3rico fundamental del siglo XX espa\u00f1ol, y sus consecuencias se extienden hasta hoy.\u00a0En ella se dirimi\u00f3 la continuidad o ruptura hist\u00f3rica de Espa\u00f1a como naci\u00f3n unida e independiente y cultura de ra\u00edz cristiana. Esa continuidad\u00a0 se salv\u00f3 entonces\u00a0 y no se ha roto, aunque hoy vuelve a estar en cuesti\u00f3n.<\/p>\n<p>2. Aquella\u00a0 contienda concentr\u00f3, aun si con fuertes particularidades nacionales, las\u00a0 tensiones que afectaban al resto de Europa y llevar\u00edan a la II Guerra Mundial (SGM). Y frustr\u00f3 la doble estrategia de Stalin de, a) atraer a las democracias al\u00a0 choque directo con los fascismos, de modo que la nueva guerra mundial, que \u00e9l juzgaba (acertadamente) inevitable comenzase por el oeste\u00a0 y no entre Alemania y la URSS;\u00a0 y b) la alternativa de encerrar a Europa entre dos reg\u00edmenes sovi\u00e9ticos. Sin embargo, Stalin consigui\u00f3 lo primero en Polonia,\u00a0 solo cinco meses despu\u00e9s.<\/p>\n<p>3. Otra consecuencia crucial de la guerra fue la abstenci\u00f3n de Espa\u00f1a en la\u00a0 SGM, apartando\u00a0 al pa\u00eds de lo que se ha dado en llamar \u201cel suicidio de Europa\u201d. El dato tiene alcance hist\u00f3rico destacado para nosotros, ya que la SGM\u00a0 marc\u00f3 el fin de una era en la historia humana, la Era Europea, comenzada con las exploraciones y conquistas espa\u00f1oles del siglo XVI.<\/p>\n<p>4. De haber perdido Franco la guerra, Espa\u00f1a habr\u00eda sido arrastrada inevitablemente a la guerra mundial, y de ella habr\u00eda salido con toda probabilidad fracturada en varios estados manejados por potencias exteriores y sometida a gobiernos como los derrotados en la guerra civil.<\/p>\n<p>5. La guerra en Espa\u00f1a fue el abocamiento de la\u00a0 profunda quiebra moral e intelectual marcada por \u201cEl desastre del 98\u2033, la derrota frente a Usa y la p\u00e9rdida de las \u00faltimas posesiones espa\u00f1olas en Am\u00e9rica y el Pac\u00edfico.\u00a0 Esa quiebra condujo a una agravaci\u00f3n de las tensiones naturales en la sociedad, a \u201clas dos Espa\u00f1as\u201d, que caus\u00f3 varias d\u00e9cadas de inestabilidad pol\u00edtica hasta concluir en antagonismo y choque b\u00e9lico.<\/p>\n<p>6.\u00a0Las dos Espa\u00f1as se polarizaron en torno a la continuidad hist\u00f3rica de Espa\u00f1a.\u00a0El referente intelectual de una, Ortega y Gasset, rechazaba el pasado espa\u00f1ol como enfermo y negativo, tanto en su vertiende pol\u00edtica como religiosa. Este punto de vista era compartido, con matices, por socialistas, separatistas, republicanos de izquierda, anarquistas, muchos liberales y otros. El referente intelectual de la otra, Men\u00e9ndez Pelayo, defend\u00eda el valor de la historia espa\u00f1ola identific\u00e1ndolo con la Iglesia cat\u00f3lica, posici\u00f3n compartida con matices por carlistas, falangistas, mon\u00e1rquicos m\u00e1s o menos liberales y cat\u00f3licos ligados al episcopado (CEDA, en la rep\u00fablica).<\/p>\n<p>7. Las dos Espa\u00f1as eran muy heterog\u00e9neas. Aunque a la por as\u00ed decir orteguiana, unida en el frente popular,\u00a0 le un\u00eda el rechazo a la historia y a la Iglesia, cada uno\u00a0 de sus partidos propon\u00eda al \u201cproblema Espa\u00f1a\u201d una soluci\u00f3n particular e incompatible con las dem\u00e1s. Los comunistas fueron los \u00fanicos que elaboraron una l\u00ednea pol\u00edtica y militar coherente, pero no lograron meter en cintura a sus inestables e intrigantes aliados, pese emplear con ellos una mezcla de argumentaci\u00f3n y castigos sangrientos. Causa fundamental de la derrota del frente popular\u00a0 fue no haber logrado que el lazo que un\u00eda a sus partidos prevaleciese sobre sus diferencias.<\/p>\n<p>8. Tambi\u00e9n la otra Espa\u00f1a, la nacional, choc\u00f3 con un problema parejo: la com\u00fan adscripci\u00f3n de sus partidos al catolicismo no imped\u00eda que sus pol\u00edticas fueran diversas y que pudiesen chocar entre s\u00ed hasta extremos suicidas para el conjunto. Franco demostr\u00f3 un excepcional talento pol\u00edtico al meter en vereda a sus partidos o \u201cfamilias\u201d,\u00a0 logrando que la unidad se impusiera a las diferencias, y sin recurrir a los sangrientos incidentes del bando contrario. Esta fue una de las causas principales de su victoria, junto con un talento militar que le hace uno de los generales m\u00e1s descollantes en Europa.\u00a0El frente popular no dispuso de un dirigente pol\u00edtico o militar a su altura<\/p>\n<p>9. El franquismo intent\u00f3 acabar con el antagonismo de las dos Espa\u00f1as y\u00a0 elaborar una doctrina pol\u00edtica que superase tanto el marxismo como el liberalismo.\u00a0\u00a0Tarea dif\u00edcil por lo heterog\u00e9neo de sus \u201cfamilias\u201d. unidas sobre todo por su car\u00e1cter cat\u00f3lico. Y al declararse cat\u00f3lico, se encontr\u00f3 con que el concilio Vaticano II, en los a\u00f1os 60,\u00a0 lo rechazaba, priv\u00e1ndolo de futuro y\u00a0\u00a0trayendo el riesgo de una repetici\u00f3n del pasado.<\/p>\n<p>10. Pese a su deficiencia doctrinal,\u00a0la superaci\u00f3n de las dos Espa\u00f1a fue bastante real en la pr\u00e1ctica.\u00a0 El franquismo no tuvo oposici\u00f3n democr\u00e1tica ni liberal digna de menci\u00f3n. Ya en los a\u00f1os 40\u00a0 los antagonismos pol\u00edticos eran cosa del pasado, y as\u00ed pudo afrontar los peligros de la guerra mundial y despu\u00e9s la presi\u00f3n exterior,\u00a0 criminal por cuanto buscaba crear en Espa\u00f1a una masiva hambruna. Y\u00a0aplicar pol\u00edticas para erradicar\u00a0 el atraso, la ignorancia y las grandes desigualdades de la \u00e9poca anterior,\u00a0 con notable libertad personal y excelente salud social. Al morir Franco se mantuvo una fundamental continuidad hist\u00f3rica en una democracia desde y no contra el franquismo,\u00a0 la Espa\u00f1a heredera del frente popular apenas ten\u00eda fuerza y\u00a0 tuvo que aceptar, en la Constituci\u00f3n del 78, la bandera con que fue vencida, la unidad nacional, la monarqu\u00eda, la pervivencia de la Iglesia (autodebilitada), la econom\u00eda de mercado y otros legados esenciales del franquismo.<\/p>\n<p>11.\u00a0 No obstante, desde la Constituci\u00f3n del 78 los autoproclamados herederos del frente popular han realizado una tenaz labor corrosiva de sus\u00a0 principios mediante corrupci\u00f3n, terrorismo o complicidades con \u00e9l, falsificaci\u00f3n de la historia, particularmente sobre la guerra civil,\u00a0 medidas progresivas anticonstitucionales y antidemocr\u00e1ticas,\u00a0hasta destruir el r\u00e9gimen del 78\u00a0mediante una amnist\u00eda golpista que corona todo el esfuerzo anterior.<\/p>\n<p>12. Hemos entrado, pues,\u00a0 en un per\u00edodo incierto, que puede derivar hacia una latinoamericanizaci\u00f3n del pa\u00eds o a una reforma en profundidad que preserve la esencial continuidad hist\u00f3rica de Espa\u00f1a. El problema se complica en extremo e por la tercera gran crisis europea en los terrenos moral,\u00a0 pol\u00edtico y\u00a0 democr\u00e1tico, con destrucci\u00f3n progresiva de las identidades nacionales e impulsos hacia una III Guerra Mundial. Quiz\u00e1 Espa\u00f1a, que se abstuvo en las dos guerras mundiales anteriores, podr\u00eda ofrecer,\u00a0 examinando su experiencia,\u00a0\u00a0alguna soluci\u00f3n general\u00a0que fuera m\u00e1s all\u00e1 de ella misma, aunque por ahora nadie lo plantea. Y en todo caso la primera obligaci\u00f3n pol\u00edtica es la salvaguardia del pa\u00eds, la recuperaci\u00f3n de\u00a0la salvadora neutralidad de anta\u00f1o.<\/p>\n<\/div><\/div>[\/vc_column][\/vc_row]<\/p>\n<\/div>","protected":false},"excerpt":{"rendered":"<p>[vc_row][vc_column]Un excepcional art\u00edculo de P\u00edo Moa nos mueve a romper la pausa del verano. Su contenido se refiere al 18 de julio de 1936, aniversario de la sublevaci\u00f3n militar encabezada por el general Franco.<\/p>\n","protected":false},"author":2,"featured_media":17807,"comment_status":"open","ping_status":"closed","sticky":false,"template":"","format":"standard","meta":{"footnotes":""},"categories":[25,1],"tags":[],"class_list":["post-18473","post","type-post","status-publish","format-standard","has-post-thumbnail","hentry","category-cultura-y-comunicacion","category-general"],"jetpack_featured_media_url":"https:\/\/agroicultura.com\/general\/wp-content\/uploads\/2025\/08\/Brueghel-El-Triunfo-de-la-Muerte.-1562.jpg","jetpack_shortlink":"https:\/\/wp.me\/p4Dh6a-4NX","jetpack-related-posts":[{"id":18400,"url":"https:\/\/agroicultura.com\/general\/el-franquismo-ayer-y-hoy-un-penetrante-analisis-de-pio-moa\/","url_meta":{"origin":18473,"position":0},"title":"&#8220;El franquismo ayer y hoy&#8221;, un penetrante an\u00e1lisis de P\u00edo Moa","author":"Redacci\u00f3n","date":"17 mayo, 2026","format":false,"excerpt":"[vc_row][vc_column][vc_single_image image=\"18401\" img_size=\"large\" alignment=\"center\" css=\"\"][\/vc_column][\/vc_row]","rel":"","context":"En \u00abCultura y comunicaci\u00f3n\u00bb","block_context":{"text":"Cultura y comunicaci\u00f3n","link":"https:\/\/agroicultura.com\/general\/category\/cultura-y-comunicacion\/"},"img":{"alt_text":"","src":"https:\/\/i0.wp.com\/agroicultura.com\/general\/wp-content\/uploads\/2026\/05\/P1010020-copia.jpg?resize=350%2C200&ssl=1","width":350,"height":200,"srcset":"https:\/\/i0.wp.com\/agroicultura.com\/general\/wp-content\/uploads\/2026\/05\/P1010020-copia.jpg?resize=350%2C200&ssl=1 1x, https:\/\/i0.wp.com\/agroicultura.com\/general\/wp-content\/uploads\/2026\/05\/P1010020-copia.jpg?resize=525%2C300&ssl=1 1.5x, https:\/\/i0.wp.com\/agroicultura.com\/general\/wp-content\/uploads\/2026\/05\/P1010020-copia.jpg?resize=700%2C400&ssl=1 2x"},"classes":[]},{"id":17190,"url":"https:\/\/agroicultura.com\/general\/la-centenaria-responsabilidad-del-psoe\/","url_meta":{"origin":18473,"position":1},"title":"La centenaria responsabilidad del PSOE","author":"Redacci\u00f3n","date":"26 octubre, 2024","format":false,"excerpt":"[vc_row][vc_column][vc_single_image image=\"17194\" img_size=\"large\" alignment=\"center\" css=\"\"][\/vc_column][\/vc_row]","rel":"","context":"En \u00abCultura y comunicaci\u00f3n\u00bb","block_context":{"text":"Cultura y comunicaci\u00f3n","link":"https:\/\/agroicultura.com\/general\/category\/cultura-y-comunicacion\/"},"img":{"alt_text":"","src":"https:\/\/i0.wp.com\/agroicultura.com\/general\/wp-content\/uploads\/2024\/10\/rosa.jpg?resize=350%2C200&ssl=1","width":350,"height":200},"classes":[]},{"id":18416,"url":"https:\/\/agroicultura.com\/general\/el-franquismo-ayer-y-hoy-ii-de-pio-moa\/","url_meta":{"origin":18473,"position":2},"title":"&#8220;El franquismo ayer y hoy&#8221; (II), de P\u00edo Moa","author":"Redacci\u00f3n","date":"31 mayo, 2026","format":false,"excerpt":"[vc_row][vc_column][\/vc_column][\/vc_row]","rel":"","context":"En \u00abCultura y comunicaci\u00f3n\u00bb","block_context":{"text":"Cultura y comunicaci\u00f3n","link":"https:\/\/agroicultura.com\/general\/category\/cultura-y-comunicacion\/"},"img":{"alt_text":"","src":"https:\/\/i0.wp.com\/agroicultura.com\/general\/wp-content\/uploads\/2026\/05\/IMG_E5593.jpeg?resize=350%2C200&ssl=1","width":350,"height":200,"srcset":"https:\/\/i0.wp.com\/agroicultura.com\/general\/wp-content\/uploads\/2026\/05\/IMG_E5593.jpeg?resize=350%2C200&ssl=1 1x, https:\/\/i0.wp.com\/agroicultura.com\/general\/wp-content\/uploads\/2026\/05\/IMG_E5593.jpeg?resize=525%2C300&ssl=1 1.5x, https:\/\/i0.wp.com\/agroicultura.com\/general\/wp-content\/uploads\/2026\/05\/IMG_E5593.jpeg?resize=700%2C400&ssl=1 2x"},"classes":[]},{"id":16355,"url":"https:\/\/agroicultura.com\/general\/el-doctor-tiene-una-gran-politica-la-derecha-no\/","url_meta":{"origin":18473,"position":3},"title":"El doctor tiene una Gran Pol\u00edtica, la derecha no","author":"Redacci\u00f3n","date":"21 agosto, 2023","format":false,"excerpt":"[vc_row][vc_column][\/vc_column][\/vc_row]","rel":"","context":"En \u00abBit\u00e1cora y apuntes\u00bb","block_context":{"text":"Bit\u00e1cora y apuntes","link":"https:\/\/agroicultura.com\/general\/category\/bitacora-y-apuntes\/"},"img":{"alt_text":"","src":"https:\/\/i0.wp.com\/agroicultura.com\/general\/wp-content\/uploads\/2023\/08\/madrid-A-2-copia.jpg?resize=350%2C200&ssl=1","width":350,"height":200,"srcset":"https:\/\/i0.wp.com\/agroicultura.com\/general\/wp-content\/uploads\/2023\/08\/madrid-A-2-copia.jpg?resize=350%2C200&ssl=1 1x, https:\/\/i0.wp.com\/agroicultura.com\/general\/wp-content\/uploads\/2023\/08\/madrid-A-2-copia.jpg?resize=525%2C300&ssl=1 1.5x, https:\/\/i0.wp.com\/agroicultura.com\/general\/wp-content\/uploads\/2023\/08\/madrid-A-2-copia.jpg?resize=700%2C400&ssl=1 2x"},"classes":[]},{"id":2209,"url":"https:\/\/agroicultura.com\/general\/por-la-verdad-contra-el-fraude-y-la-tirania\/","url_meta":{"origin":18473,"position":4},"title":"Por la verdad, contra el fraude y la tiran\u00eda","author":"Perinquiets","date":"27 octubre, 2022","format":false,"excerpt":"Fernando Bell\u00f3n P\u00edo Moa ha solicitado a sus suscriptores y amigos la m\u00e1xima difusi\u00f3n del art\u00edculo titulado como esta entrada. El lector interesado lo puede encontrar pinchando en este enlace: \"Por la verdad, contra el fraude y la tiran\u00eda\". En estos d\u00edas bastantes columnistas manifiestan su esc\u00e1ndalo y su espanto\u2026","rel":"","context":"En \u00abBit\u00e1cora y apuntes\u00bb","block_context":{"text":"Bit\u00e1cora y apuntes","link":"https:\/\/agroicultura.com\/general\/category\/bitacora-y-apuntes\/"},"img":{"alt_text":"","src":"https:\/\/i0.wp.com\/agroicultura.com\/general\/wp-content\/uploads\/2023\/06\/Madrid-une-11-copia.jpg?resize=350%2C200&ssl=1","width":350,"height":200,"srcset":"https:\/\/i0.wp.com\/agroicultura.com\/general\/wp-content\/uploads\/2023\/06\/Madrid-une-11-copia.jpg?resize=350%2C200&ssl=1 1x, https:\/\/i0.wp.com\/agroicultura.com\/general\/wp-content\/uploads\/2023\/06\/Madrid-une-11-copia.jpg?resize=525%2C300&ssl=1 1.5x, https:\/\/i0.wp.com\/agroicultura.com\/general\/wp-content\/uploads\/2023\/06\/Madrid-une-11-copia.jpg?resize=700%2C400&ssl=1 2x"},"classes":[]},{"id":14868,"url":"https:\/\/agroicultura.com\/general\/hegemonia-espanola-un-libro-de-pio-moa\/","url_meta":{"origin":18473,"position":5},"title":"&#8220;Hegemon\u00eda Espa\u00f1ola&#8221;, un libro de P\u00edo Moa","author":"Redacci\u00f3n","date":"29 junio, 2022","format":false,"excerpt":"[vc_row][vc_column][\/vc_column][\/vc_row][vc_row][vc_column][vc_btn title=\"Descargue o ea este art\u00edculo en PDF\" color=\"info\" align=\"center\" i_icon_fontawesome=\"fa fa-file-pdf-o\" button_block=\"true\" add_icon=\"true\" link=\"url:https%3A%2F%2Fagroicultura.com%2Fgeneral%2Fwp-content%2Fuploads%2F2022%2F06%2FSocorro-de-Brisach.jpg||target:%20_blank|\"][\/vc_column][\/vc_row]","rel":"","context":"En \u00abCultura y comunicaci\u00f3n\u00bb","block_context":{"text":"Cultura y comunicaci\u00f3n","link":"https:\/\/agroicultura.com\/general\/category\/cultura-y-comunicacion\/"},"img":{"alt_text":"","src":"https:\/\/i0.wp.com\/agroicultura.com\/general\/wp-content\/uploads\/2022\/06\/Socorro-de-Brisach.jpg?resize=350%2C200&ssl=1","width":350,"height":200,"srcset":"https:\/\/i0.wp.com\/agroicultura.com\/general\/wp-content\/uploads\/2022\/06\/Socorro-de-Brisach.jpg?resize=350%2C200&ssl=1 1x, https:\/\/i0.wp.com\/agroicultura.com\/general\/wp-content\/uploads\/2022\/06\/Socorro-de-Brisach.jpg?resize=525%2C300&ssl=1 1.5x, https:\/\/i0.wp.com\/agroicultura.com\/general\/wp-content\/uploads\/2022\/06\/Socorro-de-Brisach.jpg?resize=700%2C400&ssl=1 2x"},"classes":[]}],"_links":{"self":[{"href":"https:\/\/agroicultura.com\/general\/wp-json\/wp\/v2\/posts\/18473","targetHints":{"allow":["GET"]}}],"collection":[{"href":"https:\/\/agroicultura.com\/general\/wp-json\/wp\/v2\/posts"}],"about":[{"href":"https:\/\/agroicultura.com\/general\/wp-json\/wp\/v2\/types\/post"}],"author":[{"embeddable":true,"href":"https:\/\/agroicultura.com\/general\/wp-json\/wp\/v2\/users\/2"}],"replies":[{"embeddable":true,"href":"https:\/\/agroicultura.com\/general\/wp-json\/wp\/v2\/comments?post=18473"}],"version-history":[{"count":2,"href":"https:\/\/agroicultura.com\/general\/wp-json\/wp\/v2\/posts\/18473\/revisions"}],"predecessor-version":[{"id":18476,"href":"https:\/\/agroicultura.com\/general\/wp-json\/wp\/v2\/posts\/18473\/revisions\/18476"}],"wp:featuredmedia":[{"embeddable":true,"href":"https:\/\/agroicultura.com\/general\/wp-json\/wp\/v2\/media\/17807"}],"wp:attachment":[{"href":"https:\/\/agroicultura.com\/general\/wp-json\/wp\/v2\/media?parent=18473"}],"wp:term":[{"taxonomy":"category","embeddable":true,"href":"https:\/\/agroicultura.com\/general\/wp-json\/wp\/v2\/categories?post=18473"},{"taxonomy":"post_tag","embeddable":true,"href":"https:\/\/agroicultura.com\/general\/wp-json\/wp\/v2\/tags?post=18473"}],"curies":[{"name":"wp","href":"https:\/\/api.w.org\/{rel}","templated":true}]}}