{"id":18524,"date":"2026-09-05T21:04:09","date_gmt":"2026-09-05T19:04:09","guid":{"rendered":"https:\/\/agroicultura.com\/general\/?p=18524"},"modified":"2026-09-06T11:05:17","modified_gmt":"2026-09-06T09:05:17","slug":"ceuta-y-la-reconquista","status":"publish","type":"post","link":"https:\/\/agroicultura.com\/general\/ceuta-y-la-reconquista\/","title":{"rendered":"Ceuta y la Reconquista"},"content":{"rendered":"<div class=\"wpb-content-wrapper\"><p>[vc_row][vc_column][vc_single_image image=&#8221;18528&#8243; img_size=&#8221;Large&#8221; alignment=&#8221;center&#8221; css=&#8221;&#8221;]<div class=\"text-block\" ><div class=\"simple-text size-4\"><p>Dos de septiembre de 2026. Mi\u00e9rcoles. Manifestaci\u00f3n en defensa de Ceuta y contra el gobierno S\u00e1nchez en Valencia. Por encima de las cincuenta mil personas abarrot\u00e1bamos la plaza del Ayuntamiento y aleda\u00f1os. Cincuenta mil personas son la mitad de los que entraron en Ceuta hace m\u00e1s de un mes. Incluimos en esta entrega un breve art\u00edculo de P\u00edo Moa sobre Ceuta, y el enlace a un sobrio y revelador art\u00edculo del general Fernando Alejandre, que fue Jefe del Estado Mayor de la Defensa.<!--more--><\/p>\n<h3>F.B.<\/h3>\n<p>He visto las espantosas consecuencias en demoledores programas de televisi\u00f3n y en las cr\u00f3nicas y las fotograf\u00edas de ciertos diarios. Convivir en paz en Ceuta es un espejismo de humanistas de caf\u00e9. Invadida aun por miles de personas es absurdo preguntarse qu\u00e9 suceder\u00e1 si no se marchan en unos cuantos d\u00edas: habr\u00e1 violencia, y no causada por la inhumanidad de los sitiados, sino por la desesperaci\u00f3n general, y tambi\u00e9n por la acci\u00f3n insidiosa de los agentes marroqu\u00edes infiltrados. Est\u00e1 documentado, est\u00e1 pasando y seguir\u00e1 pasando hasta que los invasores se marchen, sean expulsados o se los trague la tierra, cosa imposible. No es ciencia ficci\u00f3n. Es realismo espa\u00f1ol azuzado por el moro Muza, que env\u00eda a las trincheras a s\u00fabditos desarmados, con la esperanza de que el Estado espa\u00f1ol colapse como en 711 colaps\u00f3 el reino visigodo.<\/p>\n<p>El general retirado Fernando Alejandre, que fue Jefe del Estado Mayor de la Defensa entre 2017 y 2020, muy sobrio y muy serio sobre lo mucho y capital que nos jugamos los espa\u00f1oles. Se titula &#8220;<a href=\"https:\/\/militaresescritores.es\/noticias\/espana-amenazada-general-de-ejercito-r-fernando-alejandre-martinez\/\" target=\"_blank\" rel=\"noopener\">Espa\u00f1a amenazada<\/a>&#8220;.<\/p>\n<p>Recojo de su web, \u201c<a href=\"https:\/\/www.piomoa.es\/?p=22767\" target=\"_blank\" rel=\"noopener\">M\u00e1s Espa\u00f1a y m\u00e1s democracia<\/a>\u201d, unas reflexiones de P\u00edo Moa sobre la invasi\u00f3n de Ceuta, y algunos antecedentes hist\u00f3ricos.<\/p>\n<\/div><\/div><div  class=\"empty-space  marg-lg-b15\"><\/div>[vc_single_image image=&#8221;18532&#8243; img_size=&#8221;Large&#8221; alignment=&#8221;center&#8221; css=&#8221;&#8221;][vc_single_image image=&#8221;18533&#8243; img_size=&#8221;large&#8221; alignment=&#8221;center&#8221; css=&#8221;&#8221;]<div  class=\"empty-space  marg-lg-b15\"><\/div>[\/vc_column][\/vc_row][vc_row][vc_column]<div class=\"text-block\" ><div class=\"simple-text size-4\"><h2 style=\"text-align: center;\">Ceuta y la Reconquista<\/h2>\n<h4>P\u00edo Moa<\/h4>\n<p>1. Leo que la \u201cinteligencia china\u201d atribuye la invasi\u00f3n de Ceuta a provocaci\u00f3n del Mosad para desestabilizar a S\u00e1nchez. Dudo de que esa \u201cinteligencia\u201d sea tan corta. Cualquiera con dos dedos de frente ve que se trata de una operaci\u00f3n concertada entre los gobiernos del Saunas y de Mohamed.<\/p>\n<p>2. A lo largo de los a\u00f1os, Marruecos ha construido en Espa\u00f1a una camarilla de traidores al m\u00e1s alto nivel pol\u00edtico, incluso en la polic\u00eda, el ej\u00e9rcito y los servicios secretos. Debe de haberle costado mucho dinero. Es hora de desenmascararlos.<\/p>\n<p>3. Un objetivo de la invasi\u00f3n de Ceuta era tantear la respuesta popular espa\u00f1ola. La respuesta ha sido mucho mayor de la que esperaban. Ahora se trata de juzgar y encarcelar a los traidores. El rey tiene una \u00faltima oportunidad de hacer algo, si quiere salvar la monarqu\u00eda, cosa dudosa.<\/p>\n<p>4. \u00bfRecuerdan a Cebri\u00e1n y su ataque a la \u201cinsidiosa Reconquista\u201d? Cebri\u00e1n ha sido largos a\u00f1os director de \u201cEl Pa\u00eds\u201d, el peri\u00f3dico m\u00e1s influyente en la pol\u00edtica espa\u00f1ola hasta hace muy poco. Sin duda un agente, por lo menos objetivo, de Rabat. Muy \u201cdem\u00f3crata\u201d, eso s\u00ed.<\/p>\n<p>5. La ra\u00edz lejana del entreguismo de Ceuta y Melilla por el PSOE y la actitud ambigua del PP y del rey, se encuentra en su ignorancia de la historia de Espa\u00f1a y en particular del significado de la Reconquista: \u201cLa Reconquista y Espa\u00f1a\u201d.<\/p>\n<p>6. Los sucesos de Ceuta hacen actual la cuesti\u00f3n de la Reconquista. Ya desde \u00e9poca romana ha habido invasiones procedentes del Magreb. La Reconquista es un fen\u00f3meno \u00fanico en la historia europea y mediterr\u00e1nea, y plantea problemas de gran calado hist\u00f3rico. PSOE, PP y el propio rey siguen la ocurrencia de Ortega de que no existi\u00f3 reconquista.<\/p>\n<p>7. En \u201cLa Reconquista y Espa\u00f1a\u201d planteo una serie de problemas cruciales, pocas veces abordados tales cuales: a) \u00bfPor qu\u00e9 se dio en la pen\u00ednsula y no en el norte de \u00c1frica? b) \u00bfPor qu\u00e9 dur\u00f3 tanto el proceso? c) \u00bfQu\u00e9 hac\u00eda incompatible la cultura cristiana con la isl\u00e1mica? d) \u00bfPor qu\u00e9 hubo una tensi\u00f3n y oscilaci\u00f3n contantes entre las tendencias unificadoras y las disgregadoras? e) \u00bfPor qu\u00e9 hubo una tensi\u00f3n permanente entre el aspecto pol\u00edtico (Espa\u00f1a contra al \u00c1ndalus) y el religioso (cristiandad contra islam)\u2026<\/p>\n<p>8.- f) \u00bfPor qu\u00e9 dio lugar a las primeras declaraciones de derechos y primer parlamento esbozo de manifestaciones predemocr\u00e1ticas de Europa (fuero de Le\u00f3n y Cortes leonesas)? g) \u00bfPor qu\u00e9 la separaci\u00f3n de Portugal se hizo permanente (salvo un peque\u00f1o per\u00edodo por Felipe II)? h) \u00bfPor qu\u00e9 los Reyes Cat\u00f3licos lograron reunificar la mayor parte de la pen\u00ednsula (salvo Portugal) cuando lo m\u00e1s probable parec\u00eda la consolidaci\u00f3n de cinco reinos, incluyendo el isl\u00e1mico de Granada?<\/p>\n<p>9- i) \u00bfPor qu\u00e9 el islam retrocedi\u00f3, pese a partir del dominio de la parte m\u00e1s rica y poblada de la pen\u00ednsula? j) \u00bfPor qu\u00e9 es absurdo hablar de una \u201cEspa\u00f1a isl\u00e1mica\u201d, error en el que cae incluso S\u00e1nchez Albornoz? k) \u00bfPor qu\u00e9 el Camino de Santiago (el \u201cfranc\u00e9s\u201d) fue al mismo tiempo un factor unificador y disgregador? l) \u00bfQu\u00e9 papel tuvieron las universidades en el proceso? m) \u00bfPor qu\u00e9 los jud\u00edos llegaron a tener amplia libertad en Castilla y por qu\u00e9 fueron finalmente expulsados? n) \u00bfHubo alguna vez una Espa\u00f1a de las tres culturas, y qu\u00e9 significado tiene la ocurrencia de Am\u00e9rico Castro?\u2026 Y as\u00ed otras cuestiones fundamentales para entender aquel proceso y la realidad hist\u00f3rica y cultural de Espa\u00f1a, hoy menospreciada por la mayor parte de su clase o casta pol\u00edtica e intelectual<\/p>\n<\/div><\/div><div  class=\"empty-space  marg-lg-b15\"><\/div>[vc_single_image image=&#8221;18534&#8243; img_size=&#8221;large&#8221; alignment=&#8221;center&#8221; css=&#8221;&#8221;][\/vc_column][\/vc_row]<\/p>\n<\/div>","protected":false},"excerpt":{"rendered":"<p>[vc_row][vc_column][vc_single_image image=&#8221;18528&#8243; img_size=&#8221;Large&#8221; alignment=&#8221;center&#8221; css=&#8221;&#8221;]Dos de septiembre de 2026. Mi\u00e9rcoles. Manifestaci\u00f3n en defensa de Ceuta y contra el gobierno S\u00e1nchez en Valencia. Por encima de las cincuenta mil personas abarrot\u00e1bamos la plaza del Ayuntamiento y aleda\u00f1os. Cincuenta mil personas son la mitad de los que entraron en Ceuta hace m\u00e1s de un mes. Incluimos en [&hellip;]<\/p>\n","protected":false},"author":2,"featured_media":18527,"comment_status":"open","ping_status":"closed","sticky":false,"template":"","format":"standard","meta":{"footnotes":""},"categories":[525,1],"tags":[],"class_list":["post-18524","post","type-post","status-publish","format-standard","has-post-thumbnail","hentry","category-bitacora-y-apuntes","category-general"],"jetpack_featured_media_url":"https:\/\/agroicultura.com\/general\/wp-content\/uploads\/2026\/09\/Manifa-Ceuta-10-copia.jpg","jetpack_shortlink":"https:\/\/wp.me\/p4Dh6a-4OM","jetpack-related-posts":[{"id":18484,"url":"https:\/\/agroicultura.com\/general\/lo-de-ceuta\/","url_meta":{"origin":18524,"position":0},"title":"Lo de Ceuta","author":"Redacci\u00f3n","date":"8 agosto, 2026","format":false,"excerpt":"[vc_row][vc_column][vc_single_image image=\"18486\" img_size=\"large\" add_caption=\"yes\" alignment=\"center\" css=\"\"][\/vc_column][\/vc_row]","rel":"","context":"En \u00abBit\u00e1cora y apuntes\u00bb","block_context":{"text":"Bit\u00e1cora y apuntes","link":"https:\/\/agroicultura.com\/general\/category\/bitacora-y-apuntes\/"},"img":{"alt_text":"","src":"https:\/\/i0.wp.com\/agroicultura.com\/general\/wp-content\/uploads\/2026\/08\/Ubiarco-11-copia.jpg?resize=350%2C200&ssl=1","width":350,"height":200,"srcset":"https:\/\/i0.wp.com\/agroicultura.com\/general\/wp-content\/uploads\/2026\/08\/Ubiarco-11-copia.jpg?resize=350%2C200&ssl=1 1x, https:\/\/i0.wp.com\/agroicultura.com\/general\/wp-content\/uploads\/2026\/08\/Ubiarco-11-copia.jpg?resize=525%2C300&ssl=1 1.5x, https:\/\/i0.wp.com\/agroicultura.com\/general\/wp-content\/uploads\/2026\/08\/Ubiarco-11-copia.jpg?resize=700%2C400&ssl=1 2x"},"classes":[]},{"id":15433,"url":"https:\/\/agroicultura.com\/general\/preparando-el-cruce-del-estrecho-espada-hambre-y-cautiverio-tres\/","url_meta":{"origin":18524,"position":1},"title":"Preparando el cruce del Estrecho. Espada, hambre y cautiverio (Tres)","author":"Redacci\u00f3n","date":"30 marzo, 2023","format":false,"excerpt":"[vc_row][vc_column][vc_single_image image=\"15434\" img_size=\"large\" add_caption=\"yes\" alignment=\"center\"][\/vc_column][\/vc_row][vc_row][vc_column][vc_btn title=\"Lea o descargue en PDF el cap\u00edtulo\" color=\"info\" align=\"center\" i_icon_fontawesome=\"fa fa-file-pdf-o\" button_block=\"true\" add_icon=\"true\" link=\"url:https%3A%2F%2Fagroicultura.com%2Fgeneral%2Fwp-content%2Fuploads%2F2023%2F03%2FEspada-hambre-y-cuativerio-3.docx||target:%20_blank|\"][\/vc_column][\/vc_row]","rel":"","context":"En \u00abEl nacimiento de Al\u00e1ndalus\u00bb","block_context":{"text":"El nacimiento de Al\u00e1ndalus","link":"https:\/\/agroicultura.com\/general\/category\/series\/el-nacimiento-de-alandalus\/"},"img":{"alt_text":"","src":"https:\/\/i0.wp.com\/agroicultura.com\/general\/wp-content\/uploads\/2023\/03\/Yahya%CC%82_ibn_Mahmu%CC%82d_al-Wa%CC%82siti%CC%82_005.jpg?resize=350%2C200&ssl=1","width":350,"height":200,"srcset":"https:\/\/i0.wp.com\/agroicultura.com\/general\/wp-content\/uploads\/2023\/03\/Yahya%CC%82_ibn_Mahmu%CC%82d_al-Wa%CC%82siti%CC%82_005.jpg?resize=350%2C200&ssl=1 1x, https:\/\/i0.wp.com\/agroicultura.com\/general\/wp-content\/uploads\/2023\/03\/Yahya%CC%82_ibn_Mahmu%CC%82d_al-Wa%CC%82siti%CC%82_005.jpg?resize=525%2C300&ssl=1 1.5x, https:\/\/i0.wp.com\/agroicultura.com\/general\/wp-content\/uploads\/2023\/03\/Yahya%CC%82_ibn_Mahmu%CC%82d_al-Wa%CC%82siti%CC%82_005.jpg?resize=700%2C400&ssl=1 2x"},"classes":[]},{"id":2289,"url":"https:\/\/agroicultura.com\/general\/para-entender-ucrania\/","url_meta":{"origin":18524,"position":2},"title":"Para entender Ucrania","author":"Perinquiets","date":"23 febrero, 2023","format":false,"excerpt":"Un art\u00edculo de P\u00edo Moa 1. La guerra de\u00a0 Ucrania amenaza degenerar en una III Guerra Mundial. Y ya est\u00e1 cambiando en profundidad las pol\u00edticas internacionales, formando bloques y\u00a0 generando carreras armament\u00edsticas. Es ya una verdadera cat\u00e1strofe. 2. No se trata de una guerra entre Ucrania y Rusia, sino entre\u2026","rel":"","context":"En \u00abBit\u00e1cora y apuntes\u00bb","block_context":{"text":"Bit\u00e1cora y apuntes","link":"https:\/\/agroicultura.com\/general\/category\/bitacora-y-apuntes\/"},"img":{"alt_text":"","src":"https:\/\/i0.wp.com\/agroicultura.com\/general\/wp-content\/uploads\/2023\/06\/DSC03970.jpg?resize=350%2C200&ssl=1","width":350,"height":200,"srcset":"https:\/\/i0.wp.com\/agroicultura.com\/general\/wp-content\/uploads\/2023\/06\/DSC03970.jpg?resize=350%2C200&ssl=1 1x, https:\/\/i0.wp.com\/agroicultura.com\/general\/wp-content\/uploads\/2023\/06\/DSC03970.jpg?resize=525%2C300&ssl=1 1.5x, https:\/\/i0.wp.com\/agroicultura.com\/general\/wp-content\/uploads\/2023\/06\/DSC03970.jpg?resize=700%2C400&ssl=1 2x"},"classes":[]},{"id":16348,"url":"https:\/\/agroicultura.com\/general\/la-suerte-esta-echada\/","url_meta":{"origin":18524,"position":3},"title":"La suerte est\u00e1 echada","author":"Redacci\u00f3n","date":"18 agosto, 2023","format":false,"excerpt":"[vc_row][vc_column][\/vc_column][\/vc_row]","rel":"","context":"En \u00abBit\u00e1cora y apuntes\u00bb","block_context":{"text":"Bit\u00e1cora y apuntes","link":"https:\/\/agroicultura.com\/general\/category\/bitacora-y-apuntes\/"},"img":{"alt_text":"","src":"https:\/\/i0.wp.com\/agroicultura.com\/general\/wp-content\/uploads\/2023\/08\/viajes-3-copia.jpg?resize=350%2C200&ssl=1","width":350,"height":200,"srcset":"https:\/\/i0.wp.com\/agroicultura.com\/general\/wp-content\/uploads\/2023\/08\/viajes-3-copia.jpg?resize=350%2C200&ssl=1 1x, https:\/\/i0.wp.com\/agroicultura.com\/general\/wp-content\/uploads\/2023\/08\/viajes-3-copia.jpg?resize=525%2C300&ssl=1 1.5x, https:\/\/i0.wp.com\/agroicultura.com\/general\/wp-content\/uploads\/2023\/08\/viajes-3-copia.jpg?resize=700%2C400&ssl=1 2x"},"classes":[]},{"id":6825,"url":"https:\/\/agroicultura.com\/general\/la-tira-de-contar-de-mercavalencia\/","url_meta":{"origin":18524,"position":4},"title":"&#8220;La Tira de Contar&#8221; de Mercavalencia","author":"Redacci\u00f3n","date":"15 diciembre, 2015","format":false,"excerpt":"Emilio Zola describi\u00f3 en \u201cEl vientre de Par\u00eds\u201d el crom\u00e1tico y perfumado (en el buen y en el mal sentido) universo de Les Halles, el antiguo mercado central de la capital francesa. El escenario era un s\u00edmbolo de la perra vida del protagonista, Florent, un idealista que sucumbe ante la\u2026","rel":"","context":"En \u00abAgricultura y naturaleza\u00bb","block_context":{"text":"Agricultura y naturaleza","link":"https:\/\/agroicultura.com\/general\/category\/agroecologia\/"},"img":{"alt_text":"","src":"https:\/\/i0.wp.com\/agroicultura.com\/general\/wp-content\/uploads\/2015\/12\/thumb_DSC_0005_1024.jpg?resize=350%2C200&ssl=1","width":350,"height":200,"srcset":"https:\/\/i0.wp.com\/agroicultura.com\/general\/wp-content\/uploads\/2015\/12\/thumb_DSC_0005_1024.jpg?resize=350%2C200&ssl=1 1x, https:\/\/i0.wp.com\/agroicultura.com\/general\/wp-content\/uploads\/2015\/12\/thumb_DSC_0005_1024.jpg?resize=525%2C300&ssl=1 1.5x, https:\/\/i0.wp.com\/agroicultura.com\/general\/wp-content\/uploads\/2015\/12\/thumb_DSC_0005_1024.jpg?resize=700%2C400&ssl=1 2x"},"classes":[]},{"id":2058,"url":"https:\/\/agroicultura.com\/general\/justicia-poetica-con-puig-y-oltra\/","url_meta":{"origin":18524,"position":5},"title":"Justicia po\u00e9tica con Puig y Oltra","author":"Perinquiets","date":"9 abril, 2022","format":false,"excerpt":"Un art\u00edculo de Vicente Torres A lo largo del tiempo han estado ensa\u00f1\u00e1ndose con la corrupci\u00f3n de otros, cierta o falsa. La presunci\u00f3n de inocencia cuando se trata de los que han se\u00f1alado como enemigos, no existe para ellos. Puig es particularmente lerdo y Oltra, adem\u00e1s de eso, es grosera.\u2026","rel":"","context":"En \u00abGeneral\u00bb","block_context":{"text":"General","link":"https:\/\/agroicultura.com\/general\/category\/general\/"},"img":{"alt_text":"","src":"https:\/\/i0.wp.com\/agroicultura.com\/general\/wp-content\/uploads\/2023\/06\/triana.jpg?resize=350%2C200&ssl=1","width":350,"height":200,"srcset":"https:\/\/i0.wp.com\/agroicultura.com\/general\/wp-content\/uploads\/2023\/06\/triana.jpg?resize=350%2C200&ssl=1 1x, https:\/\/i0.wp.com\/agroicultura.com\/general\/wp-content\/uploads\/2023\/06\/triana.jpg?resize=525%2C300&ssl=1 1.5x"},"classes":[]}],"_links":{"self":[{"href":"https:\/\/agroicultura.com\/general\/wp-json\/wp\/v2\/posts\/18524","targetHints":{"allow":["GET"]}}],"collection":[{"href":"https:\/\/agroicultura.com\/general\/wp-json\/wp\/v2\/posts"}],"about":[{"href":"https:\/\/agroicultura.com\/general\/wp-json\/wp\/v2\/types\/post"}],"author":[{"embeddable":true,"href":"https:\/\/agroicultura.com\/general\/wp-json\/wp\/v2\/users\/2"}],"replies":[{"embeddable":true,"href":"https:\/\/agroicultura.com\/general\/wp-json\/wp\/v2\/comments?post=18524"}],"version-history":[{"count":10,"href":"https:\/\/agroicultura.com\/general\/wp-json\/wp\/v2\/posts\/18524\/revisions"}],"predecessor-version":[{"id":18540,"href":"https:\/\/agroicultura.com\/general\/wp-json\/wp\/v2\/posts\/18524\/revisions\/18540"}],"wp:featuredmedia":[{"embeddable":true,"href":"https:\/\/agroicultura.com\/general\/wp-json\/wp\/v2\/media\/18527"}],"wp:attachment":[{"href":"https:\/\/agroicultura.com\/general\/wp-json\/wp\/v2\/media?parent=18524"}],"wp:term":[{"taxonomy":"category","embeddable":true,"href":"https:\/\/agroicultura.com\/general\/wp-json\/wp\/v2\/categories?post=18524"},{"taxonomy":"post_tag","embeddable":true,"href":"https:\/\/agroicultura.com\/general\/wp-json\/wp\/v2\/tags?post=18524"}],"curies":[{"name":"wp","href":"https:\/\/api.w.org\/{rel}","templated":true}]}}