{"id":2153,"date":"2022-09-03T20:10:21","date_gmt":"2022-09-03T18:10:21","guid":{"rendered":"http:\/\/perinquiets.com\/?p=2153"},"modified":"2023-06-04T21:30:20","modified_gmt":"2023-06-04T19:30:20","slug":"el-panico-a-los-mitos-de-la-guerra-civil","status":"publish","type":"post","link":"https:\/\/agroicultura.com\/general\/el-panico-a-los-mitos-de-la-guerra-civil\/","title":{"rendered":"El p\u00e1nico a Los mitos de la guerra civil"},"content":{"rendered":"<p><a href=\"https:\/\/agroicultura.com\/general\/wp-content\/uploads\/2023\/06\/91IkzBkk-3L.jpg\"><img loading=\"lazy\" decoding=\"async\" class=\"alignright  wp-image-2155\" src=\"https:\/\/agroicultura.com\/general\/wp-content\/uploads\/2023\/06\/91IkzBkk-3L.jpg\" alt=\"\" width=\"422\" height=\"610\" \/><\/a>Un art\u00edculo de <strong><a href=\"https:\/\/www.piomoa.es\/?p=19069\" target=\"_blank\" rel=\"noopener noreferrer\">P\u00edo Moa<\/a><\/strong><\/p>\n<p>Cualquier observador un poco agudo percibe un tono de histeria o p\u00e1nico en la reacci\u00f3n que ha producido en Francia y en Espa\u00f1a la entrevista de\u00a0<em>Le Figaro<\/em>\u00a0a prop\u00f3sito de la traducci\u00f3n al franc\u00e9s de<em>\u00a0Los mitos de la guerra civil.\u00a0<\/em>Reacci\u00f3n por una parte furiosa e intimidatoria (\u201cc\u00f3mo se ha atrevido\u00a0<em>Le Figaro<\/em>\u2026\u201d), pero sin el menor atisbo de cr\u00edtica racional; y por otra parte de silencio amedrentado. En Espa\u00f1a, ninguno de los grandes medios de derecha (<em>ABC, La Raz\u00f3n, La Vanguardia, la COPE<\/em>\u2026), que tanto espacio dedican a noticias irrelevantes, an\u00e1lisis de perra gorda, chismorreos de famosos, consejos sexuales, etc.,\u00a0 han publicado una sola l\u00ednea sobre un fen\u00f3meno tan llamativo en Francia, que afecta al suceso m\u00e1s crucial del siglo XX espa\u00f1ol, y de repercusiones tan actuales como las leyes de memoria contra las libertades pol\u00edticas e intelectuales. Nada, repito, ni una l\u00ednea. Esto tambi\u00e9n revela un fondo de p\u00e1nico.<\/p>\n<p><!--more-->La causa de esa actitud se percibe f\u00e1cilmente: si lo que dice <em>Los mitos<\/em>\u00a0es cierto, ser\u00eda falso el discurso prevaleciente en Espa\u00f1a y Europa sobre aquella guerra, su significaci\u00f3n y consecuencias hist\u00f3ricas, lo que abre nuevas hip\u00f3tesis y afecta a muy diversos intereses.\u00a0 El problema para el discurso dominante no deber\u00eda ser dif\u00edcil: le bastar\u00eda con destacar dos o tres puntos clave en el libro y demolerlos con datos y argumentos\u2026, pero\u00a0 no hay nada de ello sino, como digo,\u00a0 silenciamiento en unos e insultos e intimidaciones en otros.\u00a0 Que dejan adem\u00e1s la impresi\u00f3n de que tales \u201ccr\u00edticos\u201d ni siquiera han le\u00eddo el libro,\u00a0 que seg\u00fan ellos es de \u201cpropaganda franquista\u201d y\u00a0 \u201cno dice nada nuevo\u201d, a pesar de su enorme \u00e9xito en Espa\u00f1a y ahora en Francia. Y que tal vez tendr\u00eda tambi\u00e9n en Inglaterra, Usa, Alemania o Italia si se tradujera, rompiendo el actual\u00a0 muro de silencio.\u00a0 As\u00ed que dar\u00e9 unas explicaciones.<\/p>\n<p>Entre 1999 y 2001 publiqu\u00e9 la trilog\u00eda compuesta por\u00a0<em>Los or\u00edgenes de la guerra civil, Los personajes de la rep\u00fablica vistos por ellos mismos, y El derrumbe de la rep\u00fablica y la guerra,<\/em>\u00a0producto de nueve a\u00f1os de trabajo.\u00a0 Estos tres libros pod\u00edan resultar de lectura algo inc\u00f3moda para el p\u00fablico en general, debido a estar repletos de notas de archivos y referencias bibliogr\u00e1ficas, de prensa, actas de las Cortes, etc.,\u00a0 por lo que me pareci\u00f3 conveniente un resumen popular \u2013que no vulgarizado\u2013 de los tres.<\/p>\n<p>El resumen,<em>\u00a0Los mitos<\/em>, fue concebido con un m\u00e9todo expositivo original, que me pareci\u00f3 el m\u00e1s eficaz, en dos grandes partes. Una primera aborda las concepciones pol\u00edticas e ideol\u00f3gicas de los diez l\u00edderes de los diversos partidos y personajes determinantes. Aunque suene extra\u00f1o, esto no es frecuente en los libros de historia, que apenas suelen profundizar en los contenidos ideol\u00f3gicos en pugna. En el tercer tomo de la trilog\u00eda dediqu\u00e9 amplio espacio a dichos contenidos, sin los cuales nada se explica con alguna profundidad, y en\u00a0\u00a0<em>Los mitos<\/em>\u00a0hice lo mismo de modo m\u00e1s directo y personal, ci\u00f1\u00e9ndolo a las ideas de los personajes.<\/p>\n<p>Y en una segunda parte examin\u00e9 diecisiete cuestiones y sucesos muy concretos, para atraerlos del terreno del mito, m\u00e1s bien del\u00a0 seudomito, al de la realidad comprobable historiogr\u00e1ficamente. Y lo hice partiendo, bien de la documentaci\u00f3n de la propia izquierda, bien de\u00a0 investigaciones detalladas y nunca desmentidas de diversos\u00a0 historiadores.\u00a0 \u00a0Finalmente a\u00f1ad\u00ed dos ep\u00edlogos\u00a0 sobre la guerra civil espa\u00f1ola en la historia del siglo XX y en la historia de Espa\u00f1a. Se adjuntan tambi\u00e9n unos mapas, una cronolog\u00eda y el origen regional de los personajes citados.<\/p>\n<p>Espero que con motivo del XX aniversario del libro se publique una reedici\u00f3n. Ninguno de sus datos o tesis b\u00e1sicos\u00a0 ha sido desmentido por otros estudios o cr\u00edticas en estos veinte a\u00f1os, y\u00a0 solo ampliar\u00eda los dos ep\u00edlogos (lo har\u00e9 en un pr\u00f3logo) y algunas observaciones secundarias. Creo que hoy, cuando intenta suprimirse la libertad intelectual y con ella otras libertades, por medio de leyes delictivas,\u00a0<em>Los mitos de la guerra civil<\/em>\u00a0adquiere\u00a0 una relevancia mayor incluso que cuando fue publicado.<\/p>\n<p>Tratar\u00e9 en el blog otras cuestiones al respecto, como la de por qu\u00e9 un suceso tan intensamente\u00a0 espa\u00f1ol\u00a0 como aquella guerra ha\u00a0 suscitado y sigue suscitando tantos a\u00f1os despu\u00e9s, tal inter\u00e9s en Francia y seguramente en otros pa\u00edses.<\/p>\n","protected":false},"excerpt":{"rendered":"<p>Un art\u00edculo de P\u00edo Moa Cualquier observador un poco agudo percibe un tono de histeria o p\u00e1nico en la reacci\u00f3n que ha producido en Francia y en Espa\u00f1a la entrevista de\u00a0Le Figaro\u00a0a prop\u00f3sito de la traducci\u00f3n al franc\u00e9s de\u00a0Los mitos de la guerra civil.\u00a0Reacci\u00f3n por una parte furiosa e intimidatoria (\u201cc\u00f3mo se ha atrevido\u00a0Le Figaro\u2026\u201d), [&hellip;]<\/p>\n","protected":false},"author":3,"featured_media":0,"comment_status":"open","ping_status":"open","sticky":false,"template":"","format":"standard","meta":{"footnotes":"","jetpack_publicize_message":"","jetpack_publicize_feature_enabled":true,"jetpack_social_post_already_shared":false,"jetpack_social_options":{"image_generator_settings":{"template":"highway","default_image_id":0,"font":"","enabled":false},"version":2}},"categories":[525],"tags":[],"class_list":["post-2153","post","type-post","status-publish","format-standard","hentry","category-bitacora-y-apuntes"],"jetpack_publicize_connections":[],"jetpack_featured_media_url":"","jetpack_shortlink":"https:\/\/wp.me\/p4Dh6a-yJ","jetpack-related-posts":[],"_links":{"self":[{"href":"https:\/\/agroicultura.com\/general\/wp-json\/wp\/v2\/posts\/2153","targetHints":{"allow":["GET"]}}],"collection":[{"href":"https:\/\/agroicultura.com\/general\/wp-json\/wp\/v2\/posts"}],"about":[{"href":"https:\/\/agroicultura.com\/general\/wp-json\/wp\/v2\/types\/post"}],"author":[{"embeddable":true,"href":"https:\/\/agroicultura.com\/general\/wp-json\/wp\/v2\/users\/3"}],"replies":[{"embeddable":true,"href":"https:\/\/agroicultura.com\/general\/wp-json\/wp\/v2\/comments?post=2153"}],"version-history":[{"count":1,"href":"https:\/\/agroicultura.com\/general\/wp-json\/wp\/v2\/posts\/2153\/revisions"}],"predecessor-version":[{"id":16058,"href":"https:\/\/agroicultura.com\/general\/wp-json\/wp\/v2\/posts\/2153\/revisions\/16058"}],"wp:attachment":[{"href":"https:\/\/agroicultura.com\/general\/wp-json\/wp\/v2\/media?parent=2153"}],"wp:term":[{"taxonomy":"category","embeddable":true,"href":"https:\/\/agroicultura.com\/general\/wp-json\/wp\/v2\/categories?post=2153"},{"taxonomy":"post_tag","embeddable":true,"href":"https:\/\/agroicultura.com\/general\/wp-json\/wp\/v2\/tags?post=2153"}],"curies":[{"name":"wp","href":"https:\/\/api.w.org\/{rel}","templated":true}]}}