{"id":2257,"date":"2022-12-18T11:40:15","date_gmt":"2022-12-18T10:40:15","guid":{"rendered":"http:\/\/perinquiets.com\/?p=2257"},"modified":"2023-06-04T21:31:00","modified_gmt":"2023-06-04T19:31:00","slug":"respuesta-a-un-oceano-de-palabras","status":"publish","type":"post","link":"https:\/\/agroicultura.com\/general\/respuesta-a-un-oceano-de-palabras\/","title":{"rendered":"Respuesta a un oc\u00e9ano de palabras"},"content":{"rendered":"<div id=\"attachment_2258\" style=\"width: 759px\" class=\"wp-caption alignright\"><a href=\"https:\/\/agroicultura.com\/general\/wp-content\/uploads\/2023\/06\/huerta-y-atardeceres-7.jpg\"><img loading=\"lazy\" decoding=\"async\" aria-describedby=\"caption-attachment-2258\" class=\"size-full wp-image-2258\" src=\"https:\/\/agroicultura.com\/general\/wp-content\/uploads\/2023\/06\/huerta-y-atardeceres-7.jpg\" alt=\"\" width=\"749\" height=\"624\" \/><\/a><p id=\"caption-attachment-2258\" class=\"wp-caption-text\">De cara a la pared.<\/p><\/div>\n<p style=\"padding-left: 40px;\"><em>Nuestros colaboradores Waltraud Garc\u00eda y Segismundo Bombardier han mantenido un di\u00e1logo estimulado por el art\u00edculo firmado por el editor de esta revista, Fernando Bell\u00f3n, \u201cOc\u00e9ano tenebroso de palabras\u201d. Como lo han hecho a distancia y por v\u00eda digital se ha podido grabar y transcribir. Sea testimonio de la pluralidad de criterios de que se precian nuestras publicaciones.<\/em><\/p>\n<p style=\"padding-left: 40px;\"><em>\u00a0\u00a0\u00a0\u00a0\u00a0\u00a0\u00a0\u00a0\u00a0\u00a0\u00a0 F.B. , editor de Perinquiets -Libros.<\/em><\/p>\n<p>&nbsp;<\/p>\n<p><strong>Waltraud Garc\u00eda<\/strong>.\u2014 \u00bfNo le ha llamado la atenci\u00f3n el \u00faltimo art\u00edculo de nuestro editor en <em>Perinquiets-Libros<\/em>, amigo Bombardier?<\/p>\n<p><strong>Segismundo Bombardier<\/strong>.\u2014 S\u00ed, lo he le\u00eddo, quiz\u00e1 sin demasiado detenimiento. \u00bfLe ha suscitado alguna reacci\u00f3n a usted, do\u00f1a Waltraud?<\/p>\n<p><strong>W.G<\/strong>.\u2014 El final. Me ha parecido una declaraci\u00f3n desesperada, \u201cPor el amor de Dios, que venga alguien y nos ponga en las manos los instrumentos para arreglar tanto desm\u00e1n, estropicio y falseamiento intelectual\u201d. Dejar la soluci\u00f3n de los problemas de uno en manos de otro es una irresponsabilidad, aunque estoy seguro de que don Fernando es un tipo responsable. Por eso digo que puede ser producto de la desesperaci\u00f3n.<\/p>\n<p><strong>S.B<\/strong>.\u2014 Es posible. A m\u00ed me parece una iron\u00eda suya. De \u00e9l, me refiero. Vivir en Espa\u00f1a debe de ser un tormento para las personas con criterio y voluntad de convivir en una patria com\u00fan. Desde Francia lo veo as\u00ed, aunque vivir aqu\u00ed tambi\u00e9n est\u00e1 lleno de trampas pol\u00edticas e ideol\u00f3gicas. \u00bfNo s\u00e9 si ah\u00ed lo sufrir\u00e1 usted igual, en Alemania?<\/p>\n<p><!--more--> \u00a0<strong>W.G.\u2014<\/strong> Claro. Todas las naciones europeas pasan por la misma crisis, y lo hacemos a tientas, preocupados por el futuro que es m\u00e1s incierto que otras veces en las \u00faltimas d\u00e9cadas. Pero ni en Alemania ni en Francia ni en ning\u00fan otro estado europeo el gobierno se mantiene gracias a los que desean la destrucci\u00f3n del estado y no lo ocultan, s\u00f3lo esperan la posibilidad para dar el hachazo.<\/p>\n<p><strong>S.B.\u2014<\/strong> Eso es. No creo que don Fernando sea tan ingenuo como para tomarse en serio la intervenci\u00f3n oportun\u00edsima de un salvador de la patria. Es producto de la rabia de sentirse impotente. Pero ante tanta tropel\u00eda, en lugar de quejarse diciendo, \u201ceste pa\u00eds es imposible, es mejor vivir en otro\u201d, y no hacerlo, clama al cielo consciente de que el cielo no le va a escuchar. Acaso de tanto levantar la voz tantas personas, una parte significativa llegue a ponerse de acuerdo y empiecen a actuar. Aunque es improbable.<\/p>\n<p><strong>W.G.\u2014<\/strong> Visto desde Alemania esa salida me parece imposible. En Espa\u00f1a el parlamentarismo siempre ha sido disolvente.<\/p>\n<p><strong>S.B.\u2014<\/strong> Pero en Alemania tambi\u00e9n. Recuerde usted la rep\u00fablica de Weimar.<\/p>\n<p><strong>W.G.\u2014<\/strong> Vale, igual que en Francia. El hundimiento del ej\u00e9rcito franc\u00e9s en junio de 1940 se debi\u00f3 a la propaganda del Frente Popular contra los franceses que no eran obreros, como si se merecieran una guerra, y al derrotismo de los intelectuales, que hab\u00edan convencido a los franceses de que era mejor ser buenos y creer en el remedio indoloro contra las agresiones del nazismo y del gran capital. Huyeron como ratas en cuando los boches cruzaron la frontera a ca\u00f1onazos. No quer\u00edan ser v\u00edctimas del dolor; y ya ve usted, cuatro a\u00f1os de muertos y destrucci\u00f3n les cost\u00f3.<\/p>\n<p><strong>S.B.\u2014<\/strong> O sea, que el parlamentarismo es un grano en el culo de todas las democracias.<\/p>\n<p><strong>W.G.\u2014<\/strong> \u201cEfectiviguonder\u201d, como dicen los castizos en Espa\u00f1a. Tiendo a pensar que el pegote de esta crisis contempor\u00e1nea est\u00e1 en la ineficacia del sistema pol\u00edtico parlamentario. No es que sea imposible de perfeccionar, es que se ha degradado y hay que encontrar otro. No me pregunte cual.<\/p>\n<p><strong>S.B.\u2014<\/strong> Si me permite la conjetura, quiz\u00e1 Espa\u00f1a est\u00e1 en las mejores condiciones para avanzar hacia lo desconocido. \u00bfNo? Veo yo muy probable que en el plazo de un a\u00f1o o dos se deshaga, se descomponga, expulsen al rey y establezcan no una rep\u00fablica ef\u00edmera, sino media docena. Una vez estallada la contradicci\u00f3n de los tiempos en un pa\u00eds, los otros saltar\u00e1n en pedazos de modo inevitable. Entonces es cuando aparecer\u00e1n los salvadores, iluminados o l\u00facidos, y las aguas se encauzar\u00e1n. Lo que no sabemos es a qu\u00e9 precio. Es lo que ha pasado en todo tiempo y lugar cuando sobreviene el colapso.<\/p>\n<p><strong>W.G.\u2014<\/strong> Estoy de acuerdo en colocar la crisis europea en una perspectiva no nacional, hist\u00f3rica. Tendr\u00eda gracia que, una vez m\u00e1s, Espa\u00f1a fuera la avanzadilla del curso de la historia europea hacia el futuro, como cuando expuls\u00f3 a los musulmanes, descubri\u00f3 y coloniz\u00f3 las Am\u00e9ricas, cre\u00f3 un imperio global, resisti\u00f3 el capitalismo protestante, dict\u00f3 la primera constituci\u00f3n liberal, fue el primer pa\u00eds que derrot\u00f3 a Napole\u00f3n, y se impuso sobre el experimento sovietizante con \u00e9xito. Todo esto son hechos, si bien est\u00e1n enmarcados en un universo ideol\u00f3gico, igual que un fuego no se alimenta s\u00f3lo de ox\u00edgeno, sino de combustible, que lo hay de muchos materiales.<\/p>\n<p><strong>S.B.\u2014<\/strong> Veo que ha reflexionado usted a fondo sobre el asunto. Aqu\u00ed en Francia no tenemos problemas de secesi\u00f3n, sino de convivencia c\u00edvica. Que al fin y al cabo es lo mismo. Por eso puede que el estado aguante m\u00e1s. Ustedes tambi\u00e9n tienen un problema de tensi\u00f3n entre lo europeo y lo musulm\u00e1n o lo anatolio.<\/p>\n<p><strong>W.G.\u2014<\/strong> Y de momento lo estamos resolviendo con pa\u00f1os calientes, como en Francia, en Holanda, en B\u00e9lgica o en Escandinavia. Los pol\u00edticos conocen perfectamente la historia, y eso que dan la impresi\u00f3n de estar contra sus ense\u00f1anzas. Pero bien que emplean dinerito en cubrir necesidades b\u00e1sicas de la poblaci\u00f3n, sean de una religi\u00f3n censada o sean ateos, en especial de los musulmanes. Esto s\u00f3lo puede desembocar en dos situaciones, o la igualaci\u00f3n social a escala planetaria, que a m\u00ed me parece imposible, o la ruptura del equilibrio y la llegada otra vez de la violencia.<\/p>\n<p><strong>S.B.\u2014<\/strong> Yo dir\u00eda que adem\u00e1s de imposible la igualaci\u00f3n social planetaria es indeseable. Ser\u00eda el fin de la evoluci\u00f3n. \u00bfEst\u00e1 usted segura de que los pol\u00edticos saben lo que hacen?<\/p>\n<p><strong>W.G.\u2014<\/strong> Por completo. Trabajar para ganarse la vida puede que lo hayan hecho pocos, pero estudiar, todos han estudiado.<\/p>\n<p><strong>S.B.\u2014<\/strong> Me est\u00e1n entrando ganas de buscar un salvador, como sugiere el editor de la revista. No s\u00e9 si mi generaci\u00f3n, que es la misma de don Fernando, llegar\u00e1 a presenciar ese quiebro fat\u00eddico. La suya, s\u00ed, desde luego. Esto no aguanta mucho tiempo. En realidad, no soy tan pesimista. Dudo que la soluci\u00f3n de esta crisis origine mucha violencia. De momento la suerte est\u00e1 favoreciendo a Europa. La muerte se queda en las fronteras de Polonia, Eslovaquia y Ruman\u00eda. Yo descarto una extensi\u00f3n s\u00fabita en nuestro territorio, entre otras cosas porque si ocurriera algo as\u00ed, alguien perder\u00eda la cordura y apretar\u00eda el bot\u00f3n nuclear. Fin de la crisis y de la humanidad. Adem\u00e1s, Hungr\u00eda y Polonia est\u00e1n entendiendo el problema b\u00e1sico de las invasiones b\u00e1rbaras. Conf\u00edo en que otros pa\u00edses muy progres y currutacos empiecen a dar el vuelco.<\/p>\n<p><strong>W.G.\u2014<\/strong> Muy oportuna esa menci\u00f3n a las invasiones b\u00e1rbaras. Estoy leyendo un libro magn\u00edfico, que espero rese\u00f1ar pronto en <strong><em>Agroicultura-Perinquiets<\/em><\/strong>. <em>Espada, hambre y cautiverio. La conquista isl\u00e1mica de Spania, <\/em>de Yeyo Balb\u00e1s<em>. <\/em>El t\u00edtulo da una idea de su contenido. Y es un trabajo magn\u00edfico porque su autor repasa en detalle los reinados godos anteriores a la invasi\u00f3n, luego hace lo mismo con el nacimiento y expansi\u00f3n del islam. El aparato documental de Balb\u00e1s es abrumador y muy bien utilizado y ordenado. Pero de todo eso ya hablar\u00e9 en otro momento.<\/p>\n<p>Lo que quiero decirle es que un mundo aparentemente estable, como el Imperio Romano de Occidente se va desmenuzando poco a poco por invasores germ\u00e1nicos. Luego le pasa lo mismo al de oriente, pero en medio siglo, no resiste el asalto de hordas musulmanas cuyo objetivo inmediato es el bot\u00edn, no la conquista ni la asimilaci\u00f3n al islam de los pueblos sometidos. \u00bfPor qu\u00e9 ocurre esto? \u00bfPor qu\u00e9 fuerzas imperiales con siglos de experiencia administrativa y militar, son derrotadas por hordas b\u00e1rbaras? En resumen, porque los ciudadanos romanos se hab\u00edan acostumbrado a vivir relativamente bien y sin preocupaciones, exactamente igual que ahora. Era una prosperidad aparente, hab\u00eda millones de seres humanos que lo pasaban mal dentro del imperio, y eran la base del imperio. Y en cuanto los b\u00e1rbaros entran en escena, no hacen nada por detenerlos, era un conflicto que no iba con ellos.<\/p>\n<p><strong>S.B.\u2014<\/strong> Pero ahora no hay miseria en Europa. Aunque estoy de acuerdo en lo que usted quiere decir, do\u00f1a Waltraud. D\u00e9jeme citarle algo que he le\u00eddo hace poco: es un fragmento de una rese\u00f1a sobre un libro reciente de un ensayista espa\u00f1ol que parece muy capaz, un tal Esteban Hern\u00e1ndez. He aqu\u00ed la cita de un articulista llamado V\u00edctor Lenore: <em>No estamos solo ante un tratado de geopol\u00edtica y macroeconom\u00eda. El autor sabe explicar las consecuencias de conflictos sist\u00e9micos en nuestras vidas cotidianas, sobre todo en el mundo del trabajo. &#8220;En un primer instante,\u00a0tanto las clases financieras como las contraculturales se\u00f1alaron al pueblo y a sus costumbres como el principal problema que deb\u00edan solucionar&#8221;, destaca. Tanto Silicon Valley como Wall Street apostaron por la disrupci\u00f3n frente a la organizaci\u00f3n tradicional, y por el corto plazo frente al largo, convirtiendo en enemigo al &#8220;sentido com\u00fan dominante&#8221;. El resultado, como sabemos, fue una disoluci\u00f3n de los viejos v\u00ednculos laborales\u2026 &#8220;No deja de ser parad\u00f3jico que, en un tiempo en que se insiste continuamente en el progreso y en el que todav\u00eda perdura la conexi\u00f3n directa entre adelantos tecnol\u00f3gicos y un mundo mejor, sea la\u00a0ausencia de proyectos sociales que generan esperanza y confianza\u00a0lo que la definan m\u00e1s n\u00edtidamente&#8221;, destaca Hern\u00e1ndez.<\/em><\/p>\n<p><strong>W.G.\u2014<\/strong> Eso es. Crisis de valores, de identidad, de esperanza, lo que queramos decir. Esas \u201cclases contraculturales\u201d de las que habla Hern\u00e1ndez se han hecho con el dominio de la cultura, se la han apropiado, y no est\u00e1n dispuestos a compartirla, a no ser que comulgues literalmente con ellos. Y como a los financieros y poderosos del planeta la confusi\u00f3n les beneficia, ya estamos fastidiados por la pinza de los idiotas y los ego\u00edstas. Los b\u00e1rbaros de hoy son los miserables de anta\u00f1o, y est\u00e1n entrando a miles en el territorio europeo. A ellos la forma de vida occidental les importa un carajo, s\u00f3lo les interesa nuestra prosperidad, y es natural y comprensible. \u00bfC\u00f3mo resuelve usted esto, se\u00f1or comisario europeo? No tiene remedio f\u00e1cil, y desde luego el dinero no lo es, porque cuanto m\u00e1s se reparta, m\u00e1s gente lo pedir\u00e1. En fin, es mi generaci\u00f3n la que se ver\u00e1 afectada, y la de mis\u00a0 hijos pagar\u00e1 las consecuencias del ego\u00edsmo y la estupidez hoy dominantes. Que Dios nos coja confesados.<\/p>\n<p><strong>S.B.\u2014<\/strong> Yo vivo entre una parroquia y una mezquita, as\u00ed que tengo donde acogerme llegado el momento. Que tenga usted un buen d\u00eda, do\u00f1a Waltraud.<\/p>\n<p><strong>W.G.\u2014<\/strong> Lo mismo le deseo, don Segismundo.<\/p>\n<p>&nbsp;<\/p>\n<p>&nbsp;<\/p>\n","protected":false},"excerpt":{"rendered":"<p>Nuestros colaboradores Waltraud Garc\u00eda y Segismundo Bombardier han mantenido un di\u00e1logo estimulado por el art\u00edculo firmado por el editor de esta revista, Fernando Bell\u00f3n, \u201cOc\u00e9ano tenebroso de palabras\u201d. Como lo han hecho a distancia y por v\u00eda digital se ha podido grabar y transcribir. Sea testimonio de la pluralidad de criterios de que se precian [&hellip;]<\/p>\n","protected":false},"author":3,"featured_media":0,"comment_status":"open","ping_status":"open","sticky":false,"template":"","format":"standard","meta":{"footnotes":"","jetpack_publicize_message":"","jetpack_publicize_feature_enabled":true,"jetpack_social_post_already_shared":false,"jetpack_social_options":{"image_generator_settings":{"template":"highway","default_image_id":0,"font":"","enabled":false},"version":2}},"categories":[525],"tags":[],"class_list":["post-2257","post","type-post","status-publish","format-standard","hentry","category-bitacora-y-apuntes"],"jetpack_publicize_connections":[],"jetpack_featured_media_url":"","jetpack_shortlink":"https:\/\/wp.me\/p4Dh6a-Ap","jetpack-related-posts":[],"_links":{"self":[{"href":"https:\/\/agroicultura.com\/general\/wp-json\/wp\/v2\/posts\/2257","targetHints":{"allow":["GET"]}}],"collection":[{"href":"https:\/\/agroicultura.com\/general\/wp-json\/wp\/v2\/posts"}],"about":[{"href":"https:\/\/agroicultura.com\/general\/wp-json\/wp\/v2\/types\/post"}],"author":[{"embeddable":true,"href":"https:\/\/agroicultura.com\/general\/wp-json\/wp\/v2\/users\/3"}],"replies":[{"embeddable":true,"href":"https:\/\/agroicultura.com\/general\/wp-json\/wp\/v2\/comments?post=2257"}],"version-history":[{"count":1,"href":"https:\/\/agroicultura.com\/general\/wp-json\/wp\/v2\/posts\/2257\/revisions"}],"predecessor-version":[{"id":16066,"href":"https:\/\/agroicultura.com\/general\/wp-json\/wp\/v2\/posts\/2257\/revisions\/16066"}],"wp:attachment":[{"href":"https:\/\/agroicultura.com\/general\/wp-json\/wp\/v2\/media?parent=2257"}],"wp:term":[{"taxonomy":"category","embeddable":true,"href":"https:\/\/agroicultura.com\/general\/wp-json\/wp\/v2\/categories?post=2257"},{"taxonomy":"post_tag","embeddable":true,"href":"https:\/\/agroicultura.com\/general\/wp-json\/wp\/v2\/tags?post=2257"}],"curies":[{"name":"wp","href":"https:\/\/api.w.org\/{rel}","templated":true}]}}