{"id":3222,"date":"2013-08-02T09:28:42","date_gmt":"2013-08-02T07:28:42","guid":{"rendered":"http:\/\/perinquiets.com\/?p=3222"},"modified":"2023-04-04T12:38:41","modified_gmt":"2023-04-04T10:38:41","slug":"periodismo-un-territorio-darwinista","status":"publish","type":"post","link":"https:\/\/agroicultura.com\/general\/periodismo-un-territorio-darwinista\/","title":{"rendered":"Periodismo: un territorio darwinista. Hablan tres ex-becarias de Canal 9"},"content":{"rendered":"<p>Montserrat Catal\u00e0, Sandra Martorell, Ver\u00f3nica Ib\u00e1\u00f1ez . Las dos primeras todav\u00eda no han cumplido los 30, la \u00faltima est\u00e1 en ello. Son Licenciadas en Comunicaci\u00f3n y\/o en alguna de las frondosas ramas de esta chocante titulaci\u00f3n a la que se han apuntado miles de ingenuos en la \u00faltima d\u00e9cada. Hasta hace un a\u00f1o <em>trabajaban como redactoras becarias<\/em> (subrayo la paradoja, <i>trabajaban<\/i> pero eran aprendizas, lo primero es cierto, lo segundo es una falsedad, es decir, un abuso laboral) en la redacci\u00f3n de Fin de Semana de Canal 9 TVV. Anteriormente hab\u00edan adquirido experiencia y tambi\u00e9n <span style=\"text-decoration: underline;\">trabajado<\/span> en diversos medios, productoras, por su cuenta&#8230; Las tres poseen otros t\u00edtulos, han hecho o est\u00e1n haciendo m\u00e1ster, doctorado, cursos de capacitaci\u00f3n profesional, CAP (Certificado de Actitud Pedag\u00f3gica). Han pasado media vida form\u00e1ndose y trabajando. Y ahora, en la bisagra de los 30 a\u00f1os, cuando la aplastante mayor\u00eda de los occidentales de esa edad lleva al menos un quinquenio cotizando para su jubilaci\u00f3n, Montse, Sandra y Vero no suman entre las tres ni seis a\u00f1os cotizados.<\/p>\n<p>Montse, Sandra y Vero son la punta del iceberg, una peque\u00f1a muestra del estado de cosas entre la juventud espa\u00f1ola, capacitada, ociosa por obligaci\u00f3n, y en busca desesperada de un futuro que alguien les ha robado. \u00bfQui\u00e9n? Eso debe contestarlo el gobierno, los gobiernos.<\/p>\n<p>No sigo, porque me estoy poniendo de muy mala leche. Que hablen ellas. (La transcripci\u00f3n se ha hecho de una conversaci\u00f3n en valenciano.)<\/p>\n<p>Una entrevista de <strong>Fernando Bell\u00f3n<\/strong><\/p>\n<p><b>Sandra<\/b>. Mira.<\/p>\n<div>Despu\u00e9s de Canal 9, me encontr\u00e9 en un punto de inflexi\u00f3n maravilloso, una de las cosas mejores que me han pasado, que me abri\u00f3 lo ojos y me permiti\u00f3 ver que hab\u00eda vida m\u00e1s all\u00e1. Me fui a Francia a hacer una residencia art\u00edstica, y tuve mucho tiempo para reflexionar, sobre el arte y tambi\u00e9n sobre la vida. Mi cometido era hacer un proyecto art\u00edstico. Aprovech\u00e9 para realizar una serie de obras que me permitieron a su vez conocer la ciudad\u2026 eso te deja mucho tiempo para pasear y tambi\u00e9n para reflexionar. Se trataba de proyectos fotogr\u00e1ficos.Estudi\u00e9 fotograf\u00eda art\u00edstica en Barcelona, algo de lo que he trabajado durante tiempo y que he intentado compaginar con el periodismo.As\u00ed que tras la residencia en Francia, pens\u00e9 que era un buen momento para hacerme aut\u00f3noma y dedicarme a ello. A parte de los estudios de fotograf\u00eda art\u00edstica soy licenciada en Comunicaci\u00f3n Audiovisual, tengo un m\u00e1ster de Bellas Artes y un doctorado en proceso.<\/div>\n<p><b>Vero<\/b>. Par\u00eds pesa mucho&#8230; <em>(Algarab\u00eda festiva entre las entrevistadas)<\/em> Soy licenciada en Comunicaci\u00f3n Audiovisual y despu\u00e9s en Periodismo. Yo siempre he pensado que hab\u00eda vida despu\u00e9s de la tele. Pero antes de la tele me hab\u00eda dedicado muchos a\u00f1os al audiovisual en productoras como redactora-guionista, y haciendo diversos programas. La tele [Canal 9] era una opci\u00f3n que nunca hab\u00eda contemplado. Fue una experiencia muy buena, pero siempre he pensado que habr\u00eda un despu\u00e9s. Porque en esta \u00e9poca&#8230; Yo soy de las que pensaban que despu\u00e9s de la tele no ir\u00eda a encontrar nada [en los medios]. Y as\u00ed ha sido. Porque me he cansado de preguntar aqu\u00ed y all\u00e1, enterarme de programas nuevos, de enviar curr\u00edculum, Info Job, Linkedin, bueno&#8230; Me apunt\u00e9 a todas las redes sociales.. Y nada.<\/p>\n<p>Al final pens\u00e9, bueno tienes que cambiar radicalmente el chip y abrirte nuevas expectativas, a pesar de que siempre me hab\u00eda dedicado al periodismo y no ten\u00eda otra salida. Bueno, s\u00ed, afici\u00f3n a la peluquer\u00eda, porque mi madre es peluquera [propietaria de una peluquer\u00eda], y siempre, en lugar de ser camarera o de trabajar en una tienda, cuando necesitaba dinero ayudaba a mi madre. As\u00ed que pens\u00e9, tienes el paro, puedes dedicarte a dedicarte a hacer otra cosa, y as\u00ed hice un curso de peluquer\u00eda, salieron oposiciones a profesor t\u00e9cnico de Formaci\u00f3n Profesional grado Medio o Superior, pens\u00e9, es un buen momento para estudiar, no tengo trabajo, estoy en casa, tengo mucho tiempo&#8230; Jornadas de 12 horas estudiando, he aprobado las oposiciones, y a partir de ah\u00ed ya veremos.<\/p>\n<p><b>Montse<\/b>. Es muy importante rese\u00f1ar que nosotras nos fuimos [de Canal 9] en un punto de \u00e9xtasis absoluto y de alegr\u00eda. No salimos en medio de la depresi\u00f3n&#8230; [El 5 de junio de 2013 Perinquiets public\u00f3 <a href=\"http:\/\/agroicultura.com\/un-ano-menos-o-un-ano-mas\/\" target=\"_blank\" rel=\"noopener noreferrer\">un art\u00edculo sobre la cat\u00e1rtica despedida de los becarios<\/a>]<\/p>\n<p><b>Sandra<\/b>. Es importante tambi\u00e9n porque nosotras entramos con una gran ilusi\u00f3n y salimos con la misma ilusi\u00f3n.<\/p>\n<p><strong>Renuncia a derechos para seguir trabajando<\/strong><\/p>\n<p><b>Montse<\/b>. S\u00ed. Y apoyados por los compa\u00f1eros [que se quedaban, por poco tiempo]. Sal\u00edamos entre algodones. Fue algo \u00e9pico, cat\u00e1rtico. Yo tambi\u00e9n ten\u00eda ilusi\u00f3n de poder vivir de este oficio. Pero ni aqu\u00ed ni en el resto de comunidades aut\u00f3nomas he encontrado ninguna oportunidad. Por tanto, ten\u00eda que buscar una salida, porque yo no ten\u00eda paro porque tuve que firmar una baja voluntaria&#8230;<\/p>\n<p><b>Fernando<\/b>. A ver, explica un poco eso de la baja voluntaria.<\/p>\n<p><b>Montse<\/b>. S\u00ed, para pasar de un contrato al otro en la televisi\u00f3n [para continuar dentro] me encontr\u00e9 en un solapamiento de contratos. Acababa el contrato de pr\u00e1cticas un 30 de junio, pero el d\u00eda uno empezaba la beca de dos a\u00f1os. Este era el solapamiento. As\u00ed que renunci\u00e9 voluntariamente para empezar con la beca. Eso significaba que al acabar la beca no pod\u00eda solicitar el paro, porque hab\u00eda renunciado voluntariamente a trabajar.<\/p>\n<p>As\u00ed que me encontraba en una situaci\u00f3n de <em>tengo que hacer algo<\/em>. Siempre he estado en la radio [trabajando sin cobrar], compagin\u00e1ndola con la televisi\u00f3n, un programa dedicado a las Fallas en Punto Radio, hasta que cerr\u00f3 en marzo pasado, en plena semana fallera&#8230; La cuesti\u00f3n es que yo acabo la televisi\u00f3n y contin\u00fao en mi radio, donde llevaba siete a\u00f1os. A la vez, mientras estaba en la televisi\u00f3n, hab\u00eda hecho un curso de emprendedores, una cosa que siempre me ha gustado. Llevaba un a\u00f1o gest\u00e1ndose la idea. Y empez\u00f3 a hacerse realidad montar una empresa de <i>e-commerce<\/i> sobre el mundo de las fallas. Durante este a\u00f1o he sido emprendedora, he acabado otra etapa de mi vida en la radio, que tambi\u00e9n ha cerrado. Y como la situaci\u00f3n de los emprendedores no es nada f\u00e1cil, he de compaginar mi pasi\u00f3n emprendedora con alguna otra cosa. Y empec\u00e9 a trabajar de vendedora en unos almacenes. Y as\u00ed es como estoy ahora, vendedora y emprendedora.<\/p>\n<p><em><strong>Sab\u00edamos que se iba a pique cuando est\u00e1bamos estudiando<\/strong><\/em><\/p>\n<p><b>Sandra<\/b>.\u00a0Una cosa que a veces hemos comentado es que todo depende de c\u00f3mo te lo plantees. Cuando hac\u00edamos la carrera sab\u00edamos que este mundillo no iba bien, pero ten\u00edamos (y a\u00fan tenemos) vocaci\u00f3n, as\u00ed que decidimos seguir adelante siempre siendo conscientes de que pod\u00edamos acabar trabajando de otra cosa pero si pod\u00edamos alargar esto hasta los 30 mejor que si nos rend\u00edamos a los 25, si era a los 40 mejor que a los 30. Bueno, ahora estamos en un <i>impasse<\/i>, pero tambi\u00e9n hacemos otras cosas que nos gustan. Se trata de eso, \u00bfno?<\/p>\n<p><b>Fernando<\/b>. [a Sandra] \u00bfEn qu\u00e9 te has ocupado desde tu regreso de Par\u00eds?<\/p>\n<p><b>Sandra<\/b>. Siempre tengo varias v\u00edas abiertas. Por un lado, como dec\u00eda, mi trabajo como fot\u00f3grafa. Me gusta, trabajo con gente, tengo un margen creativo bastante amplio y todo eso me hace levantarme cada d\u00eda con una sonrisa. Por otro lado estoy haciendo la tesis [doctoral] en Comunicaci\u00f3n. Y por \u00faltimo, como sigo tenendo el gusanillo del periodismo estoy haciendo peque\u00f1as c\u00e1psulas documentales que nacen de las historias de la gente de la calle. Al final dices, bueno \u00bfqu\u00e9 es el periodismo? \u00bfEl periodismo implica \u00fanicamente estar ligado a un medio de comunicaci\u00f3n\u00a0o tambi\u00e9n se puede hacer por libre? A veces y en seg\u00fan qu\u00e9 modo es m\u00e1s periodismo lo siguiente, no olvidemos que hoy por hoy muchos medios se dedican a copiar y pegar notas de prensa sin contrastar y sin salir a la calle.<\/p>\n<div><\/div>\n<p><b>Fernando<\/b>. [a Vero] De las tres que est\u00e1is aqu\u00ed, t\u00fa eras la reportera de \u201cla actualidad\u201d, la que sol\u00eda ser enviada por los editores del informativo a cubrir directos. [Montse y Sandra eran reporteras de temas menos inmediatos, aunque tambi\u00e9n realizaron directos] Una \u201cbecaria\u201d que hac\u00eda las cosas tan bien o mejor que cualquier otro redactor o redactora contratado o contratada. Si hubieras seguido, podr\u00edas haberte convertido en la \u201ccara insustituible\u201d del fin de semana de Canal 9. \u00bfC\u00f3mo te sientes ahora, sin ese toque de adrenalina fin de semana?<\/p>\n<p><strong>Periodistas, productoras y operadoras todo terreno<\/strong><\/p>\n<p><b>Vero<\/b>. S\u00ed, lo echo en falta. Porque desde que sal\u00ed de la tele no me he dedicado a nada relacionado con el periodismo. De tanto en tanto escribo alg\u00fan art\u00edculo en una revista digital para quitarte el mono. O, en mi caso, mi pareja es un aut\u00f3nomo del audiovisual, tiene mucha faena y le ayudo a montar videos, o le acompa\u00f1o a hacer alguna grabaci\u00f3n, porque me apetece. No he perdido el contacto, sobre todo la edici\u00f3n de videos, lo hago en casa.<\/p>\n<p><b>Sandra<\/b>. Es que somos todo terreno. Ninguna de nosotras ha sido s\u00f3lo periodista. Hemos sido montadoras, t\u00e9cnicas de sonido, productoras.<\/p>\n<p><b>Montse<\/b>. Yo he estado en producci\u00f3n antes de actuar como periodista. La primera faena que hice en Canal 9 era de Realizaci\u00f3n, como regidora y como auxiliar de realizaci\u00f3n tambi\u00e9n. Luego fui periodista en un programa de comarcas, luego en el Canal 24 Hores, y despu\u00e9s periodista en la redacci\u00f3n Cap de Setmana.<\/p>\n<p><b>Vero<\/b>. Yo empec\u00e9 en Canal 9 con una beca de pr\u00e1cticas de universidad de tres meses en realizaci\u00f3n, en el departamento de Promos. Y luego, claro, en mis pr\u00e1cticas de dos a\u00f1os remuneradas, hice de t\u00e9cnico, operadora de equipo en cabinas de edici\u00f3n unos meses; luego nos cambiaron a todos por las rotaciones, y acab\u00e9 en Continuidad [control de la emision en directo] el resto de las pr\u00e1cticas. Y luego ya enlac\u00e9 cuatro a\u00f1os de becas, de esas que no cotizabas, como periodista.<\/p>\n<p><b>Sandra<\/b>. En mi caso estuve al principio de periodista en la radio, y quise probar otras cosas por si el periodismo no era lo que quer\u00eda hacer. Estuve con una beca de realizaci\u00f3n en TVE de Barcelona, de t\u00e9cnica de sonido y de c\u00e1mara en la Generalitat de Catalu\u00f1a, y en algunas televisiones locales. Tambi\u00e9n he trabajado de montadora. En la Conselleria d&#8217;Economia i Hisenda de la Generalitat Valenciana estuve de c\u00e1mara y de fot\u00f3grafa\u2026 Luego volv\u00ed a los or\u00edgenes, al periodismo. Pero \u00e9ramos todo terreno. De eso se trata hoy en d\u00eda.<\/p>\n<p><b>Vero<\/b>. De hecho, nosotros \u00e9ramos de las periodistas que mont\u00e1bamos las noticias en la tele, porque habia periodistas que no montaban nada [el que firma esta entrevista], nosotras lo hac\u00edamos todo.<\/p>\n<p><b>Sandra<\/b>. Yo, no. Si hab\u00eda una gran urgencia, bien, pero creo que es importante respetar el trabajo de los compa\u00f1eros porque al final eso repercute en los puestos de trabajo.<\/p>\n<p><strong>Los medios en Espa\u00f1a hoy: muchos profesionales, muy preparados y poca oferta<\/strong><\/p>\n<p><b>Fernando<\/b>. [A Montse] \u00bfT\u00fa como ves, por un lado tu futuro y por otro el de los medios de comunicaci\u00f3n?<\/p>\n<p><b>Montse<\/b>. Yo todav\u00eda tengo una lucecita encendida all\u00ed en el fondo, la confianza de volver a trabajar en medios de comunicaci\u00f3n. Bien la radio, que me encanta, o bien en la televisi\u00f3n que me vuelve loca. Pero ahora lo veo dif\u00edcil, porque, \u00bfcual es la situaci\u00f3n de los medios hoy? Veo que hay mucha gente, muy preparada, muy poca oferta. Y hablo del pa\u00eds entero, no s\u00f3lo aqu\u00ed. Aqu\u00ed quiz\u00e1 la situaci\u00f3n es todav\u00eda m\u00e1s triste. No s\u00e9 responderte. Yo no he perdido todav\u00eda la esperanza. Y mira que hay compa\u00f1eros m\u00edos de facultad que hace a\u00f1os han dicho, hasta aqu\u00ed hemos llegado, yo tengo que comer todos los d\u00edas, y tengo que trabajar de lo que sea. Muchos se han hecho maestros, por ejemplo. Yo hice el CAP nada m\u00e1s acabar la carrera, porque la docencia era una salida. Pero todav\u00eda me resisto a tirar la toalla. Y mira que ahora estoy trabajando de dependienta, pero&#8230; Igual me equivoco, pero a m\u00ed me gusta la tele, me gusta un programa en directo, cuando va todo el mundo loco, es que me encanta esa vida, y cuanto m\u00e1s problemas, mejor. Soy un poco masoca. Y probar otros formatos, entretenimiento, no s\u00e9&#8230;<\/p>\n<p><b>Vero<\/b>. Yo quiero ver un futuro optimista en el audiovisual. Porque si te gusta&#8230; y piensas que no, malo.<\/p>\n<p><b>Sandra<\/b>. Lo que hemos conocido [el sector audiovisual y la sociedad en general], est\u00e1 viviendo un gran cambio que dif\u00edcilmente tendr\u00e1 marcha atr\u00e1s.<\/p>\n<p><b>Montse<\/b>. Se ha ido todo por el aire ya.<\/p>\n<p><em><strong>\u00a0La crisis lo ha cambiado todo, hay que adaptarse pero no incondicionalmente<\/strong><\/em><\/p>\n<p><b>Sandra<\/b>. Hablamos de los medios de comunicaci\u00f3n, de la instituci\u00f3n familiar, de la tele&#8230; Esta crisis lo ha cambiado todo. Nada ser\u00e1 como antes. Y tenemos que ser conscientes ya de que todo cambiar\u00e1 y adaptarnos. Es darwinismo puro.<\/p>\n<p><b>Vero<\/b>. Pero no nos importa que no sea como antes. Es eso, cambiar, adaptarnos, y trabajar. Claro, trabajar en la tele ser\u00eda mi sue\u00f1o, pero&#8230;<\/p>\n<p><b>Fernando<\/b>. Pero parece que eso de trabajar a sueldo en un gran medio se ha quedado restringido a un n\u00famero bajo de personas. Bien enchufadas, bien afortunadas, o lo que sea&#8230; \u00bfOs parece que esto sea as\u00ed?<\/p>\n<p><b>Vero<\/b>. A ver. Igual estoy equivocada. No s\u00e9 cu\u00e1ndo. Pero la tele [Canal 9] encargar\u00e1 faena a las productoras, \u00bfno?<\/p>\n<p><b>Sandra<\/b>. Pero, \u00bfa qu\u00e9 precio?<\/p>\n<p><b>Vero<\/b>. Ya, pero estamos acostumbradas a trabajar.<\/p>\n<p><b>Sandra<\/b>. No. Pero no tenemos que acostumbrarnos a eso. En uno de mis trabajos en los medios me llamaron para que investigara una historia de unos robos o no recuerdo qu\u00e9 historia en la que estaba implicada la mafia rusa. \u00bfSabes a cu\u00e1nto se cobraba la pieza? 12 euros. Verte las caras con la mafia rusa por 12 euros\u2026 no, gracias. Nos tenemos que buscar la faena por otros sitios. Est\u00e1 claro que esto no es futuro para un periodista.<\/p>\n<p><b>Fernando<\/b>. Ni para el periodismo.<\/p>\n<p><b>Sandra<\/b>. Claro. Adem\u00e1s, cada vez el periodismo est\u00e1 perdiendo prestigio, est\u00e1 en crisis tambi\u00e9n.<\/p>\n<p><b>Montse<\/b>. Eso es el pez que se muerde la cola. Como cada a\u00f1o sale tanta gente que quiere trabajar, como somos una masa de periodistas y t\u00e9cnicos, hablo del audiovisual, con tantas ganas de trabajar, si dices que no a la mafia rusa, tranquila que aparecer\u00e1n tres o cuatro detr\u00e1s que dir\u00e1n yo por doce euros lo hago. Perdemos todos.<\/p>\n<p><b>Fernando<\/b>. La pregunta es por 12 euros, \u00bfhar\u00e1n algo digno, v\u00e1lido, con contenido informativo? \u00bfNos enteraremos de las maniobras de la mafia rusa por 12 euros?<\/p>\n<p><b>Sandra<\/b>.Obviamente no, al menos como merecemos enterarnos. Esto desde el puno de vista como ciudadana. Y como periodista, si nos creemos la profesi\u00f3n tampoco tendr\u00edamos que tolerarlo.<\/p>\n<p><strong>Los medios: un sistema peor que feudal<\/strong><\/p>\n<p><b>Fernando<\/b>. Yo he llegado a la conclusi\u00f3n de que el periodismo de hoy se parecen al sistema feudal. Hay un pr\u00edncipe, un rey, el Poder, digamos, al que los grandes se\u00f1ores rinden pleites\u00eda, es decir, los directores de medios, grandes y medianos, incluso peque\u00f1os. Luego est\u00e1n los caballeros, el <em>staff<\/em> directivo, y al final, las mesnadas de guerreros que se baten el cobre, los periodistas, algunos mejor pagados que otros, pero la mayor\u00eda, muy mal. \u00bfQu\u00e9 os parece esta idea?<\/p>\n<p><b>Sandra<\/b>.Es mucho peor que el feudalismo. Porque en el sistema feudal, a el se\u00f1or te proteg\u00eda, y t\u00fa a cambio le cultivabas la tierra. Pero aqu\u00ed se trata de que te pagan poco o no te pagan, y encima est\u00e1s a su servicio, diciendo lo que ellos quieren que digas, bajo tu responsabilidad.<\/p>\n<div>\u00a0<b>Montse<\/b>. Le pagan poco a quien le pagan poco, porque hay gente que est\u00e1 muy bien pagada.<\/div>\n<p><b>Fernando<\/b>. \u00bfLos capos?<\/p>\n<p><b>Montse<\/b>. No los capos, no. Nosotros porque \u00e9ramos becarias. Pero los periodistas [contratados] estaban bien pagados.<\/p>\n<p><b>Fernando<\/b>. No, yo estoy hablando del panorama, la perversi\u00f3n del periodismo.<\/p>\n<p><b>Montse<\/b>. En una televisi\u00f3n nacional, \u00bfest\u00e1n los periodista mal pagados?<\/p>\n<p><b>Fernando.<\/b> Hasta ahora parece que no. Pero la cosa se est\u00e1 acabando Yo era de los que ten\u00edan un buen sueldo en Canal 9. Pero hace cinco o seis a\u00f1os vi que algo raro estaba pasando, que a m\u00ed me pagan el doble que a un becario por hacer lo mismo, y que incluso el becario lo hac\u00eda con mayor entusiasmo. Entonces me dije, esto no puede durar.<\/p>\n<p><b>Montse<\/b>. Yo creo que las televisiones nacionales no est\u00e1n pagando mal a quienes est\u00e1n trabajando.<\/p>\n<p><b>Sandra<\/b>. Pero no est\u00e1n cobrando 2000 euros.<\/p>\n<p><b>Vero<\/b>. Hoy en d\u00eda, \u00bfqui\u00e9n cobra 2000 euros?<\/p>\n<p><b>Fernando<\/b>. Lo que yo no s\u00e9 es si los que cobran bien son la mayor\u00eda de los redactores. Yo creo que es una minor\u00eda.<\/p>\n<p><b>Montse<\/b>. Yo no conozco las relaciones laborales de cada uno en las redacciones. Pero&#8230;<\/p>\n<p><b>Sandra<\/b>. Hay mucha gente que est\u00e1 trabajando en negro para grandes empresas.<\/p>\n<p><b>Vero<\/b>. En el periodismo y cualquier otro sector.<\/p>\n<p><strong>Una profesi\u00f3n vocacional<\/strong><\/p>\n<p><b>Sandra<\/b>. Lo que pasa es que el periodismo es una profesi\u00f3n muy vocacional, y se aprovechan de eso.<\/p>\n<p><b>Montse<\/b>. Las enfermeras y los m\u00e9dicos tambi\u00e9n son profesiones vocacionales.<\/p>\n<p><b>Vero<\/b>. De todas manera, una cosa es haber trabajado en la tele toda la vida, mucha gente ten\u00eda un suelo muy bueno, excepto los becarios&#8230; Y otra cosa es haber estudiado una carrera, haber trabajado en veinte mil productoras cobrando seiscientos euros o cien mil pesetas. Yo empec\u00e9 obrando muy poco. Y llegas a la tele, y que te paguen mil euros por una beca&#8230; pues me parece perfecto. Puede que sea triste, pero&#8230;<\/p>\n<p><b>Fernando<\/b>. Yo no s\u00e9 el porcentaje de cada plantilla de los grandes medios que cobra poco y el que cobra decentemente. Pero por lo que estamos viendo en los eres de tantos medios, hoy debe ser una minor\u00eda de privilegiados.<\/p>\n<p><b>Sandra<\/b>. Viendo las ofertas de trabajo o mejor dicho, las posibilidades que he ido descubriendo desde que sal\u00ed de Canal 9, prefer\u00ed seguir el camino que he tomado. Te vas por ejemplo a Madrid a trabajar y, \u00bfhasta qu\u00e9 punto te sale a cuenta? A menudo retrocedes. Vas a un piso compartido, cobrar\u00e1s muy poco, y cuando digo muy poco, es que a los propios medios les da verg\u00fcenza dec\u00edrtelo, es un suelo de becario, trabajar\u00e1s mil horas, vivir\u00e1s para ellos. As\u00ed que tienes que valorar.<\/p>\n<p><b>Vero<\/b>. Si trabajas para productoras que hacen faena para una televisi\u00f3n, ni Madrid ni Barcelona. Yo tengo una buena amiga que est\u00e1 en Madrid en un piso compartido, y trabaja para una productora que hace un programa para La 2, y sus padres le tienen que enviar dinero todas las semanas, todos los meses, con 32 a\u00f1os.<\/p>\n<p><b>Fernando<\/b>. La entrevista se est\u00e1 poniendo negra. \u00bfSe os ocurre algo positivo?<\/p>\n<p><strong>La pr\u00e1ctica del periodismo no est\u00e1 ligada a un contrato<\/strong><\/p>\n<p><b>Sandra<\/b>. Se trata de vivir al d\u00eda, adaptarnos a lo que venga seg\u00fan este darwinismo profesional, y asumir que todo ha cambiado. Ver la realidad es algo positivo en s\u00ed mismo.<\/p>\n<p><b>Vero.<\/b> S\u00ed. Pienso como Sandra. No creo que las cosas est\u00e9n as\u00ed toda la vida. El proyecto en el que estoy ahora me permite levantarme por las ma\u00f1anas con una sonrisa. De momento puedo pagar la hipoteca y los gastos que tenga y \u00f3jala ma\u00f1ana abran una tele y empiecen a contratar a gente, volver\u00edamos todos all\u00ed o no, en fin&#8230; Es vivir el d\u00eda a d\u00eda. No puedes agobiarte por estar en una tienda o por estar de peluquera o lo que sea. Eso, al menos me permite ser feliz y&#8230; \u00bfque vas a hacer?<\/p>\n<p><b>Sandra<\/b>. Pongamos de ejemplo a una amiga. Tabajaba en una gran cadena en la que estaba sometida a mucha presi\u00f3n. Era un trabajo vocacional pero a menudo llegaba a casa llorando. Finalmente oposit\u00f3 y se sac\u00f3 una plaza como profesora. No es el trabajo con el que hab\u00eda so\u00f1ado pero le gusta y ya no llora cuando acaba la jornada. Has de escoger: puedes tener una profesi\u00f3n que te permita vivir sin padecer y dedicar el tiempo libre a lo que quieras, bien sea a escribir, a leer o al periodismo, porque la condici\u00f3n de periodista no es un sueldo es una actitud, una forma de vida.<\/p>\n<p><b>Vero<\/b>. Yo me planteo un futuro as\u00ed. Trabajar, espero, de profesora, que es mi objetivo en estos momentos, y en mi tiempo libre, por supuesto, no desconectar nunca del periodismo.<\/p>\n<p><b>Montse<\/b>. A m\u00ed me gustar\u00eda seguir trabajando de periodista, y no en mi tiempo libre, seguir vinculada al sector. Yo no he perdido mi vocaci\u00f3n de comunicadora, de periodista, aunque ahora no est\u00e9 vinculada. Son tantos a\u00f1os dedicados. En Canal 9 me parec\u00eda una situaci\u00f3n m\u00e1s estable. Yo ven\u00eda de la tele local de una radio que se hac\u00eda en un matadero&#8230;<\/p>\n<p><b>Sandra<\/b>. Hoy, el periodismo de guerra no est\u00e1 en los pa\u00edses en conflicto. El periodismo de guerra est\u00e1 en el d\u00eda a d\u00eda.<\/p>\n<p><b>Montse<\/b>. .. en el matadero de Godella. Y de all\u00ed pas\u00e9 a la radio de Burjassot, y despu\u00e9s a una televisi\u00f3n local. As\u00ed que llegar a Canal 9 era decir, un horario, saber cu\u00e1ndo entras y cu\u00e1ndo sales. Pensar un proyecto de televisi\u00f3n y verlo luego plasmado. Eso era muy grande, impensable en una tele local, que siempre iba tranqueando.<\/p>\n<p><b>Sandra<\/b>.Depende. Hay gente en televisiones locales que est\u00e1n creando formatos (a pesar de los pocos recursos con los que cuentan), proponen cosas nuevas, tienen cierta libertad creativa.<\/p>\n<div>\u00a0<b>Montse<\/b>. S\u00ed, claro. Pero ah\u00ed has de conformarte. T\u00fa, en Canal 9, ten\u00edas unos profesionales de c\u00e1maras que eran demasiado, un realizador que t\u00fa le dec\u00edas vamos a hacer eso y se pod\u00eda hacer&#8230; Profesionales buen\u00edsimos que pod\u00eda haber en la televisi\u00f3n local, pero que llegados a un punto, las limitaciones econ\u00f3micas y tecnol\u00f3gicas, no pueden obtener m\u00e1s calidad. En Canal 9 lo ten\u00edamos todo, medios humanos, t\u00e9cnicos, econ\u00f3micos&#8230; Y llegar ah\u00ed de donde t\u00fa ven\u00edas era un nuevo mundo. Imagino que los primeros que entraron con oposici\u00f3n en la tele, cuando empezaron a hacer ese periodismo estar\u00edan encantados. Y a nosotras, hace seis a\u00f1os, nos pas\u00f3 lo mismo, las cosas todav\u00eda funcionaban, de aquella manera, pero funcionaban. Hemos vivido esa decadencia hasta llegar al estallido absoluto que es donde estamos.<\/div>\n<p>&nbsp;<\/p>\n","protected":false},"excerpt":{"rendered":"<p>Ver\u00f3nica Ib\u00e1\u00f1ez, , Sandra Martorell, Montserrat Catal\u00e0. Son tres j\u00f3venes licenciadas en Comunicaci\u00f3n, en Periodismo, en Audiovisual&#8230; Hasta hace un a\u00f1o trabajaban como redactoras becarias (subrayo la paradoja, trabajaban pero eran aprendizas, lo primero es cierto, lo segundo es una falsedad, es decir, un abuso laboral) en la redacci\u00f3n de Fin de Semana de Canal 9 TVV. Hoy, ninguna est\u00e1 empleada en un medio.<\/p>\n","protected":false},"author":4,"featured_media":4867,"comment_status":"open","ping_status":"open","sticky":false,"template":"","format":"standard","meta":{"footnotes":"","jetpack_publicize_message":"","jetpack_publicize_feature_enabled":true,"jetpack_social_post_already_shared":false,"jetpack_social_options":{"image_generator_settings":{"template":"highway","default_image_id":0,"font":"","enabled":false},"version":2}},"categories":[25],"tags":[],"class_list":["post-3222","post","type-post","status-publish","format-standard","has-post-thumbnail","hentry","category-cultura-y-comunicacion"],"jetpack_publicize_connections":[],"jetpack_featured_media_url":"https:\/\/agroicultura.com\/general\/wp-content\/uploads\/2013\/08\/Lastresbecarias.jpg","jetpack_shortlink":"https:\/\/wp.me\/p4Dh6a-PY","jetpack-related-posts":[],"_links":{"self":[{"href":"https:\/\/agroicultura.com\/general\/wp-json\/wp\/v2\/posts\/3222","targetHints":{"allow":["GET"]}}],"collection":[{"href":"https:\/\/agroicultura.com\/general\/wp-json\/wp\/v2\/posts"}],"about":[{"href":"https:\/\/agroicultura.com\/general\/wp-json\/wp\/v2\/types\/post"}],"author":[{"embeddable":true,"href":"https:\/\/agroicultura.com\/general\/wp-json\/wp\/v2\/users\/4"}],"replies":[{"embeddable":true,"href":"https:\/\/agroicultura.com\/general\/wp-json\/wp\/v2\/comments?post=3222"}],"version-history":[{"count":4,"href":"https:\/\/agroicultura.com\/general\/wp-json\/wp\/v2\/posts\/3222\/revisions"}],"predecessor-version":[{"id":15513,"href":"https:\/\/agroicultura.com\/general\/wp-json\/wp\/v2\/posts\/3222\/revisions\/15513"}],"wp:featuredmedia":[{"embeddable":true,"href":"https:\/\/agroicultura.com\/general\/wp-json\/wp\/v2\/media\/4867"}],"wp:attachment":[{"href":"https:\/\/agroicultura.com\/general\/wp-json\/wp\/v2\/media?parent=3222"}],"wp:term":[{"taxonomy":"category","embeddable":true,"href":"https:\/\/agroicultura.com\/general\/wp-json\/wp\/v2\/categories?post=3222"},{"taxonomy":"post_tag","embeddable":true,"href":"https:\/\/agroicultura.com\/general\/wp-json\/wp\/v2\/tags?post=3222"}],"curies":[{"name":"wp","href":"https:\/\/api.w.org\/{rel}","templated":true}]}}