{"id":3414,"date":"2013-09-29T17:48:25","date_gmt":"2013-09-29T16:48:25","guid":{"rendered":"http:\/\/perinquiets.com\/?p=3414"},"modified":"2023-04-04T12:43:15","modified_gmt":"2023-04-04T10:43:15","slug":"fin-de-semana-agroecologico-en-almassora-castellon","status":"publish","type":"post","link":"https:\/\/agroicultura.com\/general\/fin-de-semana-agroecologico-en-almassora-castellon\/","title":{"rendered":"Fin de semana agroecol\u00f3gico en Almassora (Castell\u00f3n)"},"content":{"rendered":"<p style=\"margin-bottom: 0cm;\"><span style=\"font-size: large;\"><b>Agricultores y ciudadanos devuelven a la plaza mayor del pueblo su original sentido<\/b><\/span><\/p>\n<p style=\"margin-bottom: 0cm;\"><span style=\"font-size: medium;\"><span style=\"font-weight: normal;\">Una informaci\u00f3n de<\/span><\/span><span style=\"font-size: medium;\"><b> Fernando Bell\u00f3n<\/b><\/span><\/p>\n<p style=\"margin-bottom: 0cm;\">La plaza Mayor de Almassora, localidad entre Benicarl\u00f3 y Castell\u00f3n de la Plana, ha albergado el fin de semana del 28 y 29 de septiembre la <i>V Fira d&#8217;Agroecologia i Intercanvi de Llavors Locals<\/i> (V Feria de Agroecolog\u00eda e Intercambio de Semillas Locales). Una decena puestos de fruta y verdura ecol\u00f3gica, varias tiendas de productos ecol\u00f3gicos, asociaciones de consumidores de lo mismo, <i>ecoxarxes<\/i> (eco-redes) de la provincia han estado presentes en un espacio rebosante de vecinos, p\u00fablico, clientes y curiosos de la provincia.<\/p>\n<p style=\"margin-bottom: 0cm;\">La compraventa no ha sido la \u00fanica actividad registrada en Almassora esos d\u00edas. Se han realizado actividades para ni\u00f1os con el esp\u00edritu natural de la feria, juegos tradicionales, un taller infantil de fabricaci\u00f3n de jab\u00f3n; charlas sobre experiencias de diversos g\u00e9neros, elaboraci\u00f3n de salsa de pesto con salvia, leches vegetales; los cultivadores han intercambiado semillas de \u00e9xito contrastado; se ha proyectado una pel\u00edcula sobre la ganader\u00eda tradicional valenciana, y una banda de jazz gitano ha dado un concierto. Todo en la onda del afecto a la naturaleza y en las ant\u00edpodas de la explotaci\u00f3n agr\u00edcola, que es el modelo dominante en esta zona tan apropiada a todo tipo de cultivos.<\/p>\n<p style=\"margin-bottom: 0cm;\">Al agricultura ecol\u00f3gica no es una actividad marginal protagonizada por personas antisistema, aunque quienes la practican asumen el riesgo de opornerse a la presi\u00f3n monstruosa de las multinacionales agrarias.<\/p>\n<p style=\"margin-bottom: 0cm;\">Resulta significativo que en estas ferias, que empiezan a hacerse corrientes, se mezclen j\u00f3venes y mayores, ciudadanos de orden con vestido de domingo, y agricultoras y agricultores (no es una concesi\u00f3n a la \u201cigualdad de g\u00e9nero\u201d, es un hecho) con indumentaria de trabajo nada convencional.<\/p>\n<div id=\"attachment_3418\" style=\"width: 610px\" class=\"wp-caption alignright\"><a href=\"http:\/\/agroicultura.com\/fin-de-semana-agroecologico-en-almassora-castellon\/sony-dsc-29\/\" rel=\"attachment wp-att-3418\"><img loading=\"lazy\" decoding=\"async\" aria-describedby=\"caption-attachment-3418\" class=\"size-large wp-image-3418\" src=\"http:\/\/agroicultura.com\/wp-content\/uploads\/2013\/09\/DSC02291-600x381.jpg\" alt=\"V\u00edctor, uno de las decenas de agricultores ecol\u00f3gicos que trabajan en el Maestrazgo.\" width=\"600\" height=\"381\" \/><\/a><p id=\"caption-attachment-3418\" class=\"wp-caption-text\">V\u00edctor, uno de las decenas de agricultores ecol\u00f3gicos que trabajan en el Maestrazgo.<\/p><\/div>\n<p style=\"margin-bottom: 0cm;\">Junto a familias con aspecto de acabar de salir de misa, uno pod\u00eda charlar con Natalia, de \u201cArrels\u201d, una joven labradora de la comarca, que vend\u00eda tomates de diferentes variedades y otras hortalizas. O con V\u00edctor, de Biopenyagolosa, en Vistabella, hacia el Maestrazgo, que vend\u00eda patatas; o con Daniel, con huertos en Chilches y en la Alquer\u00eda del Ni\u00f1o Perdido; o con Francisco e In\u00e9s, dos jubilados de Castell\u00f3n que producen uvas, frutas ex\u00f3ticas, hortalizas y aceite en unos bancales en las elevaciones donde la capital de Castell\u00f3n pierde su apellido; o con el T\u00edo Lluis, agricultor incansable que cultiva, empaqueta, exporta y vende desde el mismo Almassora; o con Salvador, de la Xarxa d&#8217;Ecologia de Castell\u00f3.<\/p>\n<p style=\"margin-bottom: 0cm;\">En el folleto que entregaba este \u00faltimo puede leerse el sentido de la vida de todas estas personas cuya profesi\u00f3n es la agricultura, quiz\u00e1 un centenar presentes en la Fira, m\u00e1s las que no acudieron y trabajan dispersas en la provincia. Los objetivos de la XAC son: promover la agricultura ecol\u00f3gica, contribuir a la soberan\u00eda alimentaria, conservar la cultura agraria y rural, difundir la agroecolog\u00eda y preservar y respetar la biodiversidad.<\/p>\n<p style=\"margin-bottom: 0cm;\">La mayor\u00eda de las ofertas presentes en la V Fira Agroaecol\u00f2gica de Almassora tienen una historia todav\u00eda corta, tres o cuatro a\u00f1os. Pero en este tiempo aseguran haber echado ra\u00edces econ\u00f3micas y personales. Prueba de la prosperidad de estos proyectos es que al clausurarse la feria casi todos los productos a la venta se hab\u00eda acabado.<\/p>\n<p style=\"margin-bottom: 0cm;\">\n","protected":false},"excerpt":{"rendered":"<p>La plaza Mayor de Almassora, localidad entre Benicarl\u00f3 y Castell\u00f3n de la Plana, ha albergado el fin de semana del 28 y 29 de septiembre la V Fira d&#8217;Agroecologia i Intercanvi de Llavors Locals (V Feria de Agroecolog\u00eda e Intercambio de Semillas Locales). Una decena puestos de fruta y verdura ecol\u00f3gica, varias tiendas de productos ecol\u00f3gicos, asociaciones de consumidores de lo mismo, ecoxarxes (eco-redes) de la provincia han estado presentes.<\/p>\n","protected":false},"author":4,"featured_media":4815,"comment_status":"open","ping_status":"open","sticky":false,"template":"","format":"standard","meta":{"footnotes":"","jetpack_publicize_message":"","jetpack_publicize_feature_enabled":true,"jetpack_social_post_already_shared":false,"jetpack_social_options":{"image_generator_settings":{"template":"highway","default_image_id":0,"font":"","enabled":false},"version":2}},"categories":[20],"tags":[],"class_list":["post-3414","post","type-post","status-publish","format-standard","has-post-thumbnail","hentry","category-agroecologia"],"jetpack_publicize_connections":[],"jetpack_featured_media_url":"https:\/\/agroicultura.com\/general\/wp-content\/uploads\/2013\/09\/DSC022901.jpg","jetpack_shortlink":"https:\/\/wp.me\/p4Dh6a-T4","jetpack-related-posts":[],"_links":{"self":[{"href":"https:\/\/agroicultura.com\/general\/wp-json\/wp\/v2\/posts\/3414","targetHints":{"allow":["GET"]}}],"collection":[{"href":"https:\/\/agroicultura.com\/general\/wp-json\/wp\/v2\/posts"}],"about":[{"href":"https:\/\/agroicultura.com\/general\/wp-json\/wp\/v2\/types\/post"}],"author":[{"embeddable":true,"href":"https:\/\/agroicultura.com\/general\/wp-json\/wp\/v2\/users\/4"}],"replies":[{"embeddable":true,"href":"https:\/\/agroicultura.com\/general\/wp-json\/wp\/v2\/comments?post=3414"}],"version-history":[{"count":1,"href":"https:\/\/agroicultura.com\/general\/wp-json\/wp\/v2\/posts\/3414\/revisions"}],"predecessor-version":[{"id":4816,"href":"https:\/\/agroicultura.com\/general\/wp-json\/wp\/v2\/posts\/3414\/revisions\/4816"}],"wp:featuredmedia":[{"embeddable":true,"href":"https:\/\/agroicultura.com\/general\/wp-json\/wp\/v2\/media\/4815"}],"wp:attachment":[{"href":"https:\/\/agroicultura.com\/general\/wp-json\/wp\/v2\/media?parent=3414"}],"wp:term":[{"taxonomy":"category","embeddable":true,"href":"https:\/\/agroicultura.com\/general\/wp-json\/wp\/v2\/categories?post=3414"},{"taxonomy":"post_tag","embeddable":true,"href":"https:\/\/agroicultura.com\/general\/wp-json\/wp\/v2\/tags?post=3414"}],"curies":[{"name":"wp","href":"https:\/\/api.w.org\/{rel}","templated":true}]}}