{"id":3914,"date":"2014-01-31T10:23:32","date_gmt":"2014-01-31T09:23:32","guid":{"rendered":"http:\/\/perinquiets.com\/?p=3914"},"modified":"2023-04-11T10:12:26","modified_gmt":"2023-04-11T08:12:26","slug":"asociacion-vland-solaris-de-benetusser","status":"publish","type":"post","link":"https:\/\/agroicultura.com\/general\/asociacion-vland-solaris-de-benetusser\/","title":{"rendered":"Asociaci\u00f3n Vland Solaris de Benet\u00fasser"},"content":{"rendered":"<h1 style=\"margin-bottom: 0cm;\">Salud, consumo responsable y foro c\u00edvico<\/h1>\n<p>Edici\u00f3n y fotograf\u00edas de <strong>Fernando Bell\u00f3n<\/strong><\/p>\n<p style=\"margin-bottom: 0cm;\">\u00a0<span style=\"color: #000000; font-size: medium;\"><a href=\"http:\/\/vland-solaris.blogspot.com.es\/\" target=\"_blank\" rel=\"noopener noreferrer\"><span style=\"color: #000000;\">Vland Solaris<\/span><\/a> figura como una asociaci\u00f3n de consumidores de productos ecol\u00f3gicos sin \u00e1nimo de lucro en la localidad de Benet\u00fasser, en l&#8217;Horta Sud de la ciudad de Valencia. Pero es bastante m\u00e1s que eso. <a href=\"https:\/\/www.facebook.com\/VlandSolaris\" target=\"_blank\" rel=\"noopener noreferrer\"><span style=\"color: #000000;\">Vland Solaris<\/span><\/a> es un grupo de vecinos y amigos, es un foro de discusi\u00f3n c\u00edvica, es un centro promotor de actividades culturales, y tambi\u00e9n es un est\u00edmulo para los cultivadores <i>agrobio<\/i> que quieran trabajar de modo sostenible, bajo modelo ecol\u00f3gico, para autoconsumo y gesti\u00f3n de excedentes<\/span><span style=\"font-size: medium;\">en beneficio de los socios y de ellos mismos. Motivada por las exigencias de salud y por la convicci\u00f3n medioambiental de sus fundadores, en diez a\u00f1os Vland Solaris ha pasado de vivir en el pasillo del piso de Concha Mart\u00ednez y Nacho Salavert, a contar con un amplio y dotado local en Benet\u00fasser, donde muebles e instalaciones proceden de material reutilizado. All\u00ed cocinan y festejan cuando se presenta la ocasi\u00f3n, y mantienen reuniones, organizan sus actividades y almacenan los productos de la huerta, a la vez que realizan la gesti\u00f3n y reparto de los pedidos que llegan de los distribuidores de productos ecol\u00f3gicos. Detr\u00e1s de Vland Solaris no hay ideolog\u00eda, religi\u00f3n, creencias con sello excluyente ni intereses privados; solo tres decenas de familias de Benet\u00fasser que se han tomado en serio cambiar el modelo dom\u00e9stico de consumo, y servir de nido de experimentos sociales a peque\u00f1a escala, una nueva manera de entender la sociedad del siglo XXI.<\/span><\/p>\n<p>&nbsp;<\/p>\n<div id=\"attachment_3917\" style=\"width: 610px\" class=\"wp-caption alignleft\"><a href=\"http:\/\/agroicultura.com\/wp-content\/uploads\/2014\/01\/mercadito384394063_183365632_n.jpg\"><img loading=\"lazy\" decoding=\"async\" aria-describedby=\"caption-attachment-3917\" class=\"size-large wp-image-3917\" src=\"http:\/\/agroicultura.com\/wp-content\/uploads\/2014\/01\/mercadito384394063_183365632_n-600x449.jpg\" alt=\"Mercado de Intercambio y Moneda Social de Benet\u00fasser, enero 2014. Foto Vland Solaris\" width=\"600\" height=\"449\" \/><\/a><p id=\"caption-attachment-3917\" class=\"wp-caption-text\">Mercado de Intercambio y Moneda Social de Benet\u00fasser, enero 2014. Foto Vland Solaris<\/p><\/div>\n<p>&nbsp;<\/p>\n<p style=\"margin-bottom: 0cm;\"><span style=\"font-size: medium;\"> Concha Mart\u00ednez ha sido presidenta de Vland Solaris durante siete a\u00f1os. Ahora es vocal del grupo de comunicaci\u00f3n. Asegura que la asociaci\u00f3n tiene un car\u00e1cter multidisciplinar que se refleja en los grupos constituidos, en los que los asociados participan activamente. \u201cAqu\u00ed las familias encuentran un entorno donde reunirse. Esto tiene una dimensi\u00f3n social. En el fondo, somos una comunidad de aprendizaje\u201d, algo que su compa\u00f1ero Nacho Salavert confirma: \u201cAqu\u00ed aprendemos a relacionarnos\u201d.<\/span><\/p>\n<p style=\"margin-bottom: 0cm;\">\u00a0 <span style=\"font-size: medium;\"><i><b>Concha<\/b><\/i>.- La asociaci\u00f3n se asienta sobre las bases de la soberan\u00eda alimentaria y el consumo responsable. Y tambi\u00e9n, sobre los principios del reciclaje, la reutilizaci\u00f3n de los materiales.<\/span><\/p>\n<p style=\"margin-bottom: 0cm;\">\u00a0<span style=\"font-size: medium;\"><i><b>Nacho<\/b><\/i>.- Y nace de la huerta. Antes de ser asociaci\u00f3n, cultiv\u00e1bamos la huerta. Cosa que seguimos haciendo. Primero lo hac\u00edamos en casa, un huerto de terraza con macetones que creamos hace quince a\u00f1os de un modo espont\u00e1neo, cuando esta idea no estaba difundida. A partir de ah\u00ed, vimos que algunas cosas no las pod\u00edamos cultivar, y decidimos buscar un espacio mayor en la huerta. <\/span><\/p>\n<p style=\"margin-bottom: 0cm; background: #ffffff; line-height: 0.64cm;\">\u00a0<span style=\"font-size: medium;\">En el a\u00f1o 2002, empezamos en suelo agr\u00edcola. Todo esto en plan aficionado y para hacer autoconsumo. Una de las vertientes del trabajo de Vland Solaris es que la gente aprenda a cultivarse sus verduras, preparar sus conservas, su mosto, su vino.\u00a0<\/span><\/p>\n<p style=\"margin-bottom: 0cm; background: #ffffff; line-height: 0.64cm;\"><span style=\"font-family: Times New Roman,serif;\"><span style=\"font-size: medium;\"><span style=\"color: #000000;\"><span style=\"font-family: Open Sans,Times New Roman,serif;\"><span style=\"font-size: large;\">Por ejemplo, una actividad que venimos realizando anualmente es la de la vendimia en la comarca de Utiel Requena; all\u00ed pasamos un fin de semana vendimiando, estrujando la uva y embotellando un estupendo mosto o zumo de uva negra que consumiremos el resto del a\u00f1o. Un poderoso antioxidante que aporta salud y bienestar. Tambi\u00e9n hay quien prepara vino en barrica.<\/span><\/span><\/span><\/span><\/span><\/p>\n<p>\u00a0<span style=\"font-family: Times New Roman,serif;\"><i><b>Concha<\/b><\/i>.- <span style=\"font-size: medium;\"><span style=\"color: #000000;\"><span style=\"font-family: Open Sans,Times New Roman,serif;\"><span style=\"font-size: large;\">La iniciativa para llevar a cabo el proyecto de Vland Solaris nace del respeto y el amora la tierra de Nacho a la vez que de una necesidad de salud m\u00eda, por una enfermedad cr\u00f3nica. Producir verduras ecol\u00f3gicas para autoconsumo era en mi caso necesario para mi salud. Desde hac\u00eda tiempo consum\u00edamos productos ecol\u00f3gicos. Conseguirlos en tienda nos resultaba muy caro. Suced\u00eda que a mediados de mes nuestros recursos econ\u00f3micos se acababan. Y pensamos, \u00bfqu\u00e9 hacemos? Bien<\/span><\/span><\/span><span style=\"color: #000000;\"><span style=\"font-family: Open Sans,Times New Roman,serif;\"><span style=\"font-size: large;\">\u2026<\/span><\/span><\/span><span style=\"color: #000000;\"><span style=\"font-family: Open Sans,Times New Roman,serif;\"><span style=\"font-size: large;\">pondremos en marcha un huerto urbano, cultivaremos en casa. Pero en casa, por ejemplo, los calabacines no sal\u00edan, ni las patatas\u2026<\/span><\/span><\/span><\/span><\/span><\/p>\n<p style=\"margin-bottom: 0cm;\"><span style=\"font-size: medium;\">\u00a0<\/span>\u00a0<span style=\"font-size: medium;\"><i><b>Nacho<\/b><\/i>.- Encontramos un huerto en Albal, pr\u00f3ximo a donde yo trabajo. Tambi\u00e9n est\u00e1 cerca de Benet\u00fasser, a siete kil\u00f3metros. Para comprarlo pedimos dinero a la familia. En un principio eran seis hanegadas. Pero al construirse el Ave, en 2004, nos expropiaron y nos quedamos casi sin terreno. Seguimos cultivando en lo que nos quedaba, unos 500 metros. Y en el 2008, con el dinero de la expropiaci\u00f3n compramos cuatro hanegadas y media en otro terreno pr\u00f3ximo. <\/span><\/p>\n<div id=\"attachment_3918\" style=\"width: 454px\" class=\"wp-caption alignright\"><a href=\"http:\/\/agroicultura.com\/wp-content\/uploads\/2014\/01\/1454707_moniato533400390082296_240334557_n.jpg\"><img loading=\"lazy\" decoding=\"async\" aria-describedby=\"caption-attachment-3918\" class=\" wp-image-3918 \" src=\"http:\/\/agroicultura.com\/wp-content\/uploads\/2014\/01\/1454707_moniato533400390082296_240334557_n-493x600.jpg\" alt=\"Haciendo pastelitos de boniato, noviembre 2013. Foto Vland Solaris\" width=\"444\" height=\"540\" \/><\/a><p id=\"caption-attachment-3918\" class=\"wp-caption-text\">Haciendo pastelitos de boniato, noviembre 2013. Foto Vland Solaris<\/p><\/div>\n<p style=\"margin-bottom: 0cm;\"><span style=\"font-size: medium;\"> <i><b>Concha<\/b><\/i>.- En 2004 empezaron a aparecer personas con los mismos objetivos que nosotros. Un hermano de Concha, una amiga de Benet\u00fasser, empleada de banca, que tambi\u00e9n consum\u00eda productos ecol\u00f3gicos&#8230; Nos enteramos de que pod\u00edamos adquirir productos ecol\u00f3gicos manufacturados m\u00e1s baratos en una distribuidora, ahorr\u00e1ndonos el margen de beneficio que aplican las tiendas. Los implicados \u00e9ramos cuatro. Y poco a poco, al comentarlo con la gente, se fueron adhiriendo m\u00e1s personas al grupo de consumo y a la huerta. Otros asociados que han venido despu\u00e9s han aportado sus propias huertas o se las han iniciado. <\/span><\/p>\n<p style=\"margin-bottom: 0cm;\">\u00a0<span style=\"font-size: medium;\"><i><b>Nacho<\/b><\/i>.- Poco a poco mpezamos a hacer compras conjuntas con el grupo en una distribuidora cercana, lo que supon\u00eda un ahorro de entre el veinte y el treinta por ciento. Compr\u00e1bamos manufacturas como leches vegetales, hamburguesas vegetales, cereales, pastas, cosm\u00e9tica, todo lo que entra en una casa menos carne, pescado y productos frescos. En ese momento consideramos que deb\u00edamos formalizar nuestros estatutos, legalizarlos a trav\u00e9s de la Conselleria, solicitar el CIF a Hacienda como asociaci\u00f3n sin \u00e1nimo de lucro, requisitos todos necesarios para poder obtener productos de los proveedores. Nos pusimos en contacto con el Agente de Desarrollo Local de Benet\u00fasser, Javier Gonz\u00e1lez, que hoy en d\u00eda pertenece a la asociaci\u00f3n y le presentamos el proyecto, pidi\u00e9ndole asesoramiento. <\/span><\/p>\n<p style=\"margin-bottom: 0cm;\">\u00a0<span style=\"font-size: medium;\">Al principio, los pedidos ven\u00edan a casa. \u00c9ramos 5 \u00f3 6 familias, y se pod\u00eda gestionar de este modo a pesar de la incomodidad. El pasillo de casa siempre estaba lleno de cajas con productos, la gente ven\u00eda cuando pod\u00eda, o ven\u00eda y no est\u00e1bamos&#8230; <\/span><\/p>\n<p style=\"margin-bottom: 0cm;\"><span style=\"font-size: medium;\"> <i><b>Concha<\/b><\/i>.- El recibidor de nuestra casa parec\u00eda un almac\u00e9n. Se manchaba la pared, el suelo&#8230; en fin fueron los inicios.<\/span><\/p>\n<p>\u00a0<span style=\"font-family: Times New Roman,serif;\"><i><b>Nacho<\/b><\/i>.- <span style=\"font-size: medium;\"><span style=\"color: #000000;\"><span style=\"font-family: Open Sans,Times New Roman,serif;\"><span style=\"font-size: large;\">Pensamos que lo bueno ser\u00eda disponer de un local, y que todos tuvi\u00e9ramos llaves, para ser m\u00e1s aut\u00f3nomos, y adem\u00e1s repartir el trabajo. Por ejemplo, yo me encargo de un proveedor, recojo los encargos del grupo y se los paso, cuando acordamos vengo, abro al proveedor, deja las cajas, yo distribuyo el producto para cada socio, con su factura correspondiente, y me voy. Luego, pongo un correo electr\u00f3nico, \u201cYa pod\u00e9is recoger el pedido de tal cosa.\u201d Y los que lo han demandado, cuando pueden, vienen con su llave, abren y se lo llevan. Con su facturita, van al banco y hacen un ingreso.<\/span><\/span><\/span><\/span><\/span><\/p>\n<p style=\"margin-bottom: 0cm;\"><span style=\"font-size: medium;\">\u00a0<\/span>\u00a0<span style=\"font-size: medium;\"><b>Alquiler de un local, el gran salto hacia delante<\/b><\/span><\/p>\n<p style=\"margin-bottom: 0cm;\">\u00a0<span style=\"font-size: medium;\"><i><b>Concha<\/b><\/i>.- Como dec\u00eda antes, lleg\u00f3 un momento en que tener el almac\u00e9n en casa era insostenible. Por la acumulaci\u00f3n de cajas, y porque el trabajo se centralizaba mucho en nosotros. Hab\u00edamos hecho la b\u00fasqueda de proveedores, contactamos con ellos, negociamos con ellos, y algunos nos dijeron que no, porque no pod\u00edan saltarse la cadena de distribuci\u00f3n, porque los minoristas se iban a enfadar&#8230; Nosotros dec\u00edamos que esto era absurdo, porque \u00e9ramos cinco familias. <\/span><\/p>\n<p>\u00a0<span style=\"font-family: Times New Roman,serif;\">N<span style=\"font-size: medium;\"><span style=\"color: #000000;\"><span style=\"font-family: Open Sans,Times New Roman,serif;\"><span style=\"font-size: large;\">o nos imagin\u00e1bamos que en tan corto espacio de tiempo la asociaci\u00f3n iba a crecer y otros muchos grupos como el nuestro iban a ir apareciendo sobre todo despu\u00e9s de los movimientos sociales del 15 M. Cuando empezamos, hace diez a\u00f1os, \u00e9ramos cinco familias. Ante el incremento de unidades familiares que ven\u00edan a adherirse, vimos la necesidad de buscar un lugar donde establecer una sede. Una posibilidad era pedir ayuda al ayuntamiento, que te dejaba un local peque\u00f1ito, compartido con otros colectivos. Claro, lo que nosotros busc\u00e1bamos era un espacio grande, para poder, entre otras cosas recibir pedidos y almacenar el excedente de la huerta. Otra posibilidad era alquilar un local, cosa dif\u00edcil y cara hace diez a\u00f1os. \u00c9ramos a\u00fan muy poquita gente para poder soportar ese cap\u00edtulo de gastos. Adem\u00e1s siempre hemos querido que todos los productos que nos llegan pasen directamente al asociado sin ning\u00fan incremento en el coste. Esto es imposible si tienes que alquilar un local o contratar a una persona para que gestione. Buscamos entre las personas que conoc\u00edamos si hab\u00eda alguien que pudiera ceder solidariamente un espacio a la asociaci\u00f3n. Y lo encontramos.<\/span><\/span><\/span><\/span><\/span><\/p>\n<p>&nbsp;<\/p>\n<div id=\"attachment_3919\" style=\"width: 610px\" class=\"wp-caption alignleft\"><a href=\"http:\/\/agroicultura.com\/wp-content\/uploads\/2014\/01\/DSC04455.jpg\"><img loading=\"lazy\" decoding=\"async\" aria-describedby=\"caption-attachment-3919\" class=\"size-large wp-image-3919\" src=\"http:\/\/agroicultura.com\/wp-content\/uploads\/2014\/01\/DSC04455-600x380.jpg\" alt=\"Concha y Nacho.\" width=\"600\" height=\"380\" \/><\/a><p id=\"caption-attachment-3919\" class=\"wp-caption-text\">Concha y Nacho.<\/p><\/div>\n<p style=\"margin-bottom: 0cm;\"><span style=\"font-size: medium;\"> <i><b>Nacho<\/b><\/i>.- Compensamos al propietario, al que no pagamos renta alguna, asumiendo los gastos de contribuci\u00f3n, agua, luz, y seguros de responsabilidad civil a terceros&#8230; Todo eso lo asumimos los socios. Hay asociaciones que funcionan con loclaes compartidos y cedidos por el ayuntamiento, con asociaciones de vecinos, con fallas etc&#8230; Los del grupo de consumo del Puerto de Sagunto est\u00e1n pagando al propietario su local en moneda social, en ecos. Hay muchas maneras de acceder a un local. En Vland Solaris pagamos una cuota de 50 euros anuales por familia, y unos 40 euros m\u00e1s por Navidad, que se pueden obviar vendiendo loter\u00eda por ese monto. <\/span><\/p>\n<p style=\"margin-bottom: 0cm;\">\u00a0<span style=\"font-size: medium;\"><i><b>Concha<\/b><\/i>.- Cuando una persona entra en la asociaci\u00f3n, viene a una charla en la que se le informa de los derechos e intercambio de servicios en los que tendr\u00e1 que participar. Qu\u00e9 puedes ofrecer y qu\u00e9 vas a obtener a cambio. Solo por la ventaja de venir a comprar unas cosas m\u00e1s baratas no merece la pena asociarse, porque esa no es la ideolog\u00eda de este colectivo. Aqu\u00ed se viene a socializar, a concienciarse, a compartir, a ser m\u00e1s humano compartiendo con otras personas, respald\u00e1ndose unos a los otros, de verdad, que se vea, que es real, no palabras. <span style=\"text-decoration: none;\">La asociaci\u00f3n tiene una naturaleza asamblearia. <\/span> <\/span><\/p>\n<p>\u00a0<span style=\"font-family: Times New Roman,serif;\"><i><b>Nacho<\/b><\/i>.- <span style=\"font-size: large;\">Primero viene la gente a una charla, y le informamos de lo que hacemos y de nuestra filosof\u00eda. Luego se integran en una de las cinco comisiones o grupos de trabajo existentes: comunicaci\u00f3n y difusi\u00f3n, contabilidad y fiscalidad, proveedores (el grupo m\u00e1s nutrido), actividades, y mantenimiento del local, porque tenemos una cocina, un bar, c\u00e1maras frigor\u00edficas&#8230; Cuando entras a formar parte de alg\u00fan grupo de consumo tienes que encargarte de alguna labor, llevar un proveedor, estar en comunicaci\u00f3n y difusi\u00f3n, llevar contabilidad y fiscalidad, que no es nada f\u00e1cil <span style=\"color: #000000;\"><span style=\"font-family: Open Sans,Times New Roman,serif;\">,<\/span><\/span><span style=\"color: #000000;\"><span style=\"font-family: Open Sans,Times New Roman,serif;\">en fin cada uno asume la tarea que de mutuo acuerdo se decide bien por afinidad bien por necesidad del grupo.<\/span><\/span><\/span><\/span><\/p>\n<p style=\"margin-bottom: 0cm;\">\u00a0<span style=\"font-size: medium;\"><i><b>Concha<\/b><\/i>.- Si hay que pintar, hay que pintar. Si hay que limpiar, hay que limpiar. Las cosas funcionan cuando hay una mayor\u00eda de gente que funciona. <\/span><\/p>\n<p style=\"margin-bottom: 0cm;\">\u00a0<span style=\"font-size: medium;\"><i><b>Nacho<\/b><\/i>.- Todos los materiales, aparatos, y hasta el suelo de este local son reciclados. Por ejemplo, la c\u00e1mara frigor\u00edfica era de una empresa, se hab\u00eda estropeado, no funcionaba y me la dieron; le pusimos gas, y lleva ya cinco a\u00f1os en marcha. Lo \u00fanico que hemos tenido que comprar ha sido el congelador y algunos utensilios de cocina. La televisi\u00f3n no funcionaba, la iba a tirar, y descubrimos que era un problema sencill\u00edsimo de fuente de alimentaci\u00f3n, que le faltaban ocho gotitas de esta\u00f1o y \u00a1a funcionar!<\/span><\/p>\n<p style=\"margin-bottom: 0cm;\">\u00a0<span style=\"font-size: medium;\"><b>De asociaci\u00f3n de consumidores a vivero de actividades c\u00edvicas<\/b><\/span><\/p>\n<p style=\"margin-bottom: 0cm;\">\u00a0<span style=\"font-size: medium;\"><i><b>Concha<\/b><\/i><b>.<\/b>&#8211; Te vas involucrando en otras cosas que van saliendo. El esp\u00edritu de la asociaci\u00f3n sigueel camino del desarrollo de la econom\u00eda local. La <span style=\"color: #0000ff;\"><a href=\"http:\/\/www.notasdeprensacv.es\/feracco-sud-premia-el-valor-del-asociacionismo-con-su-reconocimiento-a-vland-solaris-62526\" target=\"_blank\" rel=\"noopener noreferrer\"><span style=\"color: #0000ff;\">Feracco de l&#8217;Horta Sud<\/span><\/a><\/span> nos premi\u00f3 hace dos a\u00f1os, por fomentar el consumo de verdura fresca de los productores de cercan\u00eda, as\u00ed como por la promoci\u00f3n de un horno en Benet\u00fasser, de un matrimonio rumano, a quien ofrecimos la posibilidad de comprarles el pan ecol\u00f3gico, que hasta entonces adquir\u00edamos en Rinc\u00f3n de Segura, en Albacete; les facilitamos los proveedores de grano ecol\u00f3gico, para que fueran ellos quienes hicieran el pan org\u00e1nico y limpio para la asociaci\u00f3n; hoy en d\u00eda ya hacen pan dos veces a la semana para nosotros y otros grupos de consumo, y tambi\u00e9n lo venden en la panader\u00eda. Fomentamos el canal corto de distribuci\u00f3n o comercializaci\u00f3n; hemos hecho un esfuerzo por acceder directamente al productor cercano; as\u00ed aminoramos la huella ecol\u00f3gica, los embalajes, el coste oculto del producto&#8230; Tambi\u00e9n, al trabajar nuestra huerta, nos esforzamos en producir y asegurar la pervivencia de las variedades locales. A la vez, hacemos una labor de custodia del territorio, la huerta como verdadera se\u00f1a de identidad del pueblo. Tenemos un banquito de semillas. Estamos garantizando valores ambientales, sociales y econ\u00f3micos del tejido productivo de la zona&#8230; Somos m\u00e1s que un grupo de consumo. Ahora mismo estamos colaborando en los mercados de intercambio y\u00a0 moneda social, donde se truecan servicios, habilidades, conocimientos, cosas materiales tambi\u00e9n, de segunda mano y nuevas tambi\u00e9n; facilitamos una microeconom\u00eda no monetarizada en euros.<\/span><\/p>\n<p style=\"margin-bottom: 0cm;\">\u00a0<span style=\"font-size: medium;\">Hace poco, la Facultad de Econ\u00f3micas de la Universitat de Val\u00e8ncia nos invit\u00f3 a participar en una mesa redonda con iniciativas parecidas a la nuestra. Al ser precursores, ayudamos a otros grupos de consumo que se ponen en marcha, les orientamos en la formalizaci\u00f3n de sus estatutos, les facilitamos el contacto con los proveedores, damos charlas.<\/span><\/p>\n<p style=\"margin-bottom: 0cm;\">\u00a0<span style=\"font-size: medium;\">Participamos en la Feria Asociativa de Benet\u00fasser: montamos un barrac\u00f3n informativo y gastron\u00f3mico, eso dura del viernes por la tarde al domingo del primer fin de semana de mayo. Ese d\u00eda organizamos un mercado de agricultores de proximidad, ecol\u00f3gicos o tradicionales, y luego invitamos a comer a todos los productores y agricultores que vienen al mercado, en un espacio cedido por el ayuntamiento, es una comida de hermandad con los asociados y los colaboradores. <\/span><\/p>\n<p style=\"margin-bottom: 0cm;\">\u00a0<span style=\"font-size: medium;\"><i><b>Nacho<\/b><\/i>.- Somos impulsores del primer mercado ecol\u00f3gico en Benet\u00fasser en 2011, los pioneros en la Comunidad Valenciana, junto con Godella. Ellos han conseguido que sea semanal, nosotros, todav\u00eda no. Tambi\u00e9n en 2011 empezamos con SEAE (<span style=\"color: #0000ff;\"><a href=\"http:\/\/www.agroecologia.net\/\" target=\"_blank\" rel=\"noopener noreferrer\"><span style=\"color: #0000ff;\">Sociedad Espa\u00f1ola de Agricultura Ecol\u00f3gica<\/span><\/a><\/span>) un proyecto con fondos europeos, el proyecto <span style=\"color: #0000ff;\"><a href=\"http:\/\/www.agroecologia.net\/que-hacemos\/estudios-e-informes\/seae\/biolmed\/\" target=\"_blank\" rel=\"noopener noreferrer\"><span style=\"color: #0000ff;\">Biolmed<\/span><\/a><\/span> para impulsar los canales cortos de comercializaci\u00f3n. <\/span><\/p>\n<p style=\"margin-bottom: 0cm;\"><span style=\"font-size: medium;\"> Llevamos a cabo en Benet\u00fasser unas jornadas estatales de grupos de Consumo. Dentro de estas jornadas hubo un mercado. Quisimos continuar, como en Godella, pero no pudo ser, porque cambi\u00f3 el color del partido en el gobierno municipal y no fructific\u00f3 nuestra iniciativa; sin embargo ahora nos est\u00e1n permitiendo hacer <i>mostras<\/i> cada dos o tres meses, un mercado ecol\u00f3gico que ha impulsado el <span style=\"color: #0000ff;\"><a href=\"http:\/\/www.benetusser.portalesmunicipales.es\/agenda21\/foroparticipacion\" target=\"_blank\" rel=\"noopener noreferrer\"><span style=\"color: #0000ff;\">Foro de Participaci\u00f3n Ciudadana de Benet\u00fasser<\/span><\/a><\/span>, con quien colaboramos. Se hace una charla, una degustaci\u00f3n y al d\u00eda siguiente el mercado agroecol\u00f3gico. <\/span><\/p>\n<p style=\"margin-bottom: 0cm;\">\u00a0<span style=\"font-style: normal; font-size: medium;\"><b>La uni\u00f3n con otras asociaciones abarata costos<\/b><\/span><\/p>\n<p>\u00a0<span style=\"color: #000000;\"><i><b><span style=\"font-size: medium;\">Concha<\/span>.- <\/b><\/i><span style=\"font-family: Open Sans,Times New Roman,serif;\"><span style=\"font-size: large;\">Le llamamos<\/span><\/span><\/span><span style=\"color: #000000;\"><span style=\"font-family: Open Sans,Times New Roman,serif;\"><span style=\"font-size: large;\"><i>mostra<\/i><\/span><\/span><\/span><span style=\"color: #000000;\"><span style=\"font-family: Open Sans,Times New Roman,serif;\"><span style=\"font-size: large;\">para no entrar en conflicto con el mercado tradicional del pueblo que dice padecer ya la competencia desleal de las grandes superficies. Aunque ahora parece ser que hay un entendimiento. Pertenecemos al Consejo Econ\u00f3mico y Social del Ayuntamiento. Gracias a ello es posible que integremos alg\u00fan puesto ecol\u00f3gico en la zona ambulante, el mercadillo de los mi\u00e9rcoles y los s\u00e1bados. <\/span><\/span><\/span><\/p>\n<p><span style=\"font-family: Times New Roman,serif;\"><span style=\"font-size: medium;\"><span style=\"color: #000000;\"><span style=\"font-family: Open Sans,Times New Roman,serif;\"><span style=\"font-size: large;\">Realizamos tambi\u00e9n otro tipo de actividades como talleres y charlas informativas. La pr\u00f3xima [25 enero] es <\/span><\/span><\/span><span style=\"color: #0000ff;\"><span style=\"text-decoration: underline;\"><a href=\"http:\/\/vland-solaris.blogspot.com.es\/\" target=\"_blank\" rel=\"noopener noreferrer\"><span style=\"color: #000000;\"><span style=\"font-family: Open Sans,Times New Roman,serif;\"><span style=\"font-size: large;\">sobre el Tarifazo El\u00e9ctrico<\/span><\/span><\/span><\/a><\/span><\/span><span style=\"color: #000000;\"><span style=\"font-family: Open Sans,Times New Roman,serif;\"><span style=\"font-size: large;\">. Con motivo de un Seminario para el Empoderamiento de la Mujer Joven que tuvo lugar en Benet\u00fasser en Junio pasado, se realiz\u00f3 la proyecci\u00f3n en nuestra sede de una selecci\u00f3n de cortometrajes por la igualdad a cargo de la especialista Paqui M\u00e9ndez.<\/span><\/span><\/span><\/span><\/span><\/p>\n<p><span style=\"font-family: Times New Roman,serif;\"><span style=\"font-size: medium;\"><span style=\"color: #000000;\"><span style=\"font-family: Open Sans,Times New Roman,serif;\"><span style=\"font-size: large;\">Colaboramos con la<\/span><\/span><\/span><span style=\"color: #000000;\"><span style=\"font-family: Open Sans,Times New Roman,serif;\"><span style=\"font-size: large;\">\u00a0<\/span><\/span><\/span><span style=\"color: #0000ff;\"><span style=\"text-decoration: underline;\"><a href=\"http:\/\/www.sostenibleycreativa.org\/\" target=\"_blank\" rel=\"noopener noreferrer\"><span style=\"color: #000000;\"><span style=\"font-family: Open Sans,Times New Roman,serif;\"><span style=\"font-size: large;\">Red Sostenible y Creativa<\/span><\/span><\/span><\/a><\/span><\/span><span style=\"color: #000000;\"><span style=\"font-family: Open Sans,Times New Roman,serif;\"><span style=\"font-size: large;\">. Tambi\u00e9n con<\/span><\/span><\/span><span style=\"color: #000000;\"><span style=\"font-family: Open Sans,Times New Roman,serif;\"><span style=\"font-size: large;\">\u00a0<\/span><\/span><\/span><span style=\"color: #0000ff;\"><span style=\"text-decoration: underline;\"><a href=\"http:\/\/www.llavorsdaci.org\/Castellano\/Actualidad\/Actualidad_Noticias.html\" target=\"_blank\" rel=\"noopener noreferrer\"><span style=\"color: #000000;\"><span style=\"font-family: Open Sans,Times New Roman,serif;\"><span style=\"font-size: large;\">Llavors d\u2019Ac\u00ed<\/span><\/span><\/span><\/a><\/span><\/span><span style=\"color: #000000;\"><span style=\"font-family: Open Sans,Times New Roman,serif;\"><span style=\"font-size: large;\">, que pertenecen a la<\/span><\/span><\/span><span style=\"color: #000000;\"><span style=\"font-family: Open Sans,Times New Roman,serif;\"><span style=\"font-size: large;\">\u00a0<\/span><\/span><\/span><span style=\"color: #0000ff;\"><span style=\"text-decoration: underline;\"><a href=\"http:\/\/www.redsemillas.info\/?page_id=2\" target=\"_blank\" rel=\"noopener noreferrer\"><span style=\"color: #000000;\"><span style=\"font-family: Open Sans,Times New Roman,serif;\"><span style=\"font-size: large;\">Red de Semillas<\/span><\/span><\/span><\/a><\/span><\/span><span style=\"color: #000000;\"><span style=\"font-family: Open Sans,Times New Roman,serif;\"><span style=\"font-size: large;\">, para conservar la biodiversidad de la huerta. Colaboramos con la<\/span><\/span><\/span><span style=\"color: #000000;\"><span style=\"font-family: Open Sans,Times New Roman,serif;\"><span style=\"font-size: large;\">\u00a0<\/span><\/span><\/span><span style=\"color: #0000ff;\"><span style=\"text-decoration: underline;\"><a href=\"http:\/\/sobiranialimentariapv.org\/\" target=\"_blank\" rel=\"noopener noreferrer\"><span style=\"color: #000000;\"><span style=\"font-family: Open Sans,Times New Roman,serif;\"><span style=\"font-size: large;\">Plataforma per la Sobirania Aliment\u00e0ria<\/span><\/span><\/span><\/a><\/span><\/span><span style=\"color: #000000;\"><span style=\"font-family: Open Sans,Times New Roman,serif;\"><span style=\"font-size: large;\">. Otros colectivos con los que no colaboramos directamente, cuentan con nosotros para realizar compras conjuntas. Eso se traduce despu\u00e9s, por ejemplo, en que a la hora de comprar, por ejemplo, leche vegetal, te das cuenta de que aunque cada colectivo tiene maneras diferentes de dinamizarse, en el fondo, en algunas cosas podemos coincidir para beneficio mutuo. Ahora mismo somos varias asociaciones unidas las que podemos acceder directamente al productor sin necesidad de pasar por la distribuidora acortando la cadena de distribuci\u00f3n. As\u00ed, podemos comprar 2000 litros de leche vegetal, mientras que antes no pod\u00edamos hacerlo al tratarse de pedidos m\u00e1s peque\u00f1os. Entonces el productor nos remit\u00eda al distribuidor con el l\u00f3gico encarecimiento en el precio. Estar unidos nos da mejores posibilidades.<\/span><\/span><\/span><\/span><\/span><\/p>\n<p style=\"margin-bottom: 0cm;\">\u00a0<span style=\"font-size: medium;\"><i><b>Nacho<\/b><\/i>.- Hacemos lo mismo con los cereales, con las harinas, las pastas. <\/span><\/p>\n<p style=\"margin-bottom: 0cm;\">\u00a0<span style=\"font-size: medium;\"><i><b>Concha<\/b><\/i>.- Nos unimos para franquear el muro que te pone la gran cadena de producci\u00f3n. Podemos estar hablando de doscientas o trescientas familias de diez colectivos como el nuestro en l&#8217;Horta Sud y l&#8217;Horta Nord de Valencia, la capital, Puerto de Sagunto y Liria. Estas asociaciones est\u00e1n empezando a surgir incluso en los barrios. Antes eran m\u00e1s comarcales, pero ahora a un nivel m\u00e1s local, es muy intertesante. Realmente es lo mejor, nosotros no hemos pretendido crecer, porque si te obsesionas en crecer, el esp\u00edritu se diluye; mientras que si te quedas en un n\u00facleo de 20 \u00f3 30 familias, las personas se conocen, los nanos se conocen. Es una relaci\u00f3n m\u00e1s estrecha, una filosof\u00eda m\u00e1s compartida. <\/span><\/p>\n<p style=\"margin-bottom: 0cm;\">\u00a0<span style=\"font-size: medium;\">Aqu\u00ed se aglutinan personas de muy diferente cariz pol\u00edtico. Muchas est\u00e1n por ideolog\u00eda, por convencimiento. Pero otras est\u00e1n por necesidad, pero saben que hay una cuota de servicio a la comunidad que hay que satisfacer si quieres estar aqu\u00ed. <\/span><\/p>\n<p>\u00a0<span style=\"font-family: Times New Roman,serif;\"><i><b>Nacho<\/b><\/i>.- <span style=\"font-size: medium;\"><span style=\"color: #000000;\"><span style=\"font-family: Open Sans,Times New Roman,serif;\"><span style=\"font-size: large;\">Ha costado que funcione. Siempre hay personas que no colaboran. El mayor problema es la falta de compromiso de las personas; algunas vienen, prueban, desaparecen al poco tiempo, tal vez pensando, a pesar de la informaci\u00f3n ofrecida, que esto era una tienda, y ven\u00edan solo a comprar. No ve\u00edan la otra parte, que para que esto funcione todos tenemos que aportar un trabajo. El principal problemas derivan de los h\u00e1bitos individualistas que tenemos, no querer compartir, la comodidad, una rentabilidad mal entendida\u2026<\/span><\/span><\/span><\/span><\/span><\/p>\n<p style=\"margin-bottom: 0cm;\"><span style=\"font-size: medium;\">\u00a0<\/span>\u00a0<span style=\"font-size: medium;\"><i><b>Concha<\/b><\/i>.- Yo creo que cuando est\u00e1s en un colectivo donde la mayor parte de la gente funciona bien, por compromiso, se produce un filtrado autom\u00e1tico. Esto es un espejo donde mirarse. Cuando t\u00fa ves que no est\u00e1s haciendo las cosas acordes a lo que debe ser, te vas. \u00bfQue ha habido \u201cpeloteras\u201d en las asambleas, gente que habla mucho y hace poco? Eso es moneda de cambio en todas las asociaciones, familias, comunidades&#8230; Pero lo hemos superado porque ha habido un n\u00facleo duro que ha tirado para adelante. Quiz\u00e1 nueve o diez familias.<\/span><\/p>\n<p style=\"margin-bottom: 0cm;\">\u00a0<span style=\"font-size: medium;\">No somos todos de Benet\u00fasser. Hay de Massanassa, Catarroja, incluso de Castell\u00f3n, que ahora est\u00e1n montando su propio colectivo. Gente de Onil, de Alicante, que tambi\u00e9n est\u00e1n ahora poniendo en marcha un grupo de consumo all\u00ed. Hay gente de Teresa de Cofrentes, que son los que nos organizan todos los a\u00f1os la vendimia. Algunos dicen, \u00bfy c\u00f3mo una familia que est\u00e1 en Teresa de Cofrentes colabora aqu\u00ed, a 120 kil\u00f3metros de distancia? Muy f\u00e1cil, colaborando con la vendimia; buscan una parcela de vi\u00f1a ecol\u00f3gica, ceden su navecita para que podamos dormir todos en sacos, hacen la comida&#8230; Son amigos, por supuesto, aqu\u00ed la mayor\u00eda somo amigos. S\u00ed t\u00fa quieres, puedes. Lo decimos nosotros, no Obama.<\/span><\/p>\n<p style=\"margin-bottom: 0cm;\">\u00a0<span style=\"font-size: medium;\"><b>F\u00e9rtil experiencia de la moneda social<\/b> <\/span><\/p>\n<p><span style=\"color: #000000;\">\u00a0<span style=\"font-family: Times New Roman,serif;\"><span style=\"font-size: medium;\"><span style=\"font-family: Open Sans,Times New Roman,serif;\"><span style=\"font-size: large;\"><b>Nacho<\/b><\/span><\/span><span style=\"font-family: Open Sans,Times New Roman,serif;\"><span style=\"font-size: large;\">.- Ahora tenemos puesta la energ\u00eda en los mercados de intercambio y moneda social. No todos los socios, porque no es obligatorio aceptar o participar en una moneda social para estar en nuestro colectivo. Llevamos un a\u00f1o con los ecos y funciona bien. Por ejemplo, hay una cervecer\u00eda en Chirivella donde puedes hacer consumiciones , y pagar con ecos; o vas a los mercados y empiezas a ver productos de la huerta que se venden en ecos. Cosas de primera necesidad que puedes pagar en esa moneda social. Est\u00e1 creciendo y supongo que ocurrir\u00e1 como con los grupos de consumo, poco a poco estas iniciativas se van consolidando en la medida que las personas las vamos necesitando e integrando. Son procesos de crecimiento personal y colectivo a la vez.<\/span><\/span><\/span><\/span><\/span><\/p>\n<p><span style=\"color: #000000;\">\u00a0<\/span><span style=\"font-family: Times New Roman,serif;\"><span style=\"font-size: medium;\"><span style=\"color: #000000;\"><span style=\"font-family: Open Sans,Times New Roman,serif;\"><span style=\"font-size: large;\"><b>Concha<\/b><\/span><\/span><\/span><span style=\"color: #000000;\"><span style=\"font-family: Open Sans,Times New Roman,serif;\"><span style=\"font-size: large;\">.- Para participar en estos mercados, te tienes que dar de alta en el CES, Comunidad de Sistemas de Intercambio,<\/span><\/span><\/span><span style=\"color: #000000;\"><span style=\"font-family: Open Sans,Times New Roman,serif;\"><span style=\"font-size: large;\">\u00a0<\/span><\/span><\/span><span style=\"color: #000080;\"><span style=\"text-decoration: underline;\"><a href=\"https:\/\/www.community-exchange.org\/\" target=\"_blank\" rel=\"noopener noreferrer\"><span style=\"color: #000000;\"><span style=\"font-family: Open Sans,Times New Roman,serif;\"><span style=\"font-size: large;\">Community Exchange System<\/span><\/span><\/span><\/a><\/span><\/span><span style=\"color: #000000;\"><span style=\"font-family: Open Sans,Times New Roman,serif;\"><span style=\"font-size: large;\">. A a partir de ese momento puedes comenzar a interaccionar. Ya disponemos de v\u00eddeos tutoriales a cerca <\/span><\/span><\/span><span style=\"color: #000000;\"><span style=\"font-family: Open Sans,Times New Roman,serif;\"><span style=\"font-size: large;\">de c\u00f3mo<\/span><\/span><\/span><span style=\"color: #000000;\"><span style=\"font-family: Open Sans,Times New Roman,serif;\"><span style=\"font-size: large;\"> hacerlo y tambi\u00e9n nos reunimos una vez al mes para ir compartiendo nuevas ideas y ajustando necesidades y realidades. En la Comunidad de Intercambio Horta Sud, que es a la que nosotros pertenecemos, ya contamos incluso con un dentista y un pediatra. <\/span><\/span><\/span><\/span><\/span><\/p>\n<p><span style=\"color: #000000;\"><span style=\"font-family: Times New Roman,serif;\"><span style=\"font-size: medium;\"><span style=\"font-family: Open Sans,Times New Roman,serif;\"><span style=\"font-size: large;\">Existen algunos n\u00facleos locales, incluso ayuntamientos que se han involucrado, y parte de los impuestos los est\u00e1n cobrando en ecos, porque ellos pueden contratar servicios en ecos a otros profesionales. Esta realidad a\u00fan es minoritaria pero es una posibilidad real, en ejercicio. Pod\u00e9is verlo en:<\/span><\/span><\/span><\/span><\/span><\/p>\n<p><a href=\"http:\/\/www.vivirsinempleo.org\/2013\/10\/documental-sobre-monedas-sociales-en.html\"><span style=\"color: #000000;\"><span style=\"font-family: Tahoma,sans-serif;\"><span style=\"font-size: medium;\"><span style=\"text-decoration: underline;\">http:\/\/www.vivirsinempleo.org\/2013\/10\/documental-sobre-monedas-sociales-<\/span><\/span><\/span><\/span><\/a><\/p>\n<p>&nbsp;<\/p>\n<p>&nbsp;<\/p>\n<p>&nbsp;<\/p>\n<p>&nbsp;<\/p>\n<p>&nbsp;<\/p>\n","protected":false},"excerpt":{"rendered":"<p>Vland Solaris figura como una asociaci\u00f3n de consumidores de productos ecol\u00f3gicos sin \u00e1nimo de lucro en la localidad de Benet\u00fasser, Valencia. Pero es bastante m\u00e1s que eso: un grupo de vecinos y amigos, un foro de discusi\u00f3n c\u00edvica, un centro promotor de actividades culturales, y un est\u00edmulo para los cultivadores agrobio que se quieran montar su propia parcela.<\/p>\n","protected":false},"author":3,"featured_media":4760,"comment_status":"open","ping_status":"closed","sticky":false,"template":"","format":"standard","meta":{"footnotes":"","jetpack_publicize_message":"","jetpack_publicize_feature_enabled":true,"jetpack_social_post_already_shared":false,"jetpack_social_options":{"image_generator_settings":{"template":"highway","default_image_id":0,"font":"","enabled":false},"version":2}},"categories":[25],"tags":[],"class_list":["post-3914","post","type-post","status-publish","format-standard","has-post-thumbnail","hentry","category-cultura-y-comunicacion"],"jetpack_publicize_connections":[],"jetpack_featured_media_url":"https:\/\/agroicultura.com\/general\/wp-content\/uploads\/2014\/01\/vlandsolaris.jpg","jetpack_shortlink":"https:\/\/wp.me\/p4Dh6a-118","jetpack-related-posts":[],"_links":{"self":[{"href":"https:\/\/agroicultura.com\/general\/wp-json\/wp\/v2\/posts\/3914","targetHints":{"allow":["GET"]}}],"collection":[{"href":"https:\/\/agroicultura.com\/general\/wp-json\/wp\/v2\/posts"}],"about":[{"href":"https:\/\/agroicultura.com\/general\/wp-json\/wp\/v2\/types\/post"}],"author":[{"embeddable":true,"href":"https:\/\/agroicultura.com\/general\/wp-json\/wp\/v2\/users\/3"}],"replies":[{"embeddable":true,"href":"https:\/\/agroicultura.com\/general\/wp-json\/wp\/v2\/comments?post=3914"}],"version-history":[{"count":3,"href":"https:\/\/agroicultura.com\/general\/wp-json\/wp\/v2\/posts\/3914\/revisions"}],"predecessor-version":[{"id":15544,"href":"https:\/\/agroicultura.com\/general\/wp-json\/wp\/v2\/posts\/3914\/revisions\/15544"}],"wp:featuredmedia":[{"embeddable":true,"href":"https:\/\/agroicultura.com\/general\/wp-json\/wp\/v2\/media\/4760"}],"wp:attachment":[{"href":"https:\/\/agroicultura.com\/general\/wp-json\/wp\/v2\/media?parent=3914"}],"wp:term":[{"taxonomy":"category","embeddable":true,"href":"https:\/\/agroicultura.com\/general\/wp-json\/wp\/v2\/categories?post=3914"},{"taxonomy":"post_tag","embeddable":true,"href":"https:\/\/agroicultura.com\/general\/wp-json\/wp\/v2\/tags?post=3914"}],"curies":[{"name":"wp","href":"https:\/\/api.w.org\/{rel}","templated":true}]}}