{"id":5625,"date":"2014-10-17T17:14:45","date_gmt":"2014-10-17T15:14:45","guid":{"rendered":"http:\/\/agroicultura.com\/general\/?p=5625"},"modified":"2014-10-22T11:36:13","modified_gmt":"2014-10-22T09:36:13","slug":"txemacan-y-sus-imprevisibles-monstruos","status":"publish","type":"post","link":"https:\/\/agroicultura.com\/general\/txemacan-y-sus-imprevisibles-monstruos\/","title":{"rendered":"Txemac\u00e1n y sus imprevisibles monstruos"},"content":{"rendered":"<p>Una rese\u00f1a de<strong> Gaspar Oliver<\/strong><\/p>\n<p><span style=\"font-size: large;\"> \u201c\u00a1Se\u00f1oras y se\u00f1ores! No olviden que el peor monstruo es el que cada uno de ustedes lleva dentro\u201d, proclama el Profesor Jam\u00f3n al despedir al p\u00fablico a punto de abandonar \u201cLa Barraca de los Monstruos\u201d. Un p\u00fablico que sale con los ojos llenos de bichos antropom\u00f3rficos obra del artista pl\u00e1stico <a href=\"http:\/\/txemacantropus.blogspot.com.es\/\" target=\"_blank\">Txemac\u00e1ntropus<\/a> (Jos\u00e9 Mar\u00eda Sanchez en el Registro Civil), y la c\u00e1ustica imagen de Mat\u00edas Orozco, la fiera creada por Antonia Bueno y prodigiosamente interpretada por Ana Mill\u00e1s<\/span><\/p>\n<p><span style=\"font-size: large;\"> \u201cLa Barraca de los Monstruos\u201d ha sido uno de los espect\u00e1culos presentados en <a href=\"http:\/\/russafaescenica.com\/\" target=\"_blank\">Russafa Esc\u00e8nica<\/a> (barrio de Ruzafa, Valencia), un festival en el que se coordinan las artes esc\u00e9nicas y las artes pl\u00e1sticas. Se ha representado entre el 18 y el 29 de septiembre en la galer\u00eda-caf\u00e9 <a href=\"http:\/\/agroicultura.com\/general\/galeria-imprevisual-mercado-e-intercambio-de-cultura\/\" target=\"_blank\">Imprevisual<\/a>, dirigida por Ar\u00edstides Rosell. (Calle Doctor Sums\u00ed, 35, bajo, Valencia)<\/span><\/p>\n<p><span style=\"font-size: large;\"> <a href=\"http:\/\/agroicultura.com\/general\/wp-content\/uploads\/2014\/10\/barraca.jpg\"><img loading=\"lazy\" decoding=\"async\" class=\"alignleft size-medium wp-image-5627\" src=\"http:\/\/agroicultura.com\/general\/wp-content\/uploads\/2014\/10\/barraca-300x425.jpg\" alt=\"barraca\" width=\"300\" height=\"425\" srcset=\"https:\/\/agroicultura.com\/general\/wp-content\/uploads\/2014\/10\/barraca-300x425.jpg 300w, https:\/\/agroicultura.com\/general\/wp-content\/uploads\/2014\/10\/barraca-601x850.jpg 601w, https:\/\/agroicultura.com\/general\/wp-content\/uploads\/2014\/10\/barraca.jpg 679w\" sizes=\"auto, (max-width: 300px) 100vw, 300px\" \/><\/a>Coordinaci\u00f3n intensa y larga. Todo un verano de caluroso empe\u00f1o. La dramaturgia de Antonia Bueno muestra a un tipo soez al que acaban de despedir por chorizo de una industria situada en un pol\u00edgono industrial. El sujeto encuentra un euro en el suelo insalubre de un t\u00fanel de acceso al Metro, y empieza a delirar sobre lo que puede hacer con \u00e9l. Los monstruos son los siete pecados capitales. <\/span><\/p>\n<p><span style=\"font-size: large;\"> Antonia decidi\u00f3 envolver la historia en una atm\u00f3sfera de comedia \u00e1cida, con rasgos de feria popular antigua y castiza. Ella misma interpret\u00f3 el papel del anzuelo-chill\u00f3n que a la puerta de la barraca atrae a los espectadores. Para ello compuso el uniforme astroso de un h\u00fasar centrifugado de una guerra anacr\u00f3nica. Para ataviar al mastuerzo Mat\u00edas Orozco se atuvo a la idea de la farsa cl\u00e1sica, porque Ana Mill\u00e1s incluso llevaba una m\u00e1scara equivalente al prosop\u00f3n del estereotipado golfo de la comedia \u00e1tica, un tipo zafio, malhablado, guarro y entregado a sus m\u00e1s bajas pasiones. Llegar a configurarlo y personificarlo les cost\u00f3 a Antonia Bueno y a Ana Mill\u00e1s tres meses de caluroso e intenso trabajo.<\/span><\/p>\n<p>&nbsp;<\/p>\n<div id=\"attachment_5626\" style=\"width: 328px\" class=\"wp-caption alignright\"><a href=\"http:\/\/agroicultura.com\/general\/wp-content\/uploads\/2014\/10\/anamatias.jpg\"><img loading=\"lazy\" decoding=\"async\" aria-describedby=\"caption-attachment-5626\" class=\"size-medium wp-image-5626\" src=\"http:\/\/agroicultura.com\/general\/wp-content\/uploads\/2014\/10\/anamatias-318x425.jpg\" alt=\"Ana Mill-as-Mat\u00edas Orozco\" width=\"318\" height=\"425\" srcset=\"https:\/\/agroicultura.com\/general\/wp-content\/uploads\/2014\/10\/anamatias-318x425.jpg 318w, https:\/\/agroicultura.com\/general\/wp-content\/uploads\/2014\/10\/anamatias-637x850.jpg 637w, https:\/\/agroicultura.com\/general\/wp-content\/uploads\/2014\/10\/anamatias.jpg 720w\" sizes=\"auto, (max-width: 318px) 100vw, 318px\" \/><\/a><p id=\"caption-attachment-5626\" class=\"wp-caption-text\">Ana Mill\u00e1s-Mat\u00edas Orozco<\/p><\/div>\n<p><span style=\"font-size: large;\">La colaboraci\u00f3n pl\u00e1stica necesaria, seg\u00fan el modelo de <i>Russafa Esc\u00e8nica<\/i>, no pudo ser otra que la de <a href=\"http:\/\/agroicultura.com\/general\/txema-can-ilustrador-compulsivo-y-genial\/\" target=\"_blank\">Txemac\u00e1ntropus<\/a>, uno de los mejores artistas gr\u00e1ficos en el panorama espa\u00f1ol, y buen amigo de Antonia y del autor de esta rese\u00f1a.<\/span><\/p>\n<p><span style=\"font-size: large;\"> Txema acept\u00f3 la propuesta sin vacilar. Un compromiso que inclu\u00eda la exposici\u00f3n de una serie de lienzos en la galer\u00eda Imprevisual. Para empezar se trataba de poner siete caras a los siete pecados capitales. Txema trabaj\u00f3 con su fuerza de creador humilde y franco, y pose\u00eddo por el don del genio (incomprendido). Conozco a Txema desde hace a\u00f1os y todav\u00eda no he podido averiguar de donde saca ese mundo de faunos, hadas-brujas, h\u00e9roes y villanos, que entronca con la mitolog\u00eda griega e hind\u00fa. Txema es un tipo normal, t\u00edmido, que aborrece el estr\u00e9s de la competitividad. Y en sus dibujos y lienzos lo que se representa con nitidez son los vicios y dolencias de esta sociedad volcada en el telespect\u00e1culo, en las tarjetas opacas y la sangre contaminada de los infelices enfermos de \u00e9bola. <\/span><\/p>\n<p><span style=\"font-size: large;\"> Como algunos artistas, est\u00e1 tocado por el ala de una musa cruel, porque llevar dentro de uno ese mundo no debe ser nada f\u00e1cil. <\/span><\/p>\n<p><span style=\"font-size: large;\"> Los dibujos que Txema hizo de los pecados capitales fueron pasmosamente adecuados al texto de Antonia. Para Ana, representar al mastuerzo Orozco fue m\u00e1s accesible (aunque igual de costoso), porque la dramaturgia de Antonia y la imaginaci\u00f3n pl\u00e1stica de Txema le facilitaron el camino.<\/span><\/p>\n<p><span style=\"font-size: large;\"> <a href=\"http:\/\/agroicultura.com\/general\/wp-content\/uploads\/2014\/10\/IMG_0296-copia.jpg\"><img loading=\"lazy\" decoding=\"async\" class=\"aligncenter size-large wp-image-5629\" src=\"http:\/\/agroicultura.com\/general\/wp-content\/uploads\/2014\/10\/IMG_0296-copia-850x617.jpg\" alt=\"IMG_0296 copia\" width=\"850\" height=\"617\" srcset=\"https:\/\/agroicultura.com\/general\/wp-content\/uploads\/2014\/10\/IMG_0296-copia-850x617.jpg 850w, https:\/\/agroicultura.com\/general\/wp-content\/uploads\/2014\/10\/IMG_0296-copia-425x308.jpg 425w\" sizes=\"auto, (max-width: 850px) 100vw, 850px\" \/><\/a>A la vez, Txemac\u00e1ntropus compon\u00eda sus lienzos quim\u00e9ricos en el retiro estival de Bugarra, una localidad serrana abrazada por el r\u00edo Turia y acosada por los fantasmas de bosques chamuscados hasta la ra\u00edz. Son lienzos sobrios, en acr\u00edlico negro, que a m\u00ed me parecen alusiones ir\u00f3nicas al romanticismo europeo y del surrealismo del pasado siglo. Pongo por ejemplo el titulado \u201cSue\u00f1o\u201d, que puede ser una interpretaci\u00f3n llena de chunga (y excelentemente ejecutada) de \u201c<a href=\"http:\/\/es.wikipedia.org\/wiki\/Anne-Louis_Girodet_de_Roussy-Trioson#mediaviewer\/File:Girodet_-_Sommeil_Endymion.jpg\" target=\"_blank\">El sue\u00f1o de Endimi\u00f3n<\/a>\u201d, de <a href=\"http:\/\/es.wikipedia.org\/wiki\/Anne-Louis_Girodet_de_Roussy-Trioson\" target=\"_blank\">Girodet-Trioson<\/a>.\u00a0En cuanto al cachondeo surrealista, incito al lector a que visite la exposici\u00f3n, abierta hasta el 30 de noviembre, para comprobar por su cuenta lo que estoy revelando.<\/span><\/p>\n<p><span style=\"font-size: large;\"> <a href=\"http:\/\/agroicultura.com\/general\/wp-content\/uploads\/2014\/10\/la-foto-41.jpg\"><img loading=\"lazy\" decoding=\"async\" class=\"alignleft size-medium wp-image-5635\" src=\"http:\/\/agroicultura.com\/general\/wp-content\/uploads\/2014\/10\/la-foto-41-425x271.jpg\" alt=\"la foto 4\" width=\"425\" height=\"271\" srcset=\"https:\/\/agroicultura.com\/general\/wp-content\/uploads\/2014\/10\/la-foto-41-425x271.jpg 425w, https:\/\/agroicultura.com\/general\/wp-content\/uploads\/2014\/10\/la-foto-41.jpg 794w\" sizes=\"auto, (max-width: 425px) 100vw, 425px\" \/><\/a>No fue una labor de coser y cantar, porque Temac\u00e1ntropus mantuvo incontables reuniones y conversaciones con Antonia para detallar, ajustar y redefinir sus creaciones, que fueron plasmadas en un audiovisual, proyectado a la espalda de Ana-Mat\u00edas, con el que la actriz interactu\u00f3 a lo largo de toda la obra. En el audiovisual intervino Javier S\u00e1nchez, otro &#8220;monstruo&#8221; del grafismo. Con su equipamiento tecnol\u00f3gico y con su ingenio compuso la base iconogr\u00e1fica en movimiento que acompa\u00f1\u00f3 los delirios del mastuerzo acosado por los fantasmas capitales.<\/span><\/p>\n<p>&nbsp;<\/p>\n<p><span style=\"font-size: large;\"> Las representaciones de \u201cLa Barraca de los Monstruos\u201d tuvieron el efecto esperado: conmover al espectador y hacerle pasar un buen rato moral y culturalmente condimentado. La obra y la exposici\u00f3n son un ejemplo de la excelencia que puede alcanzar un equipo humano unido en torno a una causa est\u00e9tica. Y a la vez un ejemplo del desinter\u00e9s y la largueza que sobra a espuertas en el mundo de la creaci\u00f3n espa\u00f1ola, donde son tantos los que aportan fuerza y genio y tan pocos, con frecuencia los falsarios, los que se llevan la tajada.<\/span><\/p>\n<p>&nbsp;<\/p>\n<p>&nbsp;<\/p>\n","protected":false},"excerpt":{"rendered":"<p>Una rese\u00f1a de Gaspar Oliver \u201c\u00a1Se\u00f1oras y se\u00f1ores! No olviden que el peor monstruo es el que cada uno de ustedes lleva dentro\u201d, proclama el Profesor Jam\u00f3n al despedir al p\u00fablico a punto de abandonar \u201cLa Barraca de los Monstruos\u201d. Un p\u00fablico que sale con los ojos llenos de bichos antropom\u00f3rficos obra del artista pl\u00e1stico [&hellip;]<\/p>\n","protected":false},"author":2,"featured_media":5632,"comment_status":"open","ping_status":"open","sticky":false,"template":"","format":"standard","meta":{"footnotes":"","jetpack_publicize_message":"","jetpack_publicize_feature_enabled":true,"jetpack_social_post_already_shared":false,"jetpack_social_options":{"image_generator_settings":{"template":"highway","default_image_id":0,"font":"","enabled":false},"version":2}},"categories":[25],"tags":[],"class_list":["post-5625","post","type-post","status-publish","format-standard","has-post-thumbnail","hentry","category-cultura-y-comunicacion"],"jetpack_publicize_connections":[],"jetpack_featured_media_url":"https:\/\/agroicultura.com\/general\/wp-content\/uploads\/2014\/10\/Ana-Txema-y-To\u00f1i-cuadros-Barraca.jpg","jetpack_shortlink":"https:\/\/wp.me\/p4Dh6a-1sJ","jetpack-related-posts":[],"_links":{"self":[{"href":"https:\/\/agroicultura.com\/general\/wp-json\/wp\/v2\/posts\/5625","targetHints":{"allow":["GET"]}}],"collection":[{"href":"https:\/\/agroicultura.com\/general\/wp-json\/wp\/v2\/posts"}],"about":[{"href":"https:\/\/agroicultura.com\/general\/wp-json\/wp\/v2\/types\/post"}],"author":[{"embeddable":true,"href":"https:\/\/agroicultura.com\/general\/wp-json\/wp\/v2\/users\/2"}],"replies":[{"embeddable":true,"href":"https:\/\/agroicultura.com\/general\/wp-json\/wp\/v2\/comments?post=5625"}],"version-history":[{"count":7,"href":"https:\/\/agroicultura.com\/general\/wp-json\/wp\/v2\/posts\/5625\/revisions"}],"predecessor-version":[{"id":5669,"href":"https:\/\/agroicultura.com\/general\/wp-json\/wp\/v2\/posts\/5625\/revisions\/5669"}],"wp:featuredmedia":[{"embeddable":true,"href":"https:\/\/agroicultura.com\/general\/wp-json\/wp\/v2\/media\/5632"}],"wp:attachment":[{"href":"https:\/\/agroicultura.com\/general\/wp-json\/wp\/v2\/media?parent=5625"}],"wp:term":[{"taxonomy":"category","embeddable":true,"href":"https:\/\/agroicultura.com\/general\/wp-json\/wp\/v2\/categories?post=5625"},{"taxonomy":"post_tag","embeddable":true,"href":"https:\/\/agroicultura.com\/general\/wp-json\/wp\/v2\/tags?post=5625"}],"curies":[{"name":"wp","href":"https:\/\/api.w.org\/{rel}","templated":true}]}}