{"id":882,"date":"2012-10-02T08:11:44","date_gmt":"2012-10-02T06:11:44","guid":{"rendered":"http:\/\/perinquiets.com\/?p=882"},"modified":"2023-03-30T17:29:43","modified_gmt":"2023-03-30T15:29:43","slug":"la-expedicion-de-moncey-sobre-valencia-primer-fracaso-de-un-mariscal-napoleonico","status":"publish","type":"post","link":"https:\/\/agroicultura.com\/general\/la-expedicion-de-moncey-sobre-valencia-primer-fracaso-de-un-mariscal-napoleonico\/","title":{"rendered":"La expedici\u00f3n de Moncey sobre Valencia. Primer fracaso de un mariscal napole\u00f3nico."},"content":{"rendered":"<p>Un ensayo hist\u00f3rico de<strong> Jos\u00e9 R. Cumplido<\/strong><\/p>\n<p><em>Primera de dos partes<\/em><\/p>\n<p align=\"JUSTIFY\">Durante el mes de junio de 1808 tuvo lugar la expedici\u00f3n del Mariscal Moncey a Valencia, episodio que acabar\u00eda convirti\u00e9ndose en el primer fracaso de un mariscal napole\u00f3nico. Enclaustrada entre dos mitos, el levantamiento del 2 de mayo en Madrid y la victoria de Bail\u00e9n el 18 de julio de 1808, esta expedici\u00f3n y la defensa de la ciudad realizada casi exclusivamente por civiles, han sido relegadas en la historiograf\u00eda.<\/p>\n<p align=\"JUSTIFY\">\u00a0A mediados del mes de mayo de 1808, las noticias acerca de la abdicaci\u00f3n de la familia real espa\u00f1ola en favor de Napole\u00f3n y de la sublevaci\u00f3n de Madrid hab\u00edan soliviantado a los habitantes de Valencia. El 23 de mayo, un modesto comerciante se present\u00f3 ante la multitud y con osad\u00eda le declaraba la guerra a Napole\u00f3n. La muchedumbre protagoniz\u00f3 violentos tumultos contra los ciudadanos franceses que hubieron de ser recluidos en el fuerte de la Ciudadela para proteger sus vidas. Sin embargo, la noche del 5 de junio la turba, a cuyo frente se encontraba el jesuita Baltasar Calvo, penetr\u00f3 en la Ciudadela y degoll\u00f3 a 200 franceses. A la ma\u00f1ana siguiente, otros 140 franceses que hab\u00edan sobrevivido protegidos por religiosos, fueron asesinados cuando iban a ser trasladados.<\/p>\n<div id=\"attachment_883\" style=\"width: 278px\" class=\"wp-caption aligncenter\"><a href=\"http:\/\/agroicultura.com\/wp-content\/uploads\/2012\/10\/image002.jpg\"><img loading=\"lazy\" decoding=\"async\" aria-describedby=\"caption-attachment-883\" class=\" wp-image-883 \" title=\"image002\" src=\"http:\/\/agroicultura.com\/wp-content\/uploads\/2012\/10\/image002.jpg\" alt=\"\" width=\"268\" height=\"196\" \/><\/a><p id=\"caption-attachment-883\" class=\"wp-caption-text\">Asesinato de franceses en Valencia, seg\u00fan aparece en la obra de PR\u00cdNCIPE, Miguel Agust\u00edn: \u201cGuerra de la Independencia. Narraci\u00f3n hist\u00f3rica de los acontecimientos de aquella \u00e9poca\u201d, (3 Vols.), Imp. del Siglo a cargo de Ivo Biosca, Madrid 1846, Vol. 2, p 203.<\/p><\/div>\n<p align=\"JUSTIFY\"><strong>Las disposiciones de Napole\u00f3n<\/strong><\/p>\n<p align=\"JUSTIFY\">Con anterioridad a estos sucesos, las noticias que le llegaban a Napole\u00f3n en Bayona eran que la sublevaci\u00f3n en Valencia no estaba consolidada. A esto se sumaba la eventualidad de que Inglaterra aprovechara la situaci\u00f3n para desembarcar un contingente en la costa mediterr\u00e1nea, por lo que el 30 de mayo Napole\u00f3n envi\u00f3 \u00f3rdenes a Murat para intervenir en Valencia y restablecer as\u00ed el orden:<\/p>\n<p align=\"JUSTIFY\">\u00a0<em>El mariscal Moncey con toda su primera divisi\u00f3n de infanter\u00eda, sus doce piezas de artiller\u00eda, 800 hombres de caballer\u00eda francesa y cuatro piezas de artiller\u00eda ligera, en total cerca de 9000 hombres (&#8230;) se pondr\u00e1 en movimiento para tomar posici\u00f3n en Cuenca, capital de la provincia de ese nombre (1)<br \/>\n<\/em><\/p>\n<p align=\"JUSTIFY\">\u00a0El mariscal Bon Adrien Jeanot de Moncey, de 54 a\u00f1os de edad en 1808, movilizar\u00eda la Divisi\u00f3n del general Musnier con 7750 hombres (1\u00ba, 2\u00ba y 3\u00ba regimientos provisionales al mando del general Brun y el 4\u00ba regimiento provisional y el batall\u00f3n de Westfalia al mando del pr\u00edncipe de Isembourg), la Brigada de Caballer\u00eda del general Wathier (1\u00ba y 2\u00ba regimientos provisionales de h\u00fasares) con 800 jinetes, y 16 ca\u00f1ones con 237 artilleros.<\/p>\n<p align=\"JUSTIFY\">Esta expedici\u00f3n ser\u00eda apoyada desde Catalu\u00f1a por la divisi\u00f3n del general Chabran del Cuerpo de Observaci\u00f3n de los Pirineos Orientales para <em>actuar en masa<\/em> con Moncey. Ante las noticias de Zaragoza, Chabran recibi\u00f3 \u00f3rdenes de situarse en Tortosa a la espera de marchar sobre el lugar que fuera m\u00e1s preciso, Zaragoza o Valencia, seg\u00fan la evoluci\u00f3n de los acontecimientos. Situado en Cuenca, Moncey esperar\u00eda la llegada de una Brigada espa\u00f1ola, ya que parec\u00eda indispensable la participaci\u00f3n espa\u00f1ola en una operaci\u00f3n que se consideraba de mantenimiento del orden p\u00fablico:<\/p>\n<p align=\"JUSTIFY\">\u00a0<em>Para testimoniar confianza a los espa\u00f1oles y emplearlos, designar\u00e9is a un general de brigada espa\u00f1ol, hombre de quien est\u00e9is seguro, quien, con 1500 hombres de infanter\u00eda espa\u00f1ola y 400 caballos, formar\u00e1 parte del Cuerpo del mariscal Moncey; lo que llevar\u00e1 la fuerza del Cuerpo del mariscal Moncey a 11000 hombres, y, unido a la divisi\u00f3n Chabran a 17000 hombres<\/em>. (2)<\/p>\n<p align=\"JUSTIFY\">\u00a0Esta era una fuerza inadecuada para realizar una tarea imposible. A finales de mayo, influenciado por los informes de Murat, Napole\u00f3n parec\u00eda ignorar que no se enfrentaba a simples revueltas locales sino al esp\u00edritu de una naci\u00f3n. La misi\u00f3n de Moncey requer\u00eda una marcha de m\u00e1s de 300 km (al mismo tiempo se encomendaba a Dupont una expedici\u00f3n similar de 500 km hacia Andaluc\u00eda) y, la debilidad del contingente asignado, evidenciaba que no se consideraba una verdadera operaci\u00f3n militar. Sin embargo, cab\u00eda contar con el buen hacer de Moncey, el mariscal de mayor edad y seguramente el m\u00e1s respetado, del ej\u00e9rcito imperial. Apodado <em>Fabius,<\/em> fue general de divisi\u00f3n con la Rep\u00fablica. Nombrado mariscal por Napole\u00f3n en 1804,ten\u00eda fama de ser el m\u00e1s independiente de sus mariscales, pues no deb\u00eda su carrera a los designios del Emperador.<\/p>\n<p align=\"JUSTIFY\"><a href=\"http:\/\/agroicultura.com\/wp-content\/uploads\/2012\/10\/image0041.jpg\"><img loading=\"lazy\" decoding=\"async\" class=\"alignleft wp-image-893\" title=\"image004\" src=\"http:\/\/agroicultura.com\/wp-content\/uploads\/2012\/10\/image0041.jpg\" alt=\"\" width=\"186\" height=\"300\" \/><\/a><\/p>\n<p align=\"JUSTIFY\">Una vez concluidos los preparativos, Moncey parti\u00f3 de Madrid el d\u00eda 4 de junio llegando a la villa de Pinto para pasar la noche. Al d\u00eda siguiente entr\u00f3 en Aranjuez y la marcha prosigui\u00f3 entrando el d\u00eda 6 en Santa Cruz de la Zarza, el d\u00eda 7 en Taranc\u00f3n, el 9 en Carrascosa del Campo, el 10 en Villar de Horno y, finalmente, el d\u00eda 11 en Cuenca. All\u00ed Moncey no encontr\u00f3 a las tropas espa\u00f1olas que se le hab\u00eda anunciado y, adem\u00e1s, tuvo noticia de la matanza de franceses ocurrida en Valencia unos d\u00edas antes.<\/p>\n<p align=\"JUSTIFY\"><strong>La Junta de Valencia<\/strong><\/p>\n<p align=\"JUSTIFY\">Constituida el 25 de mayo, la Junta de Valencia hab\u00eda movilizado todos los recursos a su alcance. Inicialmente no dispon\u00eda de <em>m\u00e1s tropa de l\u00ednea que 621 infantes y 357 caballos en la Capital y 8343 infantes con 841 caballos en los dos Reynos de Valencia y Murcia<\/em><sup> (3)<\/sup>. Para aumentar estos efectivos se decret\u00f3 el alistamiento de todos los varones entre 16 y 40 a\u00f1os y se levantaron <em>quatro banderas de alistamiento, tremoladas en los Conventos de Santo Domingo, y San Joseph, y en las Iglesias de nuestra Se\u00f1ora de los Desamparados, y del Salvador, en el espacio de ocho dias vi\u00e9ron presentarse en ellas un n\u00famero muy considerable de hombres que con entusiasmo solicitaban pelear contra el enemigo<\/em><em>. <\/em>Se pudo as\u00ed cubrir las plantillas de los regimientos de Saboya, Valencia y Voluntarios de Castilla, el Provincial de Soria y el de Caballer\u00eda de Numancia y levantar los nuevos regimientos de T\u00faria, Cazadores de Valencia, 2\u00ba de Saboya, 2\u00ba de Valencia, Zapadores Minadores, Voluntarios de Borb\u00f3n, Orihuela y Chelva.<\/p>\n<p align=\"JUSTIFY\">Las fuerzas reunidas por las Juntas de Valencia y Murcia, unos 35.000 hombres, fueron agrupadas en el denominado Ej\u00e9rcito de Levante, al frente del cual se puso a Felipe Carlos Osorio y Castellv\u00ed, Conde de Cervell\u00f3n, (de 50 a\u00f1os de edad entonces). El d\u00eda 2 de junio se enviaron hacia el norte a unos 3.000 hombres, entre los que se encontraba el reci\u00e9n creado regimiento del T\u00faria, al mando del mariscal de campo Francisco Salinas con la misi\u00f3n de proteger la entrada desde Catalu\u00f1a. Procedente de Murcia, lleg\u00f3 el 5 de junio a Almansa el general Pedro Gonz\u00e1lez de Llamas para bloquear la carretera que un\u00eda Madrid con Valencia y Murcia, tarea para la que contaba con unos 8400 hombres.<\/p>\n<p align=\"JUSTIFY\">El d\u00eda 8 de junio, cuando la Junta de Valencia supo de la presencia de Moncey en la ruta hacia Cuenca orden\u00f3 al mariscal de campo Pedro Adorno que organizara la defensa del desfiladero de Las Cabrillas, donde podr\u00eda establecer una posici\u00f3n defensiva muy ventajosa. Adorno dej\u00f3 Valencia el 9 de junio al frente de unos 8.000 hombres, en su mayor\u00eda voluntarios reci\u00e9n alistados. Sin embargo, Adorno estableci\u00f3 su Cuartel General en la villa de Requena el 12 de junio, y decidi\u00f3 avanzar su l\u00ednea hasta el cauce del r\u00edo Cabriel, dejando a su espalda el punto que se le hab\u00eda ordenado defender. Adorno mand\u00f3 tomar tres puentes sobre el Cabriel separados a lo largo de tres leguas. Envi\u00f3 unos 3500 hombres para hacerse con el puente de piedra de El Pajazo, el situado m\u00e1s al norte, un paso habitual entre Castilla y Valencia sumergido en la actualidad por las aguas del embalse de Contreras; unas mil varas (1.200 m) al sur se hallaba el puente de madera de Contreras, que fue inutilizado y para cuya defensa se enviaron 300 hombres; dos leguas cauce abajo se emplazar\u00eda el resto de su Divisi\u00f3n, unos 4500 hombres, defendiendo el puente de Vadoca\u00f1as que daba continuidad a una antigua v\u00eda romana.<\/p>\n<div id=\"attachment_887\" style=\"width: 372px\" class=\"wp-caption aligncenter\"><a href=\"http:\/\/agroicultura.com\/wp-content\/uploads\/2012\/10\/image006.jpg\"><img loading=\"lazy\" decoding=\"async\" aria-describedby=\"caption-attachment-887\" class=\" wp-image-887 \" title=\"image006\" src=\"http:\/\/agroicultura.com\/wp-content\/uploads\/2012\/10\/image006.jpg\" alt=\"\" width=\"362\" height=\"267\" \/><\/a><p id=\"caption-attachment-887\" class=\"wp-caption-text\">Jean Laurent y c\u00eda.: \u201cPuente del Cabriel\u201d, (hacia 1860). Situado en el entorno de Contreras, unos 1.200 metros al sur del puente de El Pajazo, la fotograf\u00eda corresponde al puente construido en la d\u00e9cada de 1850 sobre el r\u00edo Cabriel dentro del proyecto del Ingeniero de Caminos Lucio del Valle para mejorar la carretera entre Madrid y Valencia, testimoniando de igual modo el tortuoso camino y las alturas rocosas que formaban el paisaje en El Pajazo.<\/p><\/div>\n<p align=\"JUSTIFY\"><strong>Divisi\u00f3n t\u00e1ctica de las tropas espa\u00f1olas<\/strong><\/p>\n<p align=\"JUSTIFY\">Aunque las evidencias mostraban que Moncey no iba a utilizar la carretera de Almansa, el Conde de Cervell\u00f3n mantuvo su plan inicial en el convencimiento de que \u00e9sta ser\u00eda la ruta utilizada por el ej\u00e9rcito franc\u00e9s para su entrada en Valencia, por lo que el d\u00eda 14 de junio dio \u00f3rdenes al coronel Jos\u00e9 Caro de dirigirse hacia Almansa al frente del regimiento de Cazadores de Valencia. Cervell\u00f3n parti\u00f3 con 15.000 hombres y su Estado Mayor al d\u00eda siguiente hacia el mismo lugar.<\/p>\n<p align=\"JUSTIFY\">Ante este desprop\u00f3sito la Junta de Valencia orden\u00f3 que las tropas desplegadas en Almansa se dirigieran hacia Requena, aunque tan s\u00f3lo el regimiento Provincial de Murcia y el primer batall\u00f3n del Regimiento suizo Traxler n\u00ba 5 pudieron unirse a las fuerzas de Adorno, ya que el general Llamas se encontraba en la villa de Las Atalayuelas, ya en el interior de Castilla.<\/p>\n<p align=\"JUSTIFY\">\u00a0Desde Bayona el Emperador enviaba insistentes \u00f3rdenes a Murat para que acelerara el avance de Moncey. Aquejado de dolores intestinales, Murat fue sustituido por el general Savary qui\u00e9n el 17 de junio orden\u00f3 a Fr\u00e8re que se situase en Madridejos, al sur de Toledo, donde quedar\u00eda a la espera de \u00f3rdenes para partir hacia Andaluc\u00eda para unirse a Vedel y Dupont, o bien hacia Valencia para unirse a Moncey. \u00c9ste dejaba Cuenca la noche del 17 al 18 de junio siguiendo la dif\u00edcil ruta que atravesaba las monta\u00f1as al norte del r\u00edo J\u00facar y que pasaba por Requena y el desfiladero de Las Cabrillas, debido a la necesidad de continuar con premura su avance, en detrimento de la de Almansa m\u00e1s f\u00e1cil y c\u00f3moda aunque tambi\u00e9n de mayor extensi\u00f3n. Moncey envi\u00f3 mensajes a Madrid previniendo que carec\u00eda de noticias de Chabran y que ante la ausencia de la esperada Brigada espa\u00f1ola en Cuenca, no contaba m\u00e1s que con 7.000 hombres para oponerse a un ej\u00e9rcito que cifraba en 45.000 \u00f3 50.000 <em>fan\u00e1ticos.<\/em> El d\u00eda 18 los franceses entraban en T\u00f3rtola donde supieron que los espa\u00f1oles se hab\u00edan apoderado de los puentes y vados sobre el r\u00edo Cabriel. La marcha prosigui\u00f3 entrando en Motilla del Palancar al d\u00eda siguiente y en Minglanilla el d\u00eda 20. A la ma\u00f1ana del 21 de junio las vanguardias de Moncey se situaron ante el puente del Pajazo.<\/p>\n<p align=\"JUSTIFY\">\u00a0Este puente estaba defendido por 3500 hombres, en su mayor\u00eda voluntarios a excepci\u00f3n de los 890 soldados suizos del regimiento Traxler al mando del coronel del mismo nombre, a los que hab\u00eda que sumar unos 400 hombres de un batall\u00f3n de Guardias Espa\u00f1olas al mando del brigadier D. Jos\u00e9 Ignacio Marim\u00f3n. El momento de la llegada de la vanguardia francesa coincidi\u00f3 con la llegada del batall\u00f3n de Voluntarios de Requena, que escoltaban cuatro ca\u00f1ones enviados desde Valencia. El oficial de Ingenieros Quint\u00edn de Velasco construy\u00f3 un parapeto para dos de los ca\u00f1ones en un emplazamiento desde el que se bat\u00eda la salida del puente. Para proteger estos dos ca\u00f1ones se asignaron dos compa\u00f1\u00edas de suizos, mientras que el resto del batall\u00f3n Traxler, las Guardias Espa\u00f1olas y los voluntarios de Requena tomaron posici\u00f3n en las alturas inmediatas.<\/p>\n<p align=\"JUSTIFY\"><strong>Escaramuzas y retirada espa\u00f1ola a Villargordo<\/strong><\/p>\n<p align=\"JUSTIFY\">\u00a0Mientras tanto, Moncey mand\u00f3 situar dos ca\u00f1ones y un ob\u00fas en las alturas que se situaban frente a los espa\u00f1oles, desde donde apoyaron con sus disparos el ataque contra el puente. Los exploradores franceses descubrieron un vado al norte del puente, por lo que se organiz\u00f3 una segunda columna que atraves\u00f3 el r\u00edo amenazando el flanco derecho espa\u00f1ol. Al comprobar la presencia de tropas francesas en la orilla izquierda, los paisanos fueron presa del p\u00e1nico y abandonaron sus posiciones en total desorden para buscar refugio en las poblaciones de Villargordo y Caudete. El batall\u00f3n de Guardias Espa\u00f1oles se encontr\u00f3 a solas en el campo de batalla por lo que Marim\u00f3n no tuvo m\u00e1s opci\u00f3n que retirarse, consiguiendo hacerlo en orden y llegando a salvo a la villa de Mira.<\/p>\n<p align=\"JUSTIFY\">\u00a0El coronel Traxler opt\u00f3 por la retirada siguiendo a los Guardias Espa\u00f1oles y orden\u00f3 que las dos compa\u00f1\u00edas de suizos que apoyaban la artiller\u00eda mantuvieran su posici\u00f3n para proteger la retirada del resto de fuerzas espa\u00f1olas, siendo rodeados y forzados a rendirse tras sufrir unas 20 bajas (5). El resto del batall\u00f3n suizo qued\u00f3 desorientado en las monta\u00f1as durante varios d\u00edas siendo capturado por una fuerza francesa. Los franceses hab\u00edan forzado el paso por el puente del Pajazo sin dificultad tras una hora de combate y con tan s\u00f3lo nueve bajas entre muertos y heridos.<\/p>\n<p align=\"JUSTIFY\">\u00a0Adorno hab\u00eda salido esa ma\u00f1ana desde Vadoca\u00f1as hacia El Pajazo cuando se encontr\u00f3 en Villargordo con los fugitivos que hab\u00edan abandonado el combate. En lugar de reorganizar la defensa, Adorno regres\u00f3 a Vadoca\u00f1as para reagrupar sus tropas y se dirigi\u00f3 a Jorquera en Albacete. Como consecuencia de esta acci\u00f3n, Adorno fue procesado en 1810 acusado de negligencia y apartado de cualquier servicio.<\/p>\n<p align=\"JUSTIFY\">\u00a0Cuando lleg\u00f3 la noticia de la derrota en El Pajazo, la Junta de Valencia comision\u00f3 al padre Rico para valorar la situaci\u00f3n, llegando a Siete Aguas en la noche del 23. All\u00ed encontr\u00f3 unos 200 soldados, algunos artilleros y 3000 paisanos con pocas armas y menos disciplina. Tras conferenciar con el brigadier Marim\u00f3n al amanecer del 24, le otorg\u00f3 a \u00e9ste el mando con la misi\u00f3n de defender Las Cabrillas, un paso de monta\u00f1a de aproximadamente una legua de longitud que concluye entre dos alturas que forman el desfiladero de El Portillo de unas mil varas de largo, un lugar angosto donde el mariscal Adorno hubiera podido establecer una magn\u00edfica posici\u00f3n con los 8000 hombres de los que dispon\u00eda.<\/p>\n<p align=\"JUSTIFY\">\u00a0Sin embargo, en aquellos momentos Marim\u00f3n s\u00f3lo pod\u00eda organizar la defensa con unos recursos muy menguados. El brigadier situ\u00f3 en su izquierda al reci\u00e9n creado regimiento de L\u00edria, a vanguardia del cual se hallaba en orden abierto una compa\u00f1\u00eda de los Cazadores de Fernando VII, tambi\u00e9n de reciente creaci\u00f3n, mientras que en el centro del desfiladero, al mando del capit\u00e1n Gam\u00edndez del regimiento Saboya, dispuso dos ca\u00f1ones y un ob\u00fas y apoyados por un pu\u00f1ado de jinetes y los soldados veteranos de los que dispon\u00eda, todos ellos provenientes de las fuerzas que se retiraron del Pajazo y que consist\u00edan en unos 300 hombres de las Guardias Espa\u00f1olas, una compa\u00f1\u00eda del regimiento Saboya y 60 supervivientes del batall\u00f3n Traxler. En su derecha, en las alturas de La Serretilla, situ\u00f3 el resto del batall\u00f3n de Cazadores de Fernando VII y el gran n\u00famero de paisanos que hab\u00edan acudido desde las poblaciones cercanas. De la calidad de estas tropas baste decir que el historiador brit\u00e1nico Charles Oman cuenta que fueron instruidas en el combate en orden cerrado un d\u00eda antes de la llegada de Moncey (6).<\/p>\n<p align=\"JUSTIFY\"><strong>M\u00e1s desbandadas de tropas inexpertas<\/strong><\/p>\n<p align=\"JUSTIFY\">Tras forzar el paso en El Pajazo, Moncey entr\u00f3 el d\u00eda 23 en la villa de Utiel y hacia las 11 de la ma\u00f1ana del d\u00eda 24 se situaba en Venta Quemada, a la entrada de Las Cabrillas, donde dio \u00f3rdenes de disponer tres columnas que atacar\u00edan respectivamente el norte, el centro y el sur del dispositivo espa\u00f1ol. Hacia las 3 de la tarde comenz\u00f3 el ataque franc\u00e9s y tras afrontar unas pocas descargas de fusiler\u00eda, los inexpertos soldados del regimiento de L\u00edria abandonaron sus posiciones y comenzaron una desesperada hu\u00edda en la que fueron presa f\u00e1cil de la caballer\u00eda francesa.<\/p>\n<p align=\"JUSTIFY\">\u00a0La segunda columna formada por las compa\u00f1\u00edas de \u00e9lite de cada unidad, al mando del general Harispe, se dirigi\u00f3 contra el ala derecha espa\u00f1ola, formada por los Cazadores de Fernando VII y los paisanos que, una vez m\u00e1s, se dispersaron con las primeras descargas de los soldados franceses. En medio de la desbandada general, incluso el padre Rico abandon\u00f3 su caballo para huir con mayor facilidad.<\/p>\n<p align=\"JUSTIFY\">\u00a0Despu\u00e9s de haber tomado los extremos del desfiladero, la tercera columna francesa, formada por la caballer\u00eda del general Wathier y una bater\u00eda de seis ca\u00f1ones, ten\u00eda el campo libre para atacar El Portillo. All\u00ed se desplegaban las \u00fanicas tropas espa\u00f1olas veteranas presentes en el lugar, que fueron arrolladas por la carga de la caballer\u00eda francesa. Con tan s\u00f3lo 50 bajas, el ej\u00e9rcito franc\u00e9s hab\u00eda causado 100 muertos, capturado 500 prisioneros y dispersado todas las unidades espa\u00f1olas presentes.<\/p>\n<p align=\"JUSTIFY\"><strong>Saqueo de Bu\u00f1ol<\/strong><\/p>\n<p align=\"JUSTIFY\">\u00a0El d\u00eda 25 Moncey se detuvo en Venta de Bu\u00f1ol para esperar la llegada de la artiller\u00eda y aprovech\u00f3 el momento para enviar un mensaje a la Junta de Valencia exigiendo la entrada libre en la ciudad para evitar m\u00e1s derramamiento de sangre, opci\u00f3n que fue rechazada por la Junta. El tiempo de espera fue aprovechado por los soldados franceses para darse al saqueo de la villa de Bu\u00f1ol donde azotaron al p\u00e1rroco de la iglesia y fusilaron al sacerdote que guardaba la ermita, cuyo cad\u00e1ver fue expuesto junto al cuerpo de dos cerdos (7). Moncey orden\u00f3 castigar a los responsables, pues hab\u00eda prohibido el saqueo, pero tal episodio evidenciaba la rabia que estaban acumulado sus hombres ante las noticias de la matanza de los franceses de Valencia.<\/p>\n<p style=\"text-align: center;\" align=\"JUSTIFY\"><a href=\"http:\/\/agroicultura.com\/wp-content\/uploads\/2012\/10\/image0081.jpg\"><img loading=\"lazy\" decoding=\"async\" class=\"aligncenter wp-image-889\" title=\"image008\" src=\"http:\/\/agroicultura.com\/wp-content\/uploads\/2012\/10\/image0081.jpg\" alt=\"\" width=\"319\" height=\"203\" \/><\/a><\/p>\n<div id=\"attachment_890\" style=\"width: 322px\" class=\"wp-caption aligncenter\"><a href=\"http:\/\/agroicultura.com\/wp-content\/uploads\/2012\/10\/image010.jpg\"><img loading=\"lazy\" decoding=\"async\" aria-describedby=\"caption-attachment-890\" class=\" wp-image-890 \" title=\"image010\" src=\"http:\/\/agroicultura.com\/wp-content\/uploads\/2012\/10\/image010.jpg\" alt=\"\" width=\"312\" height=\"210\" \/><\/a><p id=\"caption-attachment-890\" class=\"wp-caption-text\">Jean Laurent y c\u00eda.: \u201cTrazado de la Carretera\u201d y \u201cZig-zag de Las Cabrillas\u201d, (hacia 1860). Ambas corresponden nuevamente a la carretera construida en la d\u00e9cada de 1850 por el Ingeniero de Caminos Lucio del Valle pero ilustra a la perfecci\u00f3n lo retorcido del camino y la dificultad que supon\u00eda atravesar la Sierra de Las Cabrillas.<\/p><\/div>\n<p align=\"JUSTIFY\"><strong>Moncey advierte a las autoridades valencianas<\/strong><\/p>\n<p align=\"JUSTIFY\">El d\u00eda 26 de junio el ej\u00e9rcito franc\u00e9s lleg\u00f3 a Chiva, situada a 4 leguas de Valencia. Desde all\u00ed Moncey envi\u00f3 un nuevo mensaje a Valencia en el que se mostraba todav\u00eda conciliador:<\/p>\n<p align=\"JUSTIFY\">\u00a0<em>Ma\u00f1ana continuar\u00e9 mi marcha hacia Valencia: las tropas francesas ser\u00e1n all\u00ed la protecci\u00f3n y el apoyo de las Autoridades leg\u00edtimas. \u00danicamente los asesinos ser\u00e1n castigados por autoridad de sus Magistrados y seg\u00fan las leyes del Pa\u00eds. <\/em>Durante la noche, Moncey recibi\u00f3 la respuesta de la Junta en la que \u00e9sta se declaraba <em>decidida a repeler la fuerza con la fuerza, para sostener sus derechos sagrados y aquellos de su jurado Soberano el Sr. D. Fernando VII (8)<\/em>.<\/p>\n<p align=\"JUSTIFY\">\u00a0En Valencia se hab\u00eda dado orden de armar a todo aqu\u00e9l que fuera capaz de empu\u00f1ar un arma para levantar una nueva fuerza que contuviera a Moncey a la espera del socorro de las tropas de Cervell\u00f3n. Mientras tanto, el regimiento de Cazadores de Valencia, al mando del coronel Caro hab\u00eda conseguido llegar a la villa de Catarroja el 25 de junio y se incorporaba a la defensa de la ciudad. \u00c9sta hab\u00eda sido encomendada al brigadier D. Felipe de Saint Marc, que pretend\u00eda establecer una l\u00ednea de defensa en la acequia de Mestalla. Tras conocer que Moncey hab\u00eda atravesado Las Cabrillas, el d\u00eda 26 de junio retrocedi\u00f3 hasta la ermita de San Onofre, junto a la villa de Quart. Se inutiliz\u00f3 el puente del camino de Quart, se colocaron obst\u00e1culos en sus inmediaciones y se dispusieron tres ca\u00f1ones para batir la salida del puente. Se contaba con otros cuatro ca\u00f1ones, pero no hab\u00eda munici\u00f3n para ellos.<\/p>\n<p align=\"JUSTIFY\">\u00a0Ese mismo d\u00eda se recibi\u00f3 otro mensaje de Moncey en el que dec\u00eda que <em>aquella tarde entrar\u00eda en la ciudad, y que sus tropas no perdonar\u00edan \u00e1 hombres, ni a<\/em><em> mugeres, ni a ni\u00f1os; ni dexarian piedra sobre piedra, puesto que le hacian tan obstinada resistencia<\/em><em> (9).<\/em><\/p>\n<p align=\"JUSTIFY\">El ala derecha del despliegue espa\u00f1ol al mando de Saint Marc se apoyaba en la villa de Manises, situada en la orilla sur del r\u00edo T\u00faria, el puente sobre el cual fue inutilizado. Aqu\u00ed se encontraban el regimiento Provincial de Soria, un batall\u00f3n del regimiento de Saboya y una secci\u00f3n del regimiento de Am\u00e9rica. El centro espa\u00f1ol, desplegado entorno a la ermita de San Onofre, estar\u00eda al mando de Caro incluyendo al regimiento de Cazadores de Valencia y a los supervivientes de las Guardias Espa\u00f1olas y los suizos del Traxler. Tras ellos se situar\u00eda la \u00fanica fuerza de caballer\u00eda disponible, unos 150 jinetes del reci\u00e9n formado escuadr\u00f3n de los Cazadores de la Maestranza y un escuadr\u00f3n de los Dragones de Numancia. En torno a la poblaci\u00f3n de Aldaia se situar\u00eda el brigadier Marim\u00f3n al mando del regimiento Provincial de Murcia, el regimiento de Tiradores del Reino de Valencia y dos batallones de paisanos. En total unos 8000 hombres, de los que mil eran veteranos.<\/p>\n<p align=\"JUSTIFY\"><a href=\"http:\/\/agroicultura.com\/?p=947\">Segunda Parte, aqu\u00ed.<\/a><\/p>\n<p>____________________<\/p>\n<p>Notas<\/p>\n<p align=\"JUSTIFY\">1.- <span style=\"font-size: small;\">Carta de Napole\u00f3n \u201c<\/span><span style=\"font-size: small;\"><em>A Joachim, Grand-Duc de Berg, lieutenant g\u00e9n\u00e9ral du royaume d&#8217;Espagne, \u00e0 Madrid<\/em><\/span><span style=\"font-size: small;\">\u201d, fechada en Bayona el 30 de mayo de 1808.<\/span><\/p>\n<p align=\"JUSTIFY\">2.- Idem<\/p>\n<p align=\"JUSTIFY\">3.- AN\u00d3NIMO: <strong>\u201cManifiesto que hace la Junta Superior de Observaci\u00f3n del Reyno de Valencia, de los servicios y heroycos esfuerzos prestados por este desde el d\u00eda 23 de mayo de 1808, a favor de la libertad \u00e9 independencia de la naci\u00f3n y de los derechos de su Augusto y Leg\u00edtimo Soberano El sr. D. Fernando S\u00e9ptimo, de eterna memoria\u201d, <\/strong>Sin lugar de impresi\u00f3n, 1809, p 5.<\/p>\n<p align=\"JUSTIFY\">4.- Idem, pp 8 y 9.<\/p>\n<p align=\"JUSTIFY\">5.- <span style=\"font-size: small;\">PRIEGO L\u00d3PEZ, Juan:<\/span><span style=\"font-size: small;\"><strong> \u201cHistoria de la Guerra de la Independencia\u201d <\/strong><\/span><span style=\"font-size: small;\">(9 vols.), Editorial San Martin, 1972-2007, Vol. 2 (1972), pp 88 y 89.<\/span><\/p>\n<p>6.- OMAN, Charles: <strong>\u201cA history of the Peninsular War, Vol. 1 (1807-1809): from the Treaty of Fontainebleau to the battle of Corunna\u201d<\/strong>, Clarendon Press, Oxford 1902, p 134.<\/p>\n<p align=\"JUSTIFY\">7.-MART\u00cdNEZ COLOMER, Vicente: <strong>\u201cSucesos de Valencia desde el d\u00eda 23 de mayo hasta el 28 de junio del a\u00f1o 1808\u201d, <\/strong>Imprenta de Salvador Faul\u00ed, Valencia 1810, p 70.<\/p>\n<p align=\"JUSTIFY\">8.- GENOV\u00c9S,AMOR\u00d3S, Vicent: \u201cVal\u00e8ncia contra Napole\u00f3\u201d, Ed. L\u2019Estel, Valencia 1967, pp 80 y 81.<\/p>\n<p align=\"JUSTIFY\">9.- MART\u00cdNEZ COLOMER , (Op.Cit.), p 95.<\/p>\n<p>&nbsp;<\/p>\n","protected":false},"excerpt":{"rendered":"<p>Un ensayo hist\u00f3rico de Jos\u00e9 R. Cumplido Primera de dos partes Durante el mes de junio de 1808 tuvo lugar la expedici\u00f3n del Mariscal Moncey a Valencia, episodio que acabar\u00eda convirti\u00e9ndose en el primer fracaso de un mariscal napole\u00f3nico. Enclaustrada entre dos mitos, el levantamiento del 2 de mayo en Madrid y la victoria de [&hellip;]<\/p>\n","protected":false},"author":4,"featured_media":11105,"comment_status":"open","ping_status":"open","sticky":false,"template":"","format":"standard","meta":{"footnotes":"","jetpack_publicize_message":"","jetpack_publicize_feature_enabled":true,"jetpack_social_post_already_shared":false,"jetpack_social_options":{"image_generator_settings":{"template":"highway","default_image_id":0,"font":"","enabled":false},"version":2}},"categories":[25],"tags":[67,75,18,191],"class_list":["post-882","post","type-post","status-publish","format-standard","has-post-thumbnail","hentry","category-cultura-y-comunicacion","tag-historia","tag-guerra","tag-valencia","tag-napoleon"],"jetpack_publicize_connections":[],"jetpack_featured_media_url":"https:\/\/agroicultura.com\/general\/wp-content\/uploads\/2012\/10\/torres-de-quart-franceses-01.jpg","jetpack_shortlink":"https:\/\/wp.me\/p4Dh6a-ee","jetpack-related-posts":[],"_links":{"self":[{"href":"https:\/\/agroicultura.com\/general\/wp-json\/wp\/v2\/posts\/882","targetHints":{"allow":["GET"]}}],"collection":[{"href":"https:\/\/agroicultura.com\/general\/wp-json\/wp\/v2\/posts"}],"about":[{"href":"https:\/\/agroicultura.com\/general\/wp-json\/wp\/v2\/types\/post"}],"author":[{"embeddable":true,"href":"https:\/\/agroicultura.com\/general\/wp-json\/wp\/v2\/users\/4"}],"replies":[{"embeddable":true,"href":"https:\/\/agroicultura.com\/general\/wp-json\/wp\/v2\/comments?post=882"}],"version-history":[{"count":1,"href":"https:\/\/agroicultura.com\/general\/wp-json\/wp\/v2\/posts\/882\/revisions"}],"predecessor-version":[{"id":11106,"href":"https:\/\/agroicultura.com\/general\/wp-json\/wp\/v2\/posts\/882\/revisions\/11106"}],"wp:featuredmedia":[{"embeddable":true,"href":"https:\/\/agroicultura.com\/general\/wp-json\/wp\/v2\/media\/11105"}],"wp:attachment":[{"href":"https:\/\/agroicultura.com\/general\/wp-json\/wp\/v2\/media?parent=882"}],"wp:term":[{"taxonomy":"category","embeddable":true,"href":"https:\/\/agroicultura.com\/general\/wp-json\/wp\/v2\/categories?post=882"},{"taxonomy":"post_tag","embeddable":true,"href":"https:\/\/agroicultura.com\/general\/wp-json\/wp\/v2\/tags?post=882"}],"curies":[{"name":"wp","href":"https:\/\/api.w.org\/{rel}","templated":true}]}}